{"id":37515,"date":"2025-11-26T11:21:19","date_gmt":"2025-11-26T09:21:19","guid":{"rendered":"https:\/\/traditia.md\/?p=37515"},"modified":"2025-11-26T11:21:19","modified_gmt":"2025-11-26T09:21:19","slug":"scriu-si-cant-pentru-steaua-pruncului-sfant-4","status":"publish","type":"post","link":"https:\/\/traditia.md\/ro\/scriu-si-cant-pentru-steaua-pruncului-sfant-4\/","title":{"rendered":"Scriu si c\u00e2nt pentru steaua Pruncului Sf\u00e2nt"},"content":{"rendered":"<p><strong><em>Aleftina Caras, <\/em><\/strong><strong><em>clasa a VI-a, Gimnaziul ,,Grigore Vieru\u201d din satul S\u0103rata Veche, raionul F\u0103le\u0219ti \u2013 participant\u0103 la Concursul de poezie cre\u0219tin\u0103 dedicat Na\u0219terii Domnului.<\/em><\/strong><\/p>\n<h5><strong>L\u0103sa\u021bi copiii s\u0103 vin\u0103 la Mine<\/strong><\/h5>\n<p>\u201eL\u0103sa\u021bi copiii s\u0103 vin\u0103 la Mine\u2026\u201d,<br \/>\n\u00cei chem zi de zi \u0219i an de an,<br \/>\nC\u00e2nd steaua bl\u00e2nd\u0103 peste lume<br \/>\nSe-aprinde peste dorul uman .<\/p>\n<p>L\u0103sa\u021bi-i s\u0103-Mi aduc\u0103 z\u00e2mbet,<br \/>\n\u0218i c\u00e2te-un fulg din visul lor,<br \/>\nC\u0103-n inimile ce bat \u00eencet<br \/>\nEu pun lumin\u0103 \u0219i fior.<\/p>\n<p>L\u0103sa\u021bi-i l\u00e2ng\u0103 ieslea sf\u00e2nt\u0103,<br \/>\nS\u0103 vad\u0103 Pruncul cum z\u00e2mbe\u0219te,<br \/>\nS\u0103-asculte pacea care c\u00e2nt\u0103<br \/>\n\u0218i dorul cum ne m\u00e2ntuie\u0219te.<\/p>\n<p>L\u0103sa\u021bi copiii s\u0103 vin\u0103 la mine,\u00a0<br \/>\nC\u0103 \u00een privirea lor g\u0103sesc<br \/>\nCr\u0103ciunul ca o lumin\u0103 vie,<br \/>\n\u0218i bun\u0103tatea ce-o tr\u0103iesc.<\/p>\n","protected":false},"excerpt":{"rendered":"<p>Aleftina Caras, clasa a VI-a, Gimnaziul ,,Grigore Vieru\u201d din satul S\u0103rata Veche, raionul F\u0103le\u0219ti \u2013 participant\u0103 la Concursul de poezie cre\u0219tin\u0103 dedicat&hellip;<\/p>\n","protected":false},"author":3,"featured_media":37516,"comment_status":"open","ping_status":"closed","sticky":false,"template":"","format":"standard","meta":{"_lmt_disableupdate":"","_lmt_disable":"","slim_seo":{"title":"Scriu si c\u00e2nt pentru steaua Pruncului Sf\u00e2nt - traditia.md","description":"Aleftina Caras, clasa a VI-a, Gimnaziul ,,Grigore Vieru\u201d din satul S\u0103rata Veche, raionul F\u0103le\u0219ti \u2013 participant\u0103 la Concursul de poezie cre\u0219tin\u0103 dedicat Na\u0219terii"},"footnotes":""},"categories":[39,38],"tags":[],"class_list":["post-37515","post","type-post","status-publish","format-standard","has-post-thumbnail","hentry","category-biserica-si-societatea","category-stiri"],"_links":{"self":[{"href":"https:\/\/traditia.md\/ro\/wp-json\/wp\/v2\/posts\/37515","targetHints":{"allow":["GET"]}}],"collection":[{"href":"https:\/\/traditia.md\/ro\/wp-json\/wp\/v2\/posts"}],"about":[{"href":"https:\/\/traditia.md\/ro\/wp-json\/wp\/v2\/types\/post"}],"author":[{"embeddable":true,"href":"https:\/\/traditia.md\/ro\/wp-json\/wp\/v2\/users\/3"}],"replies":[{"embeddable":true,"href":"https:\/\/traditia.md\/ro\/wp-json\/wp\/v2\/comments?post=37515"}],"version-history":[{"count":1,"href":"https:\/\/traditia.md\/ro\/wp-json\/wp\/v2\/posts\/37515\/revisions"}],"predecessor-version":[{"id":37518,"href":"https:\/\/traditia.md\/ro\/wp-json\/wp\/v2\/posts\/37515\/revisions\/37518"}],"wp:featuredmedia":[{"embeddable":true,"href":"https:\/\/traditia.md\/ro\/wp-json\/wp\/v2\/media\/37516"}],"wp:attachment":[{"href":"https:\/\/traditia.md\/ro\/wp-json\/wp\/v2\/media?parent=37515"}],"wp:term":[{"taxonomy":"category","embeddable":true,"href":"https:\/\/traditia.md\/ro\/wp-json\/wp\/v2\/categories?post=37515"},{"taxonomy":"post_tag","embeddable":true,"href":"https:\/\/traditia.md\/ro\/wp-json\/wp\/v2\/tags?post=37515"}],"curies":[{"name":"wp","href":"https:\/\/api.w.org\/{rel}","templated":true}]}}