{"id":37401,"date":"2025-11-18T12:49:15","date_gmt":"2025-11-18T10:49:15","guid":{"rendered":"https:\/\/traditia.md\/?p=37401"},"modified":"2025-11-18T12:49:15","modified_gmt":"2025-11-18T10:49:15","slug":"facliile-poeziilor-din-sfesnicul-sfant-de-lumina","status":"publish","type":"post","link":"https:\/\/traditia.md\/ro\/facliile-poeziilor-din-sfesnicul-sfant-de-lumina\/","title":{"rendered":"F\u0103cliile poeziilor din sfe\u0219nicul sf\u00e2nt de lumin\u0103"},"content":{"rendered":"<p><strong>Un poet la \u00eenceput de drum, seam\u0103n\u0103 cu o raz\u0103 de lumin\u0103 care abia str\u0103punge norii, versurile lui au puritatea inimii. El scrie din dor, din vis \u0219i din lacrim\u0103, l\u0103s\u00e2nd fiecare cuv\u00e2nt s\u0103 fie o \u0219oapt\u0103 a sufletului. Poezia nu caut\u0103 s\u0103 impresioneze, ci s\u0103 vindece \u0219i s\u0103 m\u00e2ng\u00e2ie. Poetul \u00eencep\u0103tor reprezint\u0103 vocea autentic\u0103 a unei sensibilit\u0103\u021bi aflate \u00een formare, p\u0103\u0219e\u0219te \u00een lumea literaturii asemenea unui copil care descoper\u0103 frumuse\u021bea prim\u0103verii. Versurile lui se nasc din emo\u021bii brute, curate, neatinse de conven\u021bii rigide, dar prin simplitate, prin sinceritatea inimii ele te cuceresc. <\/strong><\/p>\n<p>\u00cen crea\u021bia poetei <strong>Tatiana Postolachi<\/strong>, \u00een cartea <strong>\u201eA\u0219tept de-o via\u021b\u0103&#8230;\u201d<\/strong> fiecare poezie este o fr\u00e2ntur\u0103 din via\u021ba sa interioar\u0103: un dor sau o raz\u0103 de speran\u021b\u0103. \u00cen cuvintele sale, cititorul va g\u0103si ecoul propriilor tr\u0103iri, pentru c\u0103 poezia ei de suflet are darul de a fi universal\u0103, chiar \u0219i atunci c\u00e2nd se na\u0219te dintr-o experien\u021b\u0103 personal\u0103. Autoarea nu scrie pentru glorie, ci pentru nevoia de a se elibera, de a pune ordine \u00een tumultul emo\u021biilor \u0219i de a \u00eemp\u0103rt\u0103\u0219i lumii fragmente din propria sensibilitate. Credin\u021ba, drumul, dep\u0103rtarea, dorul, dragostea de copii \u0219i casa p\u0103rinteasc\u0103, de \u021bar\u0103 \u0219i de neam, de p\u0103rin\u021bi&#8230; au fost lec\u021bii de via\u021b\u0103 care i-au modelat sufletul prin ani, ca mai apoi s\u0103 urmeze facultatea de suferin\u021b\u0103 \u0219i de bun\u0103tate, unde \u0219i azi mai continue s\u0103 studieze cu dor \u0219i mare suflet, fiind o misionar\u0103 la catedra divin\u0103.<\/p>\n<p>Cu genele \u00eenrourate de dureri \u0219i patimi, urc\u0103 treptele anilor \u0219i prin cuv\u00e2ntul s\u0103u de c\u0103l\u0103tor pe p\u0103m\u00e2nt, revars\u0103 lumin\u0103 divin\u0103 cu toat\u0103 iubirea sa fa\u021b\u0103 de aproapele: <em>\u201eE ziua ta, scumpul meu copil, \/ Iar eu ast\u0103zi nu sunt l\u00e2ng\u0103 tine, \/ C\u0103ci via\u021ba mea e ca un labirint, \/ Iar al t\u0103u suflet, nu mai e cu mine.\u201d<\/em> (Poezia \u201eE ziua ta\u201d, p. 25); <em>\u201eBunele, m\u0103 m\u00e2ndresc c\u0103 sunt a ta nepoat\u0103, \/ Sunt m\u00e2ndr\u0103 c\u0103 m-am n\u0103scut \u00een \u021bara mea, \/ M\u00e2ndr\u0103, c\u0103 sunt al fiului t\u0103u fat\u0103, \/ Mi-e trist c\u0103 azi te v\u0103d ca pe o stea.\u201d<\/em> (Poezia \u201eNu voi uita\u201d, p.26).<\/p>\n<p>Cartea cu poezii de suflet \u201eA\u0219tept de-o via\u021b\u0103&#8230;\u201d scris\u0103 de poeta Tatiana Postolachi este icoan\u0103 \u0219i rug\u0103ciune, un sfe\u0219nic cu poezii \u00een f\u0103clii de lumin\u0103, care l\u0103crimeaz\u0103 cu lacrimi de cear\u0103 pentru tot ce-i mai sf\u00e2nt, pentru s\u0103n\u0103tatea celor dragi, pentru eternitatea celor pleca\u021bi, pentru iubirea ne\u00eemplinit\u0103, ne\u00eemp\u0103rt\u0103\u0219it\u0103, pentru a\u0219teptarea de-o via\u021b\u0103: <em>\u201e\u0218i poate via\u021ba-ntreag\u0103 e o a\u0219teptare, \/ Un fir de nisip dus peste valuri de v\u00e2nt\u2026 \/ Dar tot ce tr\u0103iesc \u00ee\u0219i g\u0103se\u0219te chemare , \/ C\u00e2nd caut \u00een mine un \u00eenceput de c\u00e2nt\u2026\u201d<\/em>. Poeta extrage din ad\u00e2ncul sufletului s\u0103u z\u0103c\u00e2minte de cuvinte de dor, unde glasul ei se preface \u00eentr-un zbor care-\u0219i caut\u0103 prin lumin\u0103 lini\u0219tea sufleteasc\u0103 de via\u021b\u0103.<\/p>\n<p>F\u0103cliile poeziilor din sfe\u0219nicul sf\u00e2nt de lumin\u0103 ard cu rug\u0103, necontenit \u00een sufletul poetei, cu mult dor \u0219i iubire fa\u021b\u0103 de fiin\u021ba drag\u0103 care nu o poate uita, tr\u0103ind doar din pastilele cuvintelor care mereu prin a\u0219teptare o vindec\u0103, o \u00eencurajeaz\u0103: <em>\u201eSingur\u0103! Fa\u021b\u0103-n fa\u021b\u0103 cu tainica noapte, \/ Poate-mi va \u0219opti vreo veste, m-ar judeca, \/ Iar poate g\u00e2ndurile le va spulbera, \/ Poate al meu suflet se va vindeca.\u201d<\/em> (Poezia \u201eSingur\u0103\u201d, p.46); <em>\u201eAprind o lum\u00e2nare \u0219i privesc \/ Cum sar sc\u00e2ntei din ceara \u00eenfierb\u00e2ntat\u0103. \/ Lum\u00e2narea arde mai \u00eencet, \/ Iar ale mele fantezii m\u0103-mbat\u0103\u201d.<\/em> (Poezia \u201eAprind o lum\u00e2nare\u201d, p. 48); <em>\u201eLacrima rece b\u0103tut\u0103 de v\u00e2nt, \/ Sufletul rece \u2013 departe \u00een alt\u0103 via\u021b\u0103. \/ Ochiul crunt, dar \u00eenc\u0103 bl\u00e2nd \/ Spre r\u0103s\u0103rit prive\u0219te \u0219i a\u0219teapt\u0103&#8230;\u201d<\/em>. (Poezia \u201eAm iertat, am \u00eenvins, am pl\u00e2ns\u201d, p.54).<\/p>\n<p>Revenind de peste hotare acas\u0103 peste ani, poeta \u00een\u021belege c\u0103 poemele scrise cu mare suflet de ea, nu pot s\u0103 fie \u00eenstr\u0103inate \u00een sertarul unei mese \u00eenc\u0103 mult\u0103 vreme, ci sunt chemate la lectur\u0103, la medita\u021bie c\u00e2tre alt\u0103 lume care a\u0219teapt\u0103 s\u0103 se-nfrupte din tr\u0103irile ei poetice, fiind ca ni\u0219te psalmi, ni\u0219te rug\u0103ciuni pentru inimile lor. Timid\u0103, smerit\u0103, cu bun\u0103tatea \u0219i sfiiala \u00een priviri mi-a dat acest manuscris s\u0103-l citesc, spun\u00e2ndu-mi cu buzele tremur\u00e2nde: \u201eNu \u0219tiu dac\u0103 din aceast\u0103 durere a mea de via\u021b\u0103 a\u0219ternut\u0103 \u00een aceste pagini mai pot edita \u0219i o carte?.. Lumea e plin\u0103 de patimi \u0219i at\u00e2ta durere e \u00een jur, c\u0103 numai \u0219tiu c\u0103 ale mele poezii de vor mai fi citite.\u201d<\/p>\n<p>Cu \u00eencrederea privirii mele i-am \u0219ters lacrima de pe obraz, spun\u00e2ndu-i c\u0103 are poezii frumoase de suflet \u00een carte \u0219i c\u0103 merit\u0103 s\u0103 le citeasc\u0103 \u0219i al\u021bii, evident c\u0103 au s\u0103 se reg\u0103seasc\u0103 \u0219i ei \u00een aceste lecturi poetice superbe.<\/p>\n<p>Poetei Tatiana Postolachi, autoarea c\u0103r\u021bii \u201eA\u0219tept de-o via\u021b\u0103&#8230;\u201d, \u00eempreun\u0103 cu cititorii ce vor lectura aceast\u0103 carte, \u00eei aducem felicit\u0103ri cordiale \u0219i-i multumim din suflet pentru Crucea ei de via\u021b\u0103 ce se jertfe\u0219te prin cuv\u00e2nt. \u0218i cred c\u0103 dup\u0103 aceast\u0103 lucrare divin\u0103 vor mai urma \u0219i alte c\u0103r\u021bi de poezii pentru alte genera\u021bii ce vor veni prin timp.<\/p>\n<p>V\u0103 dorim s\u0103n\u0103tate, inspira\u021bie, perseveren\u021b\u0103 \u0219i nu uita\u021bi c\u0103 sunte\u021bi o misionar\u0103 divin\u0103 chemat\u0103 de Sus ca s\u0103 t\u0103m\u0103duiti prin cuv\u00e2nt sufletele oamenilor pe p\u0103m\u00e2nt \u0219i s\u0103 rev\u0103rsa\u021bi lumina din cer \u00een cugetele celor ce vor rasfoi alte pagini de via\u021b\u0103 a sufletului dumneavoastr\u0103. Sl\u0103vit s\u0103 fie Domnul la s\u0103v\u00e2r\u0219irea aceste lucr\u0103ri menit\u0103 pentru timpurile tulbur\u0103toare apocaliptice!<\/p>\n<h4><strong>Cenaclul literar-cre\u0219tin \u201eCuv\u00e2ntul\u201d la Liceul Teoretic \u201eOrizont\u201d din Chi\u0219in\u0103u <\/strong><\/h4>\n<p><strong><em>Mul\u021bumim direc\u021biei liceului \u201eOrizont\u201d, Bibliotecii liceului \u0219i doameni Valentina Ciobanu pentru ospitalitate \u0219i buna organizare a acestei \u00eent\u00e2lniri de suflet, \u00een al c\u0103rei cadru a avut loc lansarea c\u0103r\u021bii de versuri \u201eA\u0219tept de-o via\u021b\u0103&#8230;\u201d, autoare Tatiana Postolachi, membr\u0103 a cenaclului, profesoar\u0103 de limba englez\u0103 la acela\u0219 liceu. <\/em><\/strong><\/p>\n<p>Poeta Tatiana Postolachi a tr\u0103it cele mai frumoase clipe de via\u021b\u0103, c\u00e2nd a fost c\u0103lduros felicitat\u0103 de colegii profesori \u0219i elevi din liceu. C\u00e2t de frumos au vorbit colegii despre poeta Tatiana Postolachi: <strong>Valentina Bujor<\/strong>, director adjunct; <strong>Lilia Steg\u0103rescu<\/strong>, director adjunct; <strong>Stela Negur\u0103<\/strong> \u00eempreun\u0103 cu\u00a0 Ansamblul liceului \u201eIzvora\u0219ul\u201d; <strong>Tatiana Furtun\u0103<\/strong>, profesoar\u0103 de limba rom\u00e2n\u0103, \u00eempreun\u0103 cu elevii din clasa\u00a0 V \u201eD\u201d.<\/p>\n<p><img fetchpriority=\"high\" decoding=\"async\" class=\"size-full wp-image-37412 aligncenter\" src=\"https:\/\/traditia.md\/wp-content\/uploads\/2025\/11\/lansare_liceu12.jpg\" alt=\"Lansare liceu12\" width=\"700\" height=\"498\" srcset=\"https:\/\/traditia.md\/wp-content\/uploads\/2025\/11\/lansare_liceu12.jpg 700w, https:\/\/traditia.md\/wp-content\/uploads\/2025\/11\/lansare_liceu12-300x213.jpg 300w, https:\/\/traditia.md\/wp-content\/uploads\/2025\/11\/lansare_liceu12-585x416.jpg 585w\" sizes=\"(max-width: 700px) 100vw, 700px\" \/><\/p>\n<p>Interpreta <strong>Cornelia \u0218tef\u0103ne\u021b<\/strong> a interpretat o pies\u0103 din crea\u021bia poetei Tatiana Postolachi, iar un grup de elvi au c\u00e2ntat \u0219i au recitat poezii din crea\u021bia autoarei, iar din partea Cenaclului literar-cre\u0219tin \u201eCuv\u00e2ntul\u201d i-a fost \u00eenm\u00e2nat\u0103 o diploma de gratitudine!<\/p>\n<p>Aceast\u0103 lansare a marcat un moment memorabil \u00een via\u021ba cenaclului \u0219i a liceului, demonstr\u00e2nd c\u0103 talentul \u0219i inspira\u021bia pot \u00eenflori acolo unde exist\u0103 credin\u021b\u0103, dragoste pentru educa\u021bie \u0219i art\u0103.<\/p>\n<p style=\"text-align: right;\"><strong><em>Raisa Pl\u0103ie\u0219u, <br \/>\npentru Traditia.md<\/em><\/strong><\/p>\n<p><img decoding=\"async\" class=\"alignnone size-full wp-image-37402\" src=\"https:\/\/traditia.md\/wp-content\/uploads\/2025\/11\/1a-1.jpg\" alt=\"1\u0430\" width=\"334\" height=\"245\" srcset=\"https:\/\/traditia.md\/wp-content\/uploads\/2025\/11\/1a-1.jpg 334w, https:\/\/traditia.md\/wp-content\/uploads\/2025\/11\/1a-1-300x220.jpg 300w\" sizes=\"(max-width: 334px) 100vw, 334px\" \/><img decoding=\"async\" class=\"alignnone size-full wp-image-37404\" src=\"https:\/\/traditia.md\/wp-content\/uploads\/2025\/11\/2a-1.jpg\" alt=\"2\u0430\" width=\"323\" height=\"245\" srcset=\"https:\/\/traditia.md\/wp-content\/uploads\/2025\/11\/2a-1.jpg 323w, https:\/\/traditia.md\/wp-content\/uploads\/2025\/11\/2a-1-300x228.jpg 300w\" sizes=\"(max-width: 323px) 100vw, 323px\" \/><\/p>\n<p><img loading=\"lazy\" decoding=\"async\" class=\"alignnone size-full wp-image-37406\" src=\"https:\/\/traditia.md\/wp-content\/uploads\/2025\/11\/3a-1.jpg\" alt=\"3\u0430\" width=\"276\" height=\"245\" \/><img loading=\"lazy\" decoding=\"async\" class=\"alignnone size-full wp-image-37408 alignleft\" src=\"https:\/\/traditia.md\/wp-content\/uploads\/2025\/11\/4a-1.jpg\" alt=\"4\u0430\" width=\"370\" height=\"245\" srcset=\"https:\/\/traditia.md\/wp-content\/uploads\/2025\/11\/4a-1.jpg 370w, https:\/\/traditia.md\/wp-content\/uploads\/2025\/11\/4a-1-300x199.jpg 300w, https:\/\/traditia.md\/wp-content\/uploads\/2025\/11\/4a-1-263x175.jpg 263w\" sizes=\"(max-width: 370px) 100vw, 370px\" \/><\/p>\n","protected":false},"excerpt":{"rendered":"<p>Un poet la \u00eenceput de drum, seam\u0103n\u0103 cu o raz\u0103 de lumin\u0103 care abia str\u0103punge norii, versurile lui au puritatea inimii. El&hellip;<\/p>\n","protected":false},"author":3,"featured_media":37410,"comment_status":"open","ping_status":"closed","sticky":false,"template":"","format":"standard","meta":{"_lmt_disableupdate":"","_lmt_disable":"","slim_seo":{"title":"F\u0103cliile poeziilor din sfe\u0219nicul sf\u00e2nt de lumin\u0103 - traditia.md","description":"Un poet la \u00eenceput de drum, seam\u0103n\u0103 cu o raz\u0103 de lumin\u0103 care abia str\u0103punge norii, versurile lui au puritatea inimii. El scrie din dor, din vis \u0219i din lacrim\u0103,"},"footnotes":""},"categories":[44,38],"tags":[],"class_list":["post-37401","post","type-post","status-publish","format-standard","has-post-thumbnail","hentry","category-actualitate","category-stiri"],"_links":{"self":[{"href":"https:\/\/traditia.md\/ro\/wp-json\/wp\/v2\/posts\/37401","targetHints":{"allow":["GET"]}}],"collection":[{"href":"https:\/\/traditia.md\/ro\/wp-json\/wp\/v2\/posts"}],"about":[{"href":"https:\/\/traditia.md\/ro\/wp-json\/wp\/v2\/types\/post"}],"author":[{"embeddable":true,"href":"https:\/\/traditia.md\/ro\/wp-json\/wp\/v2\/users\/3"}],"replies":[{"embeddable":true,"href":"https:\/\/traditia.md\/ro\/wp-json\/wp\/v2\/comments?post=37401"}],"version-history":[{"count":1,"href":"https:\/\/traditia.md\/ro\/wp-json\/wp\/v2\/posts\/37401\/revisions"}],"predecessor-version":[{"id":37414,"href":"https:\/\/traditia.md\/ro\/wp-json\/wp\/v2\/posts\/37401\/revisions\/37414"}],"wp:featuredmedia":[{"embeddable":true,"href":"https:\/\/traditia.md\/ro\/wp-json\/wp\/v2\/media\/37410"}],"wp:attachment":[{"href":"https:\/\/traditia.md\/ro\/wp-json\/wp\/v2\/media?parent=37401"}],"wp:term":[{"taxonomy":"category","embeddable":true,"href":"https:\/\/traditia.md\/ro\/wp-json\/wp\/v2\/categories?post=37401"},{"taxonomy":"post_tag","embeddable":true,"href":"https:\/\/traditia.md\/ro\/wp-json\/wp\/v2\/tags?post=37401"}],"curies":[{"name":"wp","href":"https:\/\/api.w.org\/{rel}","templated":true}]}}