{"id":37290,"date":"2025-11-13T09:21:26","date_gmt":"2025-11-13T07:21:26","guid":{"rendered":"https:\/\/traditia.md\/?p=37290"},"modified":"2025-11-13T09:24:38","modified_gmt":"2025-11-13T07:24:38","slug":"11-preoti-moldoveni-caterisiti-pentru-alunecarea-in-schisma","status":"publish","type":"post","link":"https:\/\/traditia.md\/ro\/11-preoti-moldoveni-caterisiti-pentru-alunecarea-in-schisma\/","title":{"rendered":"11 preo\u021bi moldoveni caterisi\u021bi pentru alunecarea \u00een schism\u0103"},"content":{"rendered":"<p><strong>La 11 noiembrie 2025, la \u0219edin\u021ba Sinodului Bisericii Ortodoxe din Moldova desf\u0103\u0219urat\u0103 sub pre\u0219edin\u021bia mitropolitului Chi\u0219in\u0103ului \u0219i al \u00eentregii Moldove Vladimir au fost adoptate, printre altele, un \u0219ir de decizii de ordin disciplinar.<\/strong><\/p>\n<p>Audiind raportul arhiepiscopului de Cahul \u0219i Comrat Anatolie privind p\u0103r\u0103sirea samavolnic\u0103 \u0219i ne\u00eentemeiat\u0103 canonic a numitei eparhii de c\u0103tre un \u0219ir de slujitori (proces verbal nr. 014), membrii Sinodului au decis:<\/p>\n<p>\u201eAv\u00e2nd \u00een vedere timpul oferit slujitorilor pentru \u00eendreptare \u0219i aducerea poc\u0103in\u021bei depline \u00een fa\u021ba autorit\u0103\u021bilor ierarhic-superioare, \u0219i lu\u00e2nd \u00een considerare \u00eenc\u0103lcarea jur\u0103m\u00e2ntului depus la hirotonie, precum \u0219i p\u0103r\u0103sirea samavolnic\u0103, ne\u00eentemeiat\u0103 \u0219i f\u0103r\u0103 carte canonic\u0103 a Eparhiei de Cahul \u0219i Comrat din cadrul Bisericii Ortodoxe din Moldova (\u00een temeiul canoanelor 12, 15, 32, 33 Ap.; 11, 13, 20, 23 Sin. IV Ec.; 17 Trul.; 3, 6, 7, 8, 11 Antioh.; 41, 42 Laod.; 9 Sard.; 23, 106 Cartag.; 15, 16 Sin. I Ec.), se caterisesc urm\u0103torii slujitori:<\/p>\n<p>ieromonahul <strong>Nicodim (Marcu)<\/strong>, protoiereul <strong>Ioan Goreanu<\/strong>, protoiereul <strong>Simeon Popovici<\/strong>, protoiereul <strong>Ioan Drangoi<\/strong>, protoiereul <strong>Constantin Munteanu<\/strong>, protoiereul <strong>Mihail Ciobanu<\/strong>, protoiereul <strong>Dumitru Zgherea<\/strong>, protoiereul <strong>Nicolae Goreanu<\/strong>, protoiereul <strong>Constantin B\u00eerliga<\/strong>, preotul <strong>Alexei Teac\u0103<\/strong>, protoiereul <strong>Sava \u0218eremet<\/strong>.\u201d<\/p>\n<p>Decizia este publicat\u0103 pe <a href=\"https:\/\/mitropolia.md\/ierarhii-bisericii-ortodoxe-din-moldova-s-au-reunit-in-sedinta-sinodului-la-resedinta-mitropolitana\/\"><strong><em>site-ul<\/em><\/strong><\/a> Mitropoliei Chi\u0219in\u0103ului \u0219i a \u00eentregii Moldove.<\/p>\n","protected":false},"excerpt":{"rendered":"<p>La 11 noiembrie 2025, la \u0219edin\u021ba Sinodului Bisericii Ortodoxe din Moldova desf\u0103\u0219urat\u0103 sub pre\u0219edin\u021bia mitropolitului Chi\u0219in\u0103ului \u0219i al \u00eentregii Moldove Vladimir au&hellip;<\/p>\n","protected":false},"author":3,"featured_media":37288,"comment_status":"open","ping_status":"closed","sticky":false,"template":"","format":"standard","meta":{"_lmt_disableupdate":"","_lmt_disable":"","slim_seo":{"title":"11 preo\u021bi moldoveni caterisi\u021bi pentru alunecarea \u00een schism\u0103 - traditia.md","description":"La 11 noiembrie 2025, la \u0219edin\u021ba Sinodului Bisericii Ortodoxe din Moldova desf\u0103\u0219urat\u0103 sub pre\u0219edin\u021bia mitropolitului Chi\u0219in\u0103ului \u0219i al \u00eentregii Moldove Vladimir"},"footnotes":""},"categories":[38,1720],"tags":[],"class_list":["post-37290","post","type-post","status-publish","format-standard","has-post-thumbnail","hentry","category-stiri","category-unitatea-bisericii"],"_links":{"self":[{"href":"https:\/\/traditia.md\/ro\/wp-json\/wp\/v2\/posts\/37290","targetHints":{"allow":["GET"]}}],"collection":[{"href":"https:\/\/traditia.md\/ro\/wp-json\/wp\/v2\/posts"}],"about":[{"href":"https:\/\/traditia.md\/ro\/wp-json\/wp\/v2\/types\/post"}],"author":[{"embeddable":true,"href":"https:\/\/traditia.md\/ro\/wp-json\/wp\/v2\/users\/3"}],"replies":[{"embeddable":true,"href":"https:\/\/traditia.md\/ro\/wp-json\/wp\/v2\/comments?post=37290"}],"version-history":[{"count":1,"href":"https:\/\/traditia.md\/ro\/wp-json\/wp\/v2\/posts\/37290\/revisions"}],"predecessor-version":[{"id":37291,"href":"https:\/\/traditia.md\/ro\/wp-json\/wp\/v2\/posts\/37290\/revisions\/37291"}],"wp:featuredmedia":[{"embeddable":true,"href":"https:\/\/traditia.md\/ro\/wp-json\/wp\/v2\/media\/37288"}],"wp:attachment":[{"href":"https:\/\/traditia.md\/ro\/wp-json\/wp\/v2\/media?parent=37290"}],"wp:term":[{"taxonomy":"category","embeddable":true,"href":"https:\/\/traditia.md\/ro\/wp-json\/wp\/v2\/categories?post=37290"},{"taxonomy":"post_tag","embeddable":true,"href":"https:\/\/traditia.md\/ro\/wp-json\/wp\/v2\/tags?post=37290"}],"curies":[{"name":"wp","href":"https:\/\/api.w.org\/{rel}","templated":true}]}}