{"id":37240,"date":"2025-11-11T08:23:38","date_gmt":"2025-11-11T06:23:38","guid":{"rendered":"https:\/\/traditia.md\/?p=37240"},"modified":"2025-11-11T08:24:24","modified_gmt":"2025-11-11T06:24:24","slug":"atunci-cand-mintea-este-sanatoasa-in-suflet-imparateste-frica-de-dumnezeu-si-curatia-constiintei","status":"publish","type":"post","link":"https:\/\/traditia.md\/ro\/atunci-cand-mintea-este-sanatoasa-in-suflet-imparateste-frica-de-dumnezeu-si-curatia-constiintei\/","title":{"rendered":"Atunci c\u00e2nd mintea este s\u0103n\u0103toas\u0103, \u00een suflet \u00eemp\u0103r\u0103\u0163e\u015fte frica de Dumnezeu \u0219i cur\u0103\u0163ia con\u015ftiin\u0163ei"},"content":{"rendered":"<blockquote>\n<p style=\"text-align: right;\"><strong><em>\u201eLumin\u0103torul trupului este ochiul t\u0103u. C\u00e2nd ochiul t\u0103u este curat, atunci tot trupul t\u0103u e luminat; dar c\u00e2nd ochiul t\u0103u e r\u0103u, atunci \u015fi trupul t\u0103u e \u00eentunecat. Ia seama deci ca lumina din tine s\u0103 nu fie \u00eentuneric. A\u015fadar, dac\u0103 tot trupul t\u0103u e luminat, neav\u00e2nd nici o parte \u00eentunecat\u0103, luminat va fi \u00een \u00eentregime, ca \u015fi c\u00e2nd te lumineaz\u0103 f\u0103clia cu str\u0103lucirea ei.\u201d<\/em><\/strong><strong> (Luca 11:34-36)<\/strong><\/p>\n<\/blockquote>\n<p><strong>T\u00e2lcuirea Sf\u00e2ntului Ierarh Teofan Z\u0103vor\u00e2tul:<\/strong><\/p>\n<p><em>\u201eLumin\u0103torul trupului este ochiul\u201d<\/em>; iar lumin\u0103torul sufletului e mintea. C\u00e2nd ochiul trupesc este nev\u0103t\u0103mat, vedem limpede tot ce ne \u00eenconjoar\u0103 \u00een lumea din afar\u0103, \u015ftim cum \u015fi \u00eencotro s\u0103 mergem; iar c\u00e2nd mintea e s\u0103n\u0103toas\u0103, vedem tot ce se afl\u0103 \u00een lumea noastr\u0103 l\u0103untric\u0103 privitor la leg\u0103tura noastr\u0103 cu Dumnezeu \u015fi cu aproapele \u015fi privitor la felul \u00een care trebuie s\u0103 ne purt\u0103m.<\/p>\n<p>Mintea, partea cea mai \u00eenalt\u0103 a sufletului, cuprinde sim\u0163irea Dumnezeirii, cerin\u0163ele con\u015ftiin\u0163ei \u015fi a\u015fteptarea unor lucruri mai bune dec\u00e2t tot ce avem \u015fi cunoa\u015ftem. Atunci c\u00e2nd mintea este s\u0103n\u0103toas\u0103, \u00een suflet \u00eemp\u0103r\u0103\u0163e\u015fte frica de Dumnezeu, cur\u0103\u0163ia con\u015ftiin\u0163ei \u015fi libertatea fa\u0163\u0103 de toate cele din afar\u0103, iar c\u00e2nd mintea este bolnav\u0103, Dumnezeu e uitat, con\u015ftiin\u0163a \u015fchioap\u0103t\u0103 de am\u00e2ndou\u0103 picioarele \u015fi sufletul se cufund\u0103 din ce \u00een ce mai mult \u00een ceea ce vede \u015fi st\u0103p\u00e2ne\u015fte.<\/p>\n<p>\u00cen aceast\u0103 \u00eemprejurare, omul se afl\u0103 \u00een noapte ad\u00e2nc\u0103: \u00een\u0163elegerea i se r\u0103t\u0103ce\u015fte, faptele lui sunt f\u0103r\u0103 r\u00e2nduial\u0103, inima este plin\u0103 de o t\u00e2njeal\u0103 trist\u0103. \u00cemprejur\u0103rile \u00eei dau br\u00e2nci \u015fi el se las\u0103 dus ca surceaua de ap\u0103. Nu \u015ftie ce a f\u0103cut p\u00e2n\u0103 \u00een clipa de fa\u0163\u0103, ce este el acum \u015fi cum se va sf\u00e2r\u015fi calea sa.<\/p>\n<p>Dimpotriv\u0103, omul cu mintea s\u0103n\u0103toas\u0103 \u00ee\u015fi or\u00e2nduie\u015fte via\u0163a cu chibzuin\u0163\u0103, tem\u00e2ndu-se de Dumnezeu, ascult\u0103 numai de legea con\u015ftiin\u0163ei, care d\u0103 o \u00eentocmire temeinic\u0103 \u00eentregii sale vie\u0163i \u015fi nu se cufund\u0103 \u00een cele ce cad sub sim\u0163uri, \u00eenarip\u00e2ndu-se cu n\u0103dejdea fericirii ve\u015fnice \u015fi des\u0103v\u00e2r\u015fite. Ca atare, vede limpede \u00een toate \u00eemprejur\u0103rile vie\u0163ii \u015fi totul este luminos pentru el ca \u015fi cum i-ar lumina o f\u0103clie cu str\u0103lucirea ei.<\/p>\n","protected":false},"excerpt":{"rendered":"<p>\u201eLumin\u0103torul trupului este ochiul t\u0103u. C\u00e2nd ochiul t\u0103u este curat, atunci tot trupul t\u0103u e luminat; dar c\u00e2nd ochiul t\u0103u e r\u0103u,&hellip;<\/p>\n","protected":false},"author":3,"featured_media":37238,"comment_status":"open","ping_status":"closed","sticky":false,"template":"","format":"standard","meta":{"_lmt_disableupdate":"","_lmt_disable":"","slim_seo":{"title":"Atunci c\u00e2nd mintea este s\u0103n\u0103toas\u0103, \u00een suflet \u00eemp\u0103r\u0103\u0163e\u015fte frica de Dumnezeu \u0219i cur\u0103\u0163ia con\u015ftiin\u0163ei - traditia.md","description":"\u201eLumin\u0103torul trupului este ochiul t\u0103u. C\u00e2nd ochiul t\u0103u este curat, atunci tot trupul t\u0103u e luminat; dar c\u00e2nd ochiul t\u0103u e r\u0103u, atunci \u015fi trupul t\u0103u e \u00eentunecat."},"footnotes":""},"categories":[40,38],"tags":[],"class_list":["post-37240","post","type-post","status-publish","format-standard","has-post-thumbnail","hentry","category-apararea-credintei","category-stiri"],"_links":{"self":[{"href":"https:\/\/traditia.md\/ro\/wp-json\/wp\/v2\/posts\/37240","targetHints":{"allow":["GET"]}}],"collection":[{"href":"https:\/\/traditia.md\/ro\/wp-json\/wp\/v2\/posts"}],"about":[{"href":"https:\/\/traditia.md\/ro\/wp-json\/wp\/v2\/types\/post"}],"author":[{"embeddable":true,"href":"https:\/\/traditia.md\/ro\/wp-json\/wp\/v2\/users\/3"}],"replies":[{"embeddable":true,"href":"https:\/\/traditia.md\/ro\/wp-json\/wp\/v2\/comments?post=37240"}],"version-history":[{"count":1,"href":"https:\/\/traditia.md\/ro\/wp-json\/wp\/v2\/posts\/37240\/revisions"}],"predecessor-version":[{"id":37241,"href":"https:\/\/traditia.md\/ro\/wp-json\/wp\/v2\/posts\/37240\/revisions\/37241"}],"wp:featuredmedia":[{"embeddable":true,"href":"https:\/\/traditia.md\/ro\/wp-json\/wp\/v2\/media\/37238"}],"wp:attachment":[{"href":"https:\/\/traditia.md\/ro\/wp-json\/wp\/v2\/media?parent=37240"}],"wp:term":[{"taxonomy":"category","embeddable":true,"href":"https:\/\/traditia.md\/ro\/wp-json\/wp\/v2\/categories?post=37240"},{"taxonomy":"post_tag","embeddable":true,"href":"https:\/\/traditia.md\/ro\/wp-json\/wp\/v2\/tags?post=37240"}],"curies":[{"name":"wp","href":"https:\/\/api.w.org\/{rel}","templated":true}]}}