{"id":37228,"date":"2025-11-10T10:16:44","date_gmt":"2025-11-10T08:16:44","guid":{"rendered":"https:\/\/traditia.md\/?p=37228"},"modified":"2025-11-10T10:16:44","modified_gmt":"2025-11-10T08:16:44","slug":"scriu-si-cant-pentru-steaua-pruncului-sfant","status":"publish","type":"post","link":"https:\/\/traditia.md\/ro\/scriu-si-cant-pentru-steaua-pruncului-sfant\/","title":{"rendered":"Scriu si c\u00e2nt pentru steaua Pruncului Sf\u00e2nt"},"content":{"rendered":"<p><strong><em>Cezar Caraman, 13 ani, clasa VII, Liceul Teoretic cu profil de arte \u201eNicolae Sulac\u201d din Chi\u0219in\u0103u \u2013 participant la Concursul de poezie cre\u0219tin\u0103 dedicat Na\u0219terii Domnului.<\/em><\/strong><\/p>\n<p>&nbsp;<\/p>\n<p><strong>Lumina credin\u021bei<\/strong><\/p>\n<p>Lumina lui Hristos ne c\u0103l\u0103uze\u0219te,<br \/>\nInimile noastre mereu le \u00eenc\u0103lze\u0219te.<br \/>\nFiecare zi s\u0103 fie plin\u0103 de har,<br \/>\nS\u0103 iubim pe Domnul f\u0103r\u0103 de hotar.<\/p>\n<p>&nbsp;<\/p>\n<p><strong>Rug\u0103ciunea micu\u021bului<\/strong><\/p>\n<p>Doamne, ajut\u0103-m\u0103 s\u0103 fiu bun,<br \/>\nS\u0103 iubesc aproapele \u00een fiecare drum.<br \/>\nD\u0103-mi lumin\u0103 \u0219i pace \u00een suflet,<br \/>\n\u0218i s\u0103-\u021ai c\u00e2nt cu glas curat \u0219i dulce.<\/p>\n<p>&nbsp;<\/p>\n<p><strong>\u00cengerii p\u0103zitori<\/strong><\/p>\n<p>\u00cengerii mei m\u0103 vegheaz\u0103 mereu,<br \/>\nM\u0103 ocrotesc de orice r\u0103u.<br \/>\nM\u0103 \u00eenva\u021b\u0103 s\u0103 iubesc \u0219i s\u0103 iert,<br \/>\nS\u0103 fac fapte bune, s\u0103 fiu mereu atent.<\/p>\n<p>&nbsp;<\/p>\n<p><strong>Steaua Pruncului<\/strong><\/p>\n<p>Steaua Pruncului str\u0103luce\u0219te Sus,<br \/>\nEste calea sf\u00e2nt\u0103 cea a Lui Iisus.<br \/>\nFiecare inim\u0103 simte harul Lui divin,<br \/>\nDe pace \u0219i p\u00e2ine eu Domnului m\u0103-nchin.<\/p>\n<p>&nbsp;<\/p>\n<p><strong>Bun\u0103tatea<\/strong><\/p>\n<p>S\u0103 fim buni cu to\u021bii, cei mari \u0219i cei mici,<br \/>\nS\u0103 cre\u0219tem cu-ascultare de bunei, p\u0103rin\u021bi.<br \/>\nC\u0103 Domnul ne iube\u0219te \u0219i ne d\u0103 lumin\u0103,<br \/>\nS\u0103 r\u0103sp\u00e2ndim pacea \u0219i iubirea cre\u0219tin\u0103.<\/p>\n<p>&nbsp;<\/p>\n<p><strong>Rug\u0103ciunea de sear\u0103<\/strong><\/p>\n<p>Mul\u021bumesc, Doamne, pentru ziua ce-a trecut,<br \/>\nC-n via\u021b\u0103 Tu ne dai de toate, mul\u021bumim mult.<br \/>\nDomnul noaptea s\u0103 ne deie vise minunate,<br \/>\nIar diminea\u021ba s\u0103 ne g\u0103seasc\u0103 cu inim\u0103 curat\u0103.<\/p>\n<p>&nbsp;<\/p>\n<p><strong>Cre\u0219tem cu Hristos<\/strong><\/p>\n<p>Cu Hristos \u00een inim\u0103 cre\u0219tem frumos,<br \/>\nFiecare pas s\u0103 fie cu\u00a0 har luminos.<br \/>\nEl ne-nva\u021b\u0103 s\u0103 fim buni, mereu s\u0103 iubim,<br \/>\nPentru cei mai tri\u0219ti,\u00a0 noi al\u0103turi de ei s\u0103 fim.<\/p>\n<p>&nbsp;<\/p>\n<p><strong>Colind de Cr\u0103ciun<\/strong><\/p>\n<p>Colind\u0103m Pruncul sf\u00e2nt cu drag,<br \/>\n\u00cei aducem daruri \u0219i c\u00e2ntec lin, \u0219i bl\u00e2nd.<br \/>\nSteaua Lui str\u0103luce\u0219te peste sat,<br \/>\nIar \u00eengerii c\u00e2nt\u0103 cu un glas curat.<\/p>\n<p>&nbsp;<\/p>\n<p><strong>Rug\u0103ciune de diminea\u021b\u0103<\/strong><\/p>\n<p>Doamne, ajut\u0103-m\u0103 din nou s\u0103 fiu cuminte,<br \/>\nS\u0103 fac bine, s\u0103 iubesc, s\u0103 fac cele sfinte.<br \/>\nFiecare zi s\u0103 fie plin\u0103 de iar de har,<br \/>\n\u0218i s\u0103 Te sl\u0103vesc \u00een fiecare altar.<\/p>\n<p>&nbsp;<\/p>\n<p><strong>Credin\u021ba<\/strong><\/p>\n<p>Credin\u021ba \u00een Dumnezeu ne \u021bine tari,<br \/>\nNe ajut\u0103 s\u0103 trecem peste greut\u0103\u021bile mari.<br \/>\nCu Hristos l\u00e2ng\u0103 noi, nu ne eeste fric\u0103,<br \/>\n\u0218i inima ne bate cu pace at\u00e2tica.<\/p>\n<p>&nbsp;<\/p>\n<p><strong>\u00cengerii c\u00e2nt\u0103<\/strong><\/p>\n<p>\u00cengerii c\u00e2nt\u0103 sus pe cer,<br \/>\nVestind Pruncul din mister.<br \/>\nNe arat\u0103 iubirea Lui divin\u0103,<br \/>\n\u0218i bucuria s\u0103 ne fie lumin\u0103 senin\u0103.<\/p>\n<p>&nbsp;<\/p>\n<p><strong>Faptele bune<\/strong><\/p>\n<p>Faptele bune mereu ne aduc har,<br \/>\n\u0218i ne fac sufletul bun, f\u0103r\u0103 de hotar.<br \/>\nS\u0103 ajut\u0103m pe aproapele cel neputincios,<br \/>\n\u0218i s\u0103 r\u0103sp\u00e2ndim pacea lui Hristos.<\/p>\n<p>&nbsp;<\/p>\n<p><strong>Steaua din cer<\/strong><\/p>\n<p>Steaua str\u0103luce\u0219te \u0219i ne arat\u0103 drumul,<br \/>\nSpre Pruncul sf\u00e2nt cu iubire cereasc\u0103.<br \/>\nS\u0103-l primim cu drag \u00een inimile noastre<br \/>\n\u0218i iubirea Lui cea soborniceasc\u0103.<\/p>\n<p>&nbsp;<\/p>\n<p><strong>Rug\u0103ciunea copiilor<\/strong><\/p>\n<p>Doamne, ajut\u0103-m\u0103 s\u0103 fiu copil bun,<br \/>\nS\u0103-i \u00een\u021beleg pe to\u021bi, chiar \u0219i-n ceasul greu.<br \/>\nDoamne, \u00eenva\u021b\u0103-m\u0103 s\u0103 iubesc \u0219i s\u0103 iert mereu,<br \/>\nS\u0103 te sl\u0103vesc cu drag prin versul meu.<\/p>\n<p>&nbsp;<\/p>\n<p><strong>Cr\u0103ciun fericit<\/strong><\/p>\n<p>Pruncul sf\u00e2nt ce s-a n\u0103scut \u00een iesle,<br \/>\n\u00cengerii \u00eei c\u00e2nt\u0103 \u00een zori de dimine\u021bi.<br \/>\nFie ca iubirea Lui s\u0103 intre-n fiecare cas\u0103,<\/p>\n<p>Iar noi, copiii lumii, s\u0103 cre\u0219tem curajo\u0219i \u0219i iste\u021bi.<\/p>\n<p>&nbsp;<\/p>\n<p><strong>Rug\u0103ciunea de sear\u0103<\/strong><\/p>\n<p>Mul\u021bumesc, Doamne, pentru ziua de azi,<br \/>\nPentru prieteni, familie \u0219i to\u021bi cei dragi.<br \/>\nNoaptea s\u0103 fie lini\u0219tit\u0103 \u0219i bl\u00e2nd\u0103,<br \/>\n\u0218i diminea\u021ba s\u0103 ne g\u0103seasc\u0103 cu inim\u0103 sf\u00e2nt\u0103.<\/p>\n<p>&nbsp;<\/p>\n<p><strong>Rug\u0103ciune pentru familie<\/strong><\/p>\n<p>Doamne, binecuv\u00e2nteaz\u0103 familia mea,<br \/>\nS\u0103 fie unit\u0103 \u0219i plin\u0103 de lumin\u0103 curat\u0103.<br \/>\nOcrote\u0219te-ne, Doamne, sub sf\u00e2nta stea,<br \/>\nS\u0103 avem mereu o via\u021b\u0103 minunat\u0103.<\/p>\n<p>&nbsp;<\/p>\n<p><strong>Credin\u021ba copilului<\/strong><\/p>\n<p>Cu Hristos \u00een inim\u0103 m\u0103 trezesc \u00een fiecare zi,<br \/>\n\u00cenv\u0103\u021b s\u0103 iubesc \u0219i s\u0103 fac numai fapte bune.<br \/>\n\u00cen via\u021b\u0103 pentru ca s\u0103 exi\u0219ti sau mereu a fi \u2013<br \/>\nS\u0103 te-nfrup\u021bi mereu din sf\u00e2nta rug\u0103ciune!<\/p>\n","protected":false},"excerpt":{"rendered":"<p>Cezar Caraman, 13 ani, clasa VII, Liceul Teoretic cu profil de arte \u201eNicolae Sulac\u201d din Chi\u0219in\u0103u \u2013 participant la Concursul de poezie&hellip;<\/p>\n","protected":false},"author":3,"featured_media":37229,"comment_status":"open","ping_status":"closed","sticky":false,"template":"","format":"standard","meta":{"_lmt_disableupdate":"","_lmt_disable":"","slim_seo":{"title":"Scriu si c\u00e2nt pentru steaua Pruncului Sf\u00e2nt - traditia.md","description":"Cezar Caraman, 13 ani, clasa VII, Liceul Teoretic cu profil de arte \u201eNicolae Sulac\u201d din Chi\u0219in\u0103u \u2013 participant la Concursul de poezie cre\u0219tin\u0103 dedicat Na\u0219terii"},"footnotes":""},"categories":[39,38],"tags":[],"class_list":["post-37228","post","type-post","status-publish","format-standard","has-post-thumbnail","hentry","category-biserica-si-societatea","category-stiri"],"_links":{"self":[{"href":"https:\/\/traditia.md\/ro\/wp-json\/wp\/v2\/posts\/37228","targetHints":{"allow":["GET"]}}],"collection":[{"href":"https:\/\/traditia.md\/ro\/wp-json\/wp\/v2\/posts"}],"about":[{"href":"https:\/\/traditia.md\/ro\/wp-json\/wp\/v2\/types\/post"}],"author":[{"embeddable":true,"href":"https:\/\/traditia.md\/ro\/wp-json\/wp\/v2\/users\/3"}],"replies":[{"embeddable":true,"href":"https:\/\/traditia.md\/ro\/wp-json\/wp\/v2\/comments?post=37228"}],"version-history":[{"count":1,"href":"https:\/\/traditia.md\/ro\/wp-json\/wp\/v2\/posts\/37228\/revisions"}],"predecessor-version":[{"id":37231,"href":"https:\/\/traditia.md\/ro\/wp-json\/wp\/v2\/posts\/37228\/revisions\/37231"}],"wp:featuredmedia":[{"embeddable":true,"href":"https:\/\/traditia.md\/ro\/wp-json\/wp\/v2\/media\/37229"}],"wp:attachment":[{"href":"https:\/\/traditia.md\/ro\/wp-json\/wp\/v2\/media?parent=37228"}],"wp:term":[{"taxonomy":"category","embeddable":true,"href":"https:\/\/traditia.md\/ro\/wp-json\/wp\/v2\/categories?post=37228"},{"taxonomy":"post_tag","embeddable":true,"href":"https:\/\/traditia.md\/ro\/wp-json\/wp\/v2\/tags?post=37228"}],"curies":[{"name":"wp","href":"https:\/\/api.w.org\/{rel}","templated":true}]}}