{"id":37110,"date":"2025-10-30T11:56:11","date_gmt":"2025-10-30T09:56:11","guid":{"rendered":"https:\/\/traditia.md\/?p=37110"},"modified":"2025-10-30T11:57:00","modified_gmt":"2025-10-30T09:57:00","slug":"incercarile-nu-trebuie-sa-inspaimante-ci-sa-devina-un-prilej-de-intarire-in-rugaciune-si-de-smerita-primire-a-voii-lui-dumnezeu","status":"publish","type":"post","link":"https:\/\/traditia.md\/ro\/incercarile-nu-trebuie-sa-inspaimante-ci-sa-devina-un-prilej-de-intarire-in-rugaciune-si-de-smerita-primire-a-voii-lui-dumnezeu\/","title":{"rendered":"\u00cencerc\u0103rile nu trebuie s\u0103 \u00eensp\u0103im\u00e2nte, ci s\u0103 devin\u0103 un prilej de \u00eent\u0103rire \u00een rug\u0103ciune \u0219i de smerit\u0103 primire a voii lui Dumnezeu"},"content":{"rendered":"<p><strong><em>Apelul Sinodului Bisericii Ortodoxe din Belarus \u00een leg\u0103tur\u0103 cu persecu\u021biile continue \u00eempotriva ierarhilor, clericilor, monahilor \u0219i mirenilor Bisericii Ortodoxe din Ucraina.<\/em><\/strong><\/p>\n<p style=\"text-align: right;\"><strong>28 octombrie 2025<\/strong><\/p>\n<p>Cu profund\u0103 \u00eentristare, Sinodul Bisericii Ortodoxe din Belarus prime\u0219te ve\u0219tile despre persecu\u021biile care continu\u0103 \u0219i se intensific\u0103 \u00eempotriva ierarhilor, clericilor, monahilor \u0219i mirenilor Bisericii Ortodoxe din Ucraina.<\/p>\n<p>Sinodul Bisericii Ortodoxe din Belarus a declarat \u00een repetate r\u00e2nduri, \u00een numele credincio\u0219ilor ortodoc\u0219i din Republica Belarus, \u00eengrijorarea general\u0103 fa\u021b\u0103 de situa\u021bia Bisericii Ortodoxe canonice de pe teritoriul Ucrainei. Din p\u0103cate, constat\u0103m acum, cu mare durere \u0219i nelini\u0219te, c\u0103 ac\u021biunile ilegale \u00eempotriva singurei Biserici Ortodoxe canonice din \u021bar\u0103 continu\u0103.<\/p>\n<p>Mitropolitul Antonie (Pakanici) de Borispol \u0219i Brovar\u00ee, \u0219eful Direc\u021biei administrative a Bisericii Ortodoxe din Ucraina, s-a adresat credincio\u0219ilor cu un apel la rug\u0103ciune st\u0103ruitoare \u0219i post aspru \u00een zilele de 29 \u0219i 30 octombrie. \u00cen aceste zile are loc o \u0219edin\u021b\u0103 de judecat\u0103, al c\u0103rei scop final este \u00eencetarea activit\u0103\u021bii Mitropoliei de Kiev a Bisericii Ortodoxe din Ucraina. \u00cen apelul s\u0103u, ierarhul a remarcat c\u0103, din punct de vedere omenesc, Biserica Ortodox\u0103 din Ucraina nu are de unde a\u0219tepta ajutor, \u00eens\u0103 credincio\u0219ii trebuie s\u0103-\u0219i pun\u0103 n\u0103dejdea \u00een Dumnezeu. \u00cencerc\u0103rile actuale nu trebuie s\u0103-i \u00eensp\u0103im\u00e2nte, ci, dimpotriv\u0103, s\u0103 devin\u0103 un prilej de \u00eent\u0103rire \u00een rug\u0103ciune \u0219i de smerit\u0103 primire a voii lui Dumnezeu. Mitropolitul a atras, de asemenea, aten\u021bia asupra simbolismului datei \u0219edin\u021bei, care coincide cu ziua de pr\u0103znuire a icoanei Maicii Domnului \u201eIzb\u0103vitoarea\u201d. Ierarhul \u0219i-a exprimat credin\u021ba c\u0103 Preasf\u00e2nta N\u0103sc\u0103toare de Dumnezeu va auzi rug\u0103ciunile credincio\u0219ilor \u0219i \u00eei va ocroti.<\/p>\n<p>Cu dragoste \u0219i durere \u00eemp\u0103rt\u0103\u0219ind suferin\u021ba vecinilor \u0219i fra\u021bilor no\u0219tri \u00een credin\u021b\u0103, \u00eei chem\u0103m pe credincio\u0219ii Bisericii Ortodoxe din Belarus s\u0103-i sprijine prin rug\u0103ciune st\u0103ruitoare \u0219i post \u00een aceste zile.<\/p>\n<p>S\u0103 ajute Domnul pe to\u021bi fiii S\u0103i credincio\u0219i, prin rug\u0103ciunile Preacuratei Sale Maici, ale sfin\u021bilor de la Lavra Pe\u0219terilor din Kiev, ale nevoitorilor, noilor mucenici \u0219i m\u0103rturisitori ai Bisericii noastre!<\/p>\n<p style=\"text-align: right;\"><a href=\"http:\/\/church.by\/news\/obrashenie-sinoda-belorusskoj-pravoslavnoj-cerkvi-moskovskogo-patriarhata-v-svjazi-s-prodolzhajushimisja-gonenijami-na-ierarhov-svjashennosluzhitelej-monashestvujushih-i-mirjan-ukrainskoj-pravoslavnoj-cerkvi\"><strong><em>Church.by<\/em><\/strong><\/a><\/p>\n","protected":false},"excerpt":{"rendered":"<p>Apelul Sinodului Bisericii Ortodoxe din Belarus \u00een leg\u0103tur\u0103 cu persecu\u021biile continue \u00eempotriva ierarhilor, clericilor, monahilor \u0219i mirenilor Bisericii Ortodoxe din Ucraina. 28&hellip;<\/p>\n","protected":false},"author":3,"featured_media":37108,"comment_status":"open","ping_status":"closed","sticky":false,"template":"","format":"standard","meta":{"_lmt_disableupdate":"","_lmt_disable":"","slim_seo":{"title":"\u00cencerc\u0103rile nu trebuie s\u0103 \u00eensp\u0103im\u00e2nte, ci s\u0103 devin\u0103 un prilej de \u00eent\u0103rire \u00een rug\u0103ciune \u0219i de smerit\u0103 primire a voii lui Dumnezeu - traditia.md","description":"Apelul Sinodului Bisericii Ortodoxe din Belarus \u00een leg\u0103tur\u0103 cu persecu\u021biile continue \u00eempotriva ierarhilor, clericilor, monahilor \u0219i mirenilor Bisericii Ortodoxe"},"footnotes":""},"categories":[39,38],"tags":[],"class_list":["post-37110","post","type-post","status-publish","format-standard","has-post-thumbnail","hentry","category-biserica-si-societatea","category-stiri"],"_links":{"self":[{"href":"https:\/\/traditia.md\/ro\/wp-json\/wp\/v2\/posts\/37110","targetHints":{"allow":["GET"]}}],"collection":[{"href":"https:\/\/traditia.md\/ro\/wp-json\/wp\/v2\/posts"}],"about":[{"href":"https:\/\/traditia.md\/ro\/wp-json\/wp\/v2\/types\/post"}],"author":[{"embeddable":true,"href":"https:\/\/traditia.md\/ro\/wp-json\/wp\/v2\/users\/3"}],"replies":[{"embeddable":true,"href":"https:\/\/traditia.md\/ro\/wp-json\/wp\/v2\/comments?post=37110"}],"version-history":[{"count":1,"href":"https:\/\/traditia.md\/ro\/wp-json\/wp\/v2\/posts\/37110\/revisions"}],"predecessor-version":[{"id":37111,"href":"https:\/\/traditia.md\/ro\/wp-json\/wp\/v2\/posts\/37110\/revisions\/37111"}],"wp:featuredmedia":[{"embeddable":true,"href":"https:\/\/traditia.md\/ro\/wp-json\/wp\/v2\/media\/37108"}],"wp:attachment":[{"href":"https:\/\/traditia.md\/ro\/wp-json\/wp\/v2\/media?parent=37110"}],"wp:term":[{"taxonomy":"category","embeddable":true,"href":"https:\/\/traditia.md\/ro\/wp-json\/wp\/v2\/categories?post=37110"},{"taxonomy":"post_tag","embeddable":true,"href":"https:\/\/traditia.md\/ro\/wp-json\/wp\/v2\/tags?post=37110"}],"curies":[{"name":"wp","href":"https:\/\/api.w.org\/{rel}","templated":true}]}}