{"id":37088,"date":"2025-10-30T09:42:46","date_gmt":"2025-10-30T07:42:46","guid":{"rendered":"https:\/\/traditia.md\/?p=37088"},"modified":"2025-10-30T09:42:46","modified_gmt":"2025-10-30T07:42:46","slug":"popas-crestin-la-liceul-orizont","status":"publish","type":"post","link":"https:\/\/traditia.md\/ro\/popas-crestin-la-liceul-orizont\/","title":{"rendered":"Popas cre\u0219tin la Liceul \u201eOrizont\u201d"},"content":{"rendered":"<p><span style=\"font-size: 12pt;\"><strong>Liceul Teoretic \u201eOrizont\u201d din Chi\u0219in\u0103u e unica institu\u021bie de \u00eenv\u0103\u021b\u0103m\u00e2nt din Republica Moldova, unde se promoveaz\u0103 cu adev\u0103rat at\u00e2t cartea artistic\u0103, c\u00e2t \u0219i munca literar\u0103 tenace a unui poet, scriitor, aduc\u00e2ndu-l din atelierul s\u0103u de crea\u021bie \u00een fa\u021ba elevilor, cititorilor \u00eenseta\u021bi de cuv\u00e2ntul scris al sufletului autorului.<\/strong><\/span><\/p>\n<p>La 22 octombrie, la Liceul Teoretic \u201eOrizont\u201d, filiala Buiucani, \u00eentr-un buchet de Dialoguri culturale sub genericul \u201eCuv\u00e2ntul hr\u0103ne\u0219te mai mult dec\u00e2t p\u00e2inea\u2026\u201d (Sf\u00e2ntul Ierarh Ioan Gur\u0103 de Aur) s-au adunat oameni ai culturii, scriitori, actori, interpre\u021bi, profesori, elevi \u0219i invita\u021bi speciali, \u00eentr-un eveniment dedicat valorilor umane \u0219i culturale, eveniment coordonat de profesoara de limb\u0103 \u0219i literatur\u0103 rom\u00e2n\u0103, Tatiana Dicusar.<\/p>\n<p>Doamna Valentina Bujor, director-adjunct al institu\u021biei, a subliniat importan\u021ba educ\u0103rii continue \u00een spiritul valorilor autentice, spirituale cre\u0219tine a form\u0103rii personalit\u0103\u021bilor integre \u0219i a implic\u0103rii active \u00een activit\u0103\u021bi culturale deosebite.<\/p>\n<p>Domnul Ali Riza, directorul liceului, a accentuat c\u0103 aceast\u0103 manifestare \u00een dialoguri culturale, reprezint\u0103 un simbol al na\u021biunii noastre, un semn al identit\u0103\u021bii \u0219i demnit\u0103\u021bii. Totodat\u0103, domnia sa, a m\u0103rturisit cu emo\u021bie c\u0103 \u00ee\u0219i \u00eemparte inima \u00eentre dou\u0103 na\u021bionalit\u0103\u021bi, tr\u0103ind \u0219i promov\u00e2nd cu respect cultura Republicii Moldova.<\/p>\n<p>Prin grija \u0219i implicarea doamnei Valentina Ciobanu, bibliotecara liceului, la eveniment s-au reunit oameni de cultur\u0103, iubitori de frumos \u0219i de cuv\u00e2nt, \u00eentr-un spa\u021biu al dialogului spiritual cu scriitorii: Raisa Pl\u0103ie\u0219u, Lucre\u021bia B\u00e2rl\u0103deanu, Irina Nechit, Aliona Grati, Constantin Dragomir, Maria Gogu, actorul Alexandru Ple\u0219ca \u0219i interpretul Gabriel Nebunu.<\/p>\n<p>Oamenii de art\u0103 au transformat aceast\u0103 zi \u00eentr-o s\u0103rb\u0103toare a spiritului rom\u00e2nesc, deoarece to\u021bi\u00a0 au fost repartiza\u021bi prin diferite clase ca s\u0103 se \u00eent\u00e2lneasc\u0103 cu elevii liceului, s\u0103 le aduc\u0103 \u00een dar cele mai interesante c\u0103r\u021bi, f\u0103c\u00e2nd dona\u021bii pentru biblioteca liceului \u0219i s\u0103 le vorbeasc\u0103 despre autenticitatea c\u00e2ntecului \u0219i rolul unui actor \u00een zilele de ast\u0103zi.<\/p>\n<p>Am fost surprins\u0103 de \u00eent\u00e2lnirile cu elevii, am fost rugat\u0103 s\u0103 fac mai multe popasuri cre\u0219tine \u0219i \u00een alte zile, am avut diferite \u00eent\u00e2lniri cu elevii din diferite filiale ale liceului: din sectoarele Buiucani \u0219i Ciocana, cu diferite clase din acest liceu, cu lansarea c\u0103r\u021bii \u201eRoag\u0103-te o via\u021b\u0103\u201d, poezii cre\u0219tine pentru copii. Din cele cinci \u00eent\u00e2lniri a\u0219 vrea s\u0103 men\u021bionez popasul cre\u0219tin cu elevii clasei a V-a \u201eD\u201d, filiala Buiucani, ghida\u021bi de diriginta Tatiana Postolachi, le-am prezentat copiilor volumul de poezii pentru copii.<\/p>\n<p>Activitatea a urm\u0103rit familiarizarea elevilor cu tematica spiritual\u0103, \u00eencurajarea prin lectur\u0103 \u0219i dezvoltarea gustului pentru poezie. Elevii au luat cuno\u0219tin\u021b\u0103 cu tradi\u021biile \u0219i obiceiurile cre\u0219tine, cu cele zece porunci ale Domnului \u0219i \u0219apte virtu\u021bi cre\u0219tine. \u00cen dialogul cre\u0219tin\u00a0 elevii au aflat despre semnifica\u021bia credin\u021bei \u00een via\u021ba lor: despre importan\u021ba crucii \u0219i a rug\u0103ciunii \u00een via\u021ba unui copil, ce \u00eenseamn\u0103 s\u0103 faci fapte bune, fapte rele pe p\u0103m\u00e2nt, rolul Bisericii lui Hristos \u0219i al sfintelor liturghii, citirea Bibliei \u2013 cartea sf\u00e2nt\u0103 de c\u0103p\u0103t\u00e2i a omului pe p\u0103m\u00e2nt, cu tot ce-i mai sf\u00e2nt \u0219i luminos pentru sufletele copiilor.<\/p>\n<p>A\u0219 vrea s\u0103-i mul\u021bumesc din suflet Liceului Teoretic \u201eOrizont\u201d, sectorul Ciocana, doamnei Valentina Curechi, director adjunct, pentru invita\u021bie \u0219i buna organizare a Popasului cre\u0219tin cu lansarea c\u0103r\u021bii mele \u201eRoag\u0103-te o via\u021b\u0103\u201d. Au fost\u00a0 \u00eent\u00e2lniri de suflet cu mai multe clase, pe care le-am \u00eenceput cu \u201eTat\u0103l Nostru\u201d, binecuv\u00e2nt\u00e2nd sufletele copiilor prezen\u021bi \u00eentru ascultare. Ne-am cuprins \u00eentr-un dialog cre\u0219tin \u0219i recital de poezie religioas\u0103 cu iubire de Dumnezeu \u0219i de p\u0103rin\u021bi, de tot ce-i mai sf\u00e2nt \u0219i luminos pe f\u0103ga\u0219ul timpului. Elevii au primit autografe pe paginile c\u0103r\u021bii \u201eRoag\u0103-te o via\u021b\u0103\u201d \u0219i m-au rugat s\u0103 mai revin pe la ei cu alte edi\u021bii cre\u0219tine.<\/p>\n<p style=\"text-align: right;\"><strong><em>Raisa Pl\u0103ie\u0219u, <br \/>\npentru Traditia.md<\/em><\/strong><\/p>\n<p><img fetchpriority=\"high\" decoding=\"async\" class=\"alignnone size-full wp-image-37089\" src=\"https:\/\/traditia.md\/wp-content\/uploads\/2025\/10\/2a-2.jpg\" alt=\"2\u0430\" width=\"391\" height=\"250\" srcset=\"https:\/\/traditia.md\/wp-content\/uploads\/2025\/10\/2a-2.jpg 391w, https:\/\/traditia.md\/wp-content\/uploads\/2025\/10\/2a-2-300x192.jpg 300w\" sizes=\"(max-width: 391px) 100vw, 391px\" \/>\u00a0 <img decoding=\"async\" class=\"alignnone size-full wp-image-37091\" src=\"https:\/\/traditia.md\/wp-content\/uploads\/2025\/10\/3a-2.jpg\" alt=\"3\u0430\" width=\"333\" height=\"250\" srcset=\"https:\/\/traditia.md\/wp-content\/uploads\/2025\/10\/3a-2.jpg 333w, https:\/\/traditia.md\/wp-content\/uploads\/2025\/10\/3a-2-300x225.jpg 300w\" sizes=\"(max-width: 333px) 100vw, 333px\" \/>\u00a0<\/p>\n<p><img decoding=\"async\" class=\"alignnone size-full wp-image-37093\" src=\"https:\/\/traditia.md\/wp-content\/uploads\/2025\/10\/4a-2.jpg\" alt=\"4\u0430\" width=\"333\" height=\"250\" srcset=\"https:\/\/traditia.md\/wp-content\/uploads\/2025\/10\/4a-2.jpg 333w, https:\/\/traditia.md\/wp-content\/uploads\/2025\/10\/4a-2-300x225.jpg 300w\" sizes=\"(max-width: 333px) 100vw, 333px\" \/>\u00a0 <img loading=\"lazy\" decoding=\"async\" class=\"alignnone size-full wp-image-37095\" src=\"https:\/\/traditia.md\/wp-content\/uploads\/2025\/10\/5a-2.jpg\" alt=\"5\u0430\" width=\"356\" height=\"250\" srcset=\"https:\/\/traditia.md\/wp-content\/uploads\/2025\/10\/5a-2.jpg 356w, https:\/\/traditia.md\/wp-content\/uploads\/2025\/10\/5a-2-300x211.jpg 300w\" sizes=\"(max-width: 356px) 100vw, 356px\" \/><\/p>\n","protected":false},"excerpt":{"rendered":"<p>Liceul Teoretic \u201eOrizont\u201d din Chi\u0219in\u0103u e unica institu\u021bie de \u00eenv\u0103\u021b\u0103m\u00e2nt din Republica Moldova, unde se promoveaz\u0103 cu adev\u0103rat at\u00e2t cartea artistic\u0103, c\u00e2t&hellip;<\/p>\n","protected":false},"author":3,"featured_media":37097,"comment_status":"open","ping_status":"closed","sticky":false,"template":"","format":"standard","meta":{"_lmt_disableupdate":"","_lmt_disable":"","slim_seo":{"title":"Popas cre\u0219tin la Liceul \u201eOrizont\u201d - traditia.md","description":"Liceul Teoretic \u201eOrizont\u201d din Chi\u0219in\u0103u e unica institu\u021bie de \u00eenv\u0103\u021b\u0103m\u00e2nt din Republica Moldova, unde se promoveaz\u0103 cu adev\u0103rat at\u00e2t cartea artistic\u0103, c\u00e2t \u0219i munc"},"footnotes":""},"categories":[44,38],"tags":[],"class_list":["post-37088","post","type-post","status-publish","format-standard","has-post-thumbnail","hentry","category-actualitate","category-stiri"],"_links":{"self":[{"href":"https:\/\/traditia.md\/ro\/wp-json\/wp\/v2\/posts\/37088","targetHints":{"allow":["GET"]}}],"collection":[{"href":"https:\/\/traditia.md\/ro\/wp-json\/wp\/v2\/posts"}],"about":[{"href":"https:\/\/traditia.md\/ro\/wp-json\/wp\/v2\/types\/post"}],"author":[{"embeddable":true,"href":"https:\/\/traditia.md\/ro\/wp-json\/wp\/v2\/users\/3"}],"replies":[{"embeddable":true,"href":"https:\/\/traditia.md\/ro\/wp-json\/wp\/v2\/comments?post=37088"}],"version-history":[{"count":2,"href":"https:\/\/traditia.md\/ro\/wp-json\/wp\/v2\/posts\/37088\/revisions"}],"predecessor-version":[{"id":37100,"href":"https:\/\/traditia.md\/ro\/wp-json\/wp\/v2\/posts\/37088\/revisions\/37100"}],"wp:featuredmedia":[{"embeddable":true,"href":"https:\/\/traditia.md\/ro\/wp-json\/wp\/v2\/media\/37097"}],"wp:attachment":[{"href":"https:\/\/traditia.md\/ro\/wp-json\/wp\/v2\/media?parent=37088"}],"wp:term":[{"taxonomy":"category","embeddable":true,"href":"https:\/\/traditia.md\/ro\/wp-json\/wp\/v2\/categories?post=37088"},{"taxonomy":"post_tag","embeddable":true,"href":"https:\/\/traditia.md\/ro\/wp-json\/wp\/v2\/tags?post=37088"}],"curies":[{"name":"wp","href":"https:\/\/api.w.org\/{rel}","templated":true}]}}