{"id":36796,"date":"2025-10-06T09:48:15","date_gmt":"2025-10-06T06:48:15","guid":{"rendered":"https:\/\/traditia.md\/?p=36796"},"modified":"2025-10-06T09:49:11","modified_gmt":"2025-10-06T06:49:11","slug":"rodul-efortului-dumneavoastra-se-regaseste-in-mintile-luminate-ale-tinerilor","status":"publish","type":"post","link":"https:\/\/traditia.md\/ro\/rodul-efortului-dumneavoastra-se-regaseste-in-mintile-luminate-ale-tinerilor\/","title":{"rendered":"Rodul efortului Dumneavoastr\u0103 se reg\u0103se\u0219te \u00een min\u021bile luminate ale tinerilor"},"content":{"rendered":"<p><strong><em>De ziua mondial\u0103 a educa\u021biei \u00cenaltpreasfin\u021bitul mitropolit al Chi\u0219in\u0103ului \u0219i al \u00eentregii Moldove Vladimir a adresat un <\/em><\/strong><a href=\"https:\/\/mitropolia.md\/de-ziua-mondiala-a-educatiei-inaltpreasfintitul-parinte-mitropolit-vladimir-a-adresat-un-mesaj-cadrelor-didactice\/?fbclid=IwZnRzaANO2h9leHRuA2FlbQIxMQABHiosd1QbND2tpcV_swCRF7bJ1amwV0LRkBsRd7iJ89ZEtN66cfB5x274LvU1_aem_rK2JTf0ClI5sJ28-qDvHOQ\"><strong><em>mesaj<\/em><\/strong><\/a><strong><em> cadrelor didactice.<\/em><\/strong><\/p>\n<p>Dragi profesori,<\/p>\n<p>Buni \u0219i \u00een\u021belep\u021bi dasc\u0103li,<\/p>\n<p>Cu aleas\u0103 bucurie \u0219i ad\u00e2nc\u0103 recuno\u0219tin\u021b\u0103 aducem un omagiu lucr\u0103rii \u0219i misiunii Dumneavoastr\u0103, o lucrare nobil\u0103, jertfelnic\u0103 \u0219i ziditoare \u2013 educa\u021bia.<\/p>\n<p>Rodul efortului Dumneavoastr\u0103 se reg\u0103se\u0219te \u00een sufletele formate, \u00een caracterele \u00eent\u0103rite \u0219i \u00een min\u021bile luminate ale tinerilor pe care \u00eei \u00eendruma\u021bi.<\/p>\n<p>Darul pedagogiei este unul divin, iar Sf\u00e2nta Scriptur\u0103 ne arat\u0103 c\u0103 Dumnezeu \u201ea dat pe unii apostoli, pe al\u021bii prooroci, pe al\u021bii evangheli\u0219ti, pe al\u021bii p\u0103stori \u015fi \u00eenv\u0103\u021b\u0103tori, spre des\u0103v\u00e2r\u0219irea sfin\u021bilor, la lucrul slujirii, la zidirea trupului lui Hristos\u201d (Efeseni 4:11-12).<\/p>\n<p>Sf\u00e2ntul Clement Alexandrinul, \u00een lucrarea sa <em>Pedagogul<\/em>, ni-L descoper\u0103 pe Domnul nostru Iisus Hristos ca Modelul des\u0103v\u00e2r\u0219it al \u00cenv\u0103\u021b\u0103torului, Cel care, de\u0219i nu a purtat titluri lume\u0219ti, a fost totu\u0219i numit cu dragoste: \u201e\u00cenv\u0103\u021b\u0103torule\u201d (cf. Matei 8:19; 12:38; 19:16; 22:16).<\/p>\n<p>Astfel, fiecare pedagog devine un urm\u0103tor al lui Hristos, continu\u00e2nd lucrarea Sa sf\u00e2nt\u0103 de luminare, de zidire \u0219i de formare a sufletului omenesc.<\/p>\n<p>S\u0103 ne str\u0103duim, a\u0219adar, s\u0103 lu\u0103m pild\u0103 de la \u00cenv\u0103\u021b\u0103torul Cel bl\u00e2nd \u0219i smerit cu inima (Matei 11:29), s\u0103 d\u0103ruim din iubirea, \u00een\u021belepciunea \u0219i r\u0103bdarea Lui tuturor celor care ne sunt \u00eencredin\u021ba\u021bi spre cre\u0219tere \u0219i \u00eenv\u0103\u021b\u0103tur\u0103.<\/p>\n<p>Cu prilejul Zilei Interna\u021bionale a Educa\u021biei, aducem cuvinte de recuno\u0219tin\u021b\u0103 \u0219i binecuv\u00e2ntare tuturor celor ce slujesc acestui nobil ideal \u2013 educatorilor, \u00eenv\u0103\u021b\u0103torilor, profesorilor \u0219i bibliotecarilor \u2013 adev\u0103ra\u021bi lumin\u0103tori ai min\u021bilor \u0219i inimilor.<\/p>\n<p>Sf\u00e2ntul Ioan Gur\u0103 de Aur spunea c\u0103 \u201enu este art\u0103 mai mare dec\u00e2t aceea de a forma sufletele oamenilor\u201d \u2013 iar aceast\u0103 art\u0103 o \u00eemplini\u021bi zi de zi, cu devotament \u0219i dragoste.<\/p>\n<p>V\u0103 dorim ca Dumnezeu s\u0103 v\u0103 \u00eent\u0103reasc\u0103 \u00een lucrarea Dumneavoastr\u0103, s\u0103 v\u0103 d\u0103ruiasc\u0103 bucuria roadelor binecuv\u00e2ntate \u0219i s\u0103 v\u0103 lumineze pa\u0219ii pe drumul educ\u0103rii genera\u021biilor tinere, pentru a cre\u0219te Oameni buni, \u00een\u021belep\u021bi \u0219i credincio\u0219i.<\/p>\n<p>A\u0219a s\u0103 ne ajute Dumnezeu!<\/p>\n<p>Cu arhiere\u0219ti \u0219i p\u0103rinte\u0219ti binecuv\u00e2nt\u0103ri,<\/p>\n<p style=\"text-align: right;\"><strong><em>\u2020 VLADIMIR, MITROPOLITUL CHI\u0218IN\u0102ULUI \u0218I AL \u00ceNTREGII MOLDOVE<\/em><\/strong><\/p>\n","protected":false},"excerpt":{"rendered":"<p>De ziua mondial\u0103 a educa\u021biei \u00cenaltpreasfin\u021bitul mitropolit al Chi\u0219in\u0103ului \u0219i al \u00eentregii Moldove Vladimir a adresat un mesaj cadrelor didactice. Dragi profesori,&hellip;<\/p>\n","protected":false},"author":3,"featured_media":36794,"comment_status":"open","ping_status":"closed","sticky":false,"template":"","format":"standard","meta":{"_lmt_disableupdate":"","_lmt_disable":"","slim_seo":{"title":"Rodul efortului Dumneavoastr\u0103 se reg\u0103se\u0219te \u00een min\u021bile luminate ale tinerilor - traditia.md","description":"De ziua mondial\u0103 a educa\u021biei \u00cenaltpreasfin\u021bitul mitropolit al Chi\u0219in\u0103ului \u0219i al \u00eentregii Moldove Vladimir a adresat un mesaj cadrelor didactice. Dragi profesori"},"footnotes":""},"categories":[39,38],"tags":[],"class_list":["post-36796","post","type-post","status-publish","format-standard","has-post-thumbnail","hentry","category-biserica-si-societatea","category-stiri"],"_links":{"self":[{"href":"https:\/\/traditia.md\/ro\/wp-json\/wp\/v2\/posts\/36796","targetHints":{"allow":["GET"]}}],"collection":[{"href":"https:\/\/traditia.md\/ro\/wp-json\/wp\/v2\/posts"}],"about":[{"href":"https:\/\/traditia.md\/ro\/wp-json\/wp\/v2\/types\/post"}],"author":[{"embeddable":true,"href":"https:\/\/traditia.md\/ro\/wp-json\/wp\/v2\/users\/3"}],"replies":[{"embeddable":true,"href":"https:\/\/traditia.md\/ro\/wp-json\/wp\/v2\/comments?post=36796"}],"version-history":[{"count":1,"href":"https:\/\/traditia.md\/ro\/wp-json\/wp\/v2\/posts\/36796\/revisions"}],"predecessor-version":[{"id":36797,"href":"https:\/\/traditia.md\/ro\/wp-json\/wp\/v2\/posts\/36796\/revisions\/36797"}],"wp:featuredmedia":[{"embeddable":true,"href":"https:\/\/traditia.md\/ro\/wp-json\/wp\/v2\/media\/36794"}],"wp:attachment":[{"href":"https:\/\/traditia.md\/ro\/wp-json\/wp\/v2\/media?parent=36796"}],"wp:term":[{"taxonomy":"category","embeddable":true,"href":"https:\/\/traditia.md\/ro\/wp-json\/wp\/v2\/categories?post=36796"},{"taxonomy":"post_tag","embeddable":true,"href":"https:\/\/traditia.md\/ro\/wp-json\/wp\/v2\/tags?post=36796"}],"curies":[{"name":"wp","href":"https:\/\/api.w.org\/{rel}","templated":true}]}}