{"id":36761,"date":"2025-10-03T19:37:11","date_gmt":"2025-10-03T16:37:11","guid":{"rendered":"https:\/\/traditia.md\/?p=36761"},"modified":"2025-10-03T19:38:48","modified_gmt":"2025-10-03T16:38:48","slug":"in-pofida-presiunii-sa-ramanem-fideli-bisericii-canonice-video","status":"publish","type":"post","link":"https:\/\/traditia.md\/ro\/in-pofida-presiunii-sa-ramanem-fideli-bisericii-canonice-video\/","title":{"rendered":"\u00cen pofida presiunii s\u0103 r\u0103m\u00e2nem fideli Bisericii canonice (VIDEO)"},"content":{"rendered":"<p>Arhiepiscopul de B\u0103l\u021bi \u0219i F\u0103le\u0219ti Marchel s-a adresat c\u0103tre cre\u0219tinii ortodoc\u0219i cu un mesaj \u00een care i-a prevenit c\u0103 pentru Biserica Ortodox\u0103 din Moldova vin timpuri grele \u0219i i-a chemat ca indiferent de ce se va \u00eent\u00e2mpla s\u0103 r\u0103m\u00e2n\u0103 fideli Bisericii lui Hristos.<\/p>\n<p><iframe title=\"\u00cen pofida presiunii s\u0103 r\u0103m\u00e2nem fideli Bisericii canonice\" width=\"1170\" height=\"658\" src=\"https:\/\/www.youtube.com\/embed\/ICIhuu22UV4?feature=oembed\" frameborder=\"0\" allow=\"accelerometer; autoplay; clipboard-write; encrypted-media; gyroscope; picture-in-picture; web-share\" referrerpolicy=\"strict-origin-when-cross-origin\" allowfullscreen><\/iframe><\/p>\n","protected":false},"excerpt":{"rendered":"<p>Arhiepiscopul de B\u0103l\u021bi \u0219i F\u0103le\u0219ti Marchel s-a adresat c\u0103tre cre\u0219tinii ortodoc\u0219i cu un mesaj \u00een care i-a prevenit c\u0103 pentru Biserica Ortodox\u0103&hellip;<\/p>\n","protected":false},"author":3,"featured_media":36759,"comment_status":"open","ping_status":"closed","sticky":false,"template":"","format":"standard","meta":{"_lmt_disableupdate":"","_lmt_disable":"","slim_seo":{"title":"\u00cen pofida presiunii s\u0103 r\u0103m\u00e2nem fideli Bisericii canonice (VIDEO) - traditia.md","description":"Arhiepiscopul de B\u0103l\u021bi \u0219i F\u0103le\u0219ti Marchel s-a adresat c\u0103tre cre\u0219tinii ortodoc\u0219i cu un mesaj \u00een care i-a prevenit c\u0103 pentru Biserica Ortodox\u0103 din Moldova vin tim"},"footnotes":""},"categories":[40,38],"tags":[],"class_list":["post-36761","post","type-post","status-publish","format-standard","has-post-thumbnail","hentry","category-apararea-credintei","category-stiri"],"_links":{"self":[{"href":"https:\/\/traditia.md\/ro\/wp-json\/wp\/v2\/posts\/36761","targetHints":{"allow":["GET"]}}],"collection":[{"href":"https:\/\/traditia.md\/ro\/wp-json\/wp\/v2\/posts"}],"about":[{"href":"https:\/\/traditia.md\/ro\/wp-json\/wp\/v2\/types\/post"}],"author":[{"embeddable":true,"href":"https:\/\/traditia.md\/ro\/wp-json\/wp\/v2\/users\/3"}],"replies":[{"embeddable":true,"href":"https:\/\/traditia.md\/ro\/wp-json\/wp\/v2\/comments?post=36761"}],"version-history":[{"count":1,"href":"https:\/\/traditia.md\/ro\/wp-json\/wp\/v2\/posts\/36761\/revisions"}],"predecessor-version":[{"id":36762,"href":"https:\/\/traditia.md\/ro\/wp-json\/wp\/v2\/posts\/36761\/revisions\/36762"}],"wp:featuredmedia":[{"embeddable":true,"href":"https:\/\/traditia.md\/ro\/wp-json\/wp\/v2\/media\/36759"}],"wp:attachment":[{"href":"https:\/\/traditia.md\/ro\/wp-json\/wp\/v2\/media?parent=36761"}],"wp:term":[{"taxonomy":"category","embeddable":true,"href":"https:\/\/traditia.md\/ro\/wp-json\/wp\/v2\/categories?post=36761"},{"taxonomy":"post_tag","embeddable":true,"href":"https:\/\/traditia.md\/ro\/wp-json\/wp\/v2\/tags?post=36761"}],"curies":[{"name":"wp","href":"https:\/\/api.w.org\/{rel}","templated":true}]}}