{"id":36634,"date":"2025-09-25T12:20:26","date_gmt":"2025-09-25T09:20:26","guid":{"rendered":"https:\/\/traditia.md\/?p=36634"},"modified":"2025-09-25T12:21:25","modified_gmt":"2025-09-25T09:21:25","slug":"in-ultimii-10-ani-in-moldova-au-fost-omoriti-peste-100-de-mii-de-copii-nenascuti","status":"publish","type":"post","link":"https:\/\/traditia.md\/ro\/in-ultimii-10-ani-in-moldova-au-fost-omoriti-peste-100-de-mii-de-copii-nenascuti\/","title":{"rendered":"\u00cen ultimii 10 ani, \u00een Moldova au fost omor\u00ee\u021bi peste 100 de mii de copii nen\u0103scu\u021bi"},"content":{"rendered":"<p><strong>\u00abA\u0219 vrea s\u0103 fac pu\u021bin\u0103 propagand\u0103 \u201ePentru Via\u021b\u0103\u201d \u0219i m-a\u0219 bucura dac\u0103 toate partidele (nici nu mai \u0219tiu c\u00e2te sunt) ar avea pe ordinea de zi promovarea Vie\u021bii \u0219i s\u0103 fie preocupa\u021bi de problema demografic\u0103, m\u0103car pentru ca s\u0103 putem supravie\u021bui ca neam\u00bb, scrie \u00een pagina sa de Telegram jurnalistul ortodox <\/strong><a href=\"https:\/\/t.me\/cezar_salagor\/3688\"><strong>Cezar Salagor<\/strong><\/a><strong>.<\/strong><\/p>\n<p>\u00abPotrivit <a href=\"https:\/\/statbank.statistica.md\/PxWeb\/pxweb\/ro\/30%20Statistica%20sociala\/30%20Statistica%20sociala__08%20SAN__SAN040\/SAN040200rcl.px\/table\/tableViewLayout2\/?rxid=2345d98a-890b-4459-bb1f-9b565f99b3b9\"><strong>datelor statistice oficiale<\/strong><\/a>, suntem un stat pe cale de dispari\u021bie. Cea mai stra\u0219nic\u0103 fil\u0103 este cea \u00een care citim despre num\u0103rul copiilor nen\u0103scu\u021bi, copii omor\u00ee\u021bi \u00eenc\u0103 din burta mamei \u2013 iat\u0103 adev\u0103ratul r\u0103zboi pe care nimeni nu vrea s\u0103-l observe. Pierderile umane sunt cu adev\u0103rat \u00eenfior\u0103toare.<\/p>\n<p>\u00cen ultimii 10 ani, \u00een Moldova au fost omor\u00ee\u021bi prin chiuretaj, sau cum i se spune \u00een termen medical, avorta\u021bi peste 100 de mii de copii. Peste 100 de mii (!!!) \u0219i asta sunt date oficiale. Iar dac\u0103 vorbi\u021bi cu orice ginecolog cu experien\u021b\u0103, o s\u0103 v\u0103 spun\u0103 \u00een privat c\u0103 cifra trebuie \u00eenmul\u021bit\u0103 cel pu\u021bin cu 2 sau 3 pentru c\u0103 mai ales acum, \u00een ultimii vreo 10 ani, nu sunt trecute la statistici avorturile provocate de \u201epastila avortiv\u0103\u201d care este oferit\u0103 inclusiv fetelor de la 16 ani.<\/p>\n<p>\u0218i chiar dac\u0103 observ\u0103m o diminuare a num\u0103rului anual de avorturi \u00een ultimii ani, este doar din cauza sc\u0103derii drastice a num\u0103rului popula\u021biei \u0219i vedem c\u0103 rata la 1000 de femei se men\u021bine.<\/p>\n<p>E strig\u0103tor la cer. Cred c\u0103 avem nevoie de o re\u021bea na\u021bional\u0103 de centre de consultare a mamelor aflate \u00een criz\u0103 de sarcin\u0103 care s\u0103 le conving\u0103 s\u0103 nasc\u0103 pruncii. Acest domeniu este unul ce \u021bine de securitatea na\u021bional\u0103. \u00cen plus, cred c\u0103 anume asta trebuie s\u0103 fie o sarcin\u0103 a b\u0103rba\u021bilor acestui naem, care trebuie s\u0103-\u0219i apere \u021bara.<\/p>\n<p>Iar pentru partidele politice a\u0219 avea o sugestie, s\u0103 voteze Pentru Via\u021b\u0103 \u00een Parlament \u0219i s\u0103 scoat\u0103 m\u0103car din poli\u021ba medical\u0103 aceast\u0103 procedur\u0103 barbar\u0103, dac\u0103 nu au curajul s\u0103 lupte deschis \u00eempotriva acestui masacru pe care unii l-au transfomrat \u00een \u201edrept al omului\u201d.<\/p>\n<p><strong>Doamne, ocrote\u0219te-i pe to\u021bi copiii n\u0103scu\u021bi \u0219i nen\u0103scu\u021bi.<\/strong><\/p>\n<p><em>Nota autorului: Informatia statistic\u0103 este prezentata fara datele raioanelor din partea stinga a Nistrului si municipiul Bender.<\/em><em>\u00bb<\/em><\/p>\n<p><strong><em>\u00cen imagine:<\/em><\/strong><em> Monumentul copilului nen\u0103scut din Slovacia.<\/em><\/p>\n<p><span style=\"color: #800000;\"><strong>Nota redac\u021biei:<\/strong> <\/span>La 28 octombrie 2011, \u00een ora\u0219ul slovac Bardejovska Nova Ves a fost inaugurat\u0103 lucrarea de sculptur\u0103 intitulat\u0103 \u201eCopilul care nu s-a mai n\u0103scut niciodat\u0103\u201d. Monumentul a fost realizat de sculptorul Martin Hud\u00e1\u010dek la ini\u021biativa unui grup de femei care regret\u0103 c\u0103 \u00eentr-un anume moment al vie\u021bii lor au \u201eales\u201d s\u0103-\u0219i avorteze copiii.<\/p>\n","protected":false},"excerpt":{"rendered":"<p>\u00abA\u0219 vrea s\u0103 fac pu\u021bin\u0103 propagand\u0103 \u201ePentru Via\u021b\u0103\u201d \u0219i m-a\u0219 bucura dac\u0103 toate partidele (nici nu mai \u0219tiu c\u00e2te sunt) ar avea&hellip;<\/p>\n","protected":false},"author":3,"featured_media":36632,"comment_status":"open","ping_status":"closed","sticky":false,"template":"","format":"standard","meta":{"_lmt_disableupdate":"","_lmt_disable":"","slim_seo":{"title":"\u00cen ultimii 10 ani, \u00een Moldova au fost omor\u00ee\u021bi peste 100 de mii de copii nen\u0103scu\u021bi - traditia.md","description":"\u00abA\u0219 vrea s\u0103 fac pu\u021bin\u0103 propagand\u0103 \u201ePentru Via\u021b\u0103\u201d \u0219i m-a\u0219 bucura dac\u0103 toate partidele (nici nu mai \u0219tiu c\u00e2te sunt) ar avea pe ordinea de zi promovarea Vie\u021bii \u0219i"},"footnotes":""},"categories":[44,45,837,38],"tags":[],"class_list":["post-36634","post","type-post","status-publish","format-standard","has-post-thumbnail","hentry","category-actualitate","category-bloguri","category-cezar-salagor","category-stiri"],"_links":{"self":[{"href":"https:\/\/traditia.md\/ro\/wp-json\/wp\/v2\/posts\/36634","targetHints":{"allow":["GET"]}}],"collection":[{"href":"https:\/\/traditia.md\/ro\/wp-json\/wp\/v2\/posts"}],"about":[{"href":"https:\/\/traditia.md\/ro\/wp-json\/wp\/v2\/types\/post"}],"author":[{"embeddable":true,"href":"https:\/\/traditia.md\/ro\/wp-json\/wp\/v2\/users\/3"}],"replies":[{"embeddable":true,"href":"https:\/\/traditia.md\/ro\/wp-json\/wp\/v2\/comments?post=36634"}],"version-history":[{"count":0,"href":"https:\/\/traditia.md\/ro\/wp-json\/wp\/v2\/posts\/36634\/revisions"}],"wp:featuredmedia":[{"embeddable":true,"href":"https:\/\/traditia.md\/ro\/wp-json\/wp\/v2\/media\/36632"}],"wp:attachment":[{"href":"https:\/\/traditia.md\/ro\/wp-json\/wp\/v2\/media?parent=36634"}],"wp:term":[{"taxonomy":"category","embeddable":true,"href":"https:\/\/traditia.md\/ro\/wp-json\/wp\/v2\/categories?post=36634"},{"taxonomy":"post_tag","embeddable":true,"href":"https:\/\/traditia.md\/ro\/wp-json\/wp\/v2\/tags?post=36634"}],"curies":[{"name":"wp","href":"https:\/\/api.w.org\/{rel}","templated":true}]}}