{"id":36153,"date":"2025-08-13T10:44:17","date_gmt":"2025-08-13T07:44:17","guid":{"rendered":"https:\/\/traditia.md\/?p=36153"},"modified":"2025-08-13T10:46:29","modified_gmt":"2025-08-13T07:46:29","slug":"vocea-mireanului-problemele-bisericii-incep-din-interior-video","status":"publish","type":"post","link":"https:\/\/traditia.md\/ro\/vocea-mireanului-problemele-bisericii-incep-din-interior-video\/","title":{"rendered":"VOCEA MIREANULUI: \u201eProblemele Bisericii \u00eencep din interior\u201d (VIDEO)"},"content":{"rendered":"<p><strong>\u00centr-o adresare video postat\u0103 pe re\u021belele de socializare activistul civic Sergiu Ungureanu, \u00een calitatea sa de membru al Bisericii Ortodoxe din Moldova, atrage aten\u021bia la dou\u0103 nereguli din via\u021ba curent\u0103 a Protopopiatului Anenii Noi.<\/strong><\/p>\n<p>Prima se refer\u0103 la nepomenirea la slujbe de c\u0103tre unii preo\u021bi a Patriarhului Chiril. Dincolo de faptul \u00eenc\u0103lc\u0103rii regulii care \u00eei oblig\u0103 pe to\u021bi slujitorii Sf\u00e2ntului Altar din cuprinsul Mitropoliei Chi\u0219in\u0103ului \u0219i a \u00eentregii Moldove s\u0103-l pomeneasc\u0103 pe Patriarul Moscovei \u0219i al \u00eentregii Rusii, Ungureanu consider\u0103 c\u0103 nepomenirea constituie un prim pas spre tr\u0103darea Bisericii canonice \u0219i trecerea la schismatici.<\/p>\n<p>A dou\u0103 neregul\u0103 semnalat\u0103 de Sergiu Ungureanu este coslujirea unor preo\u021bi din cadrul protopopiatului Anenii Noi cu reprezentan\u021bii structurii necanonice \u201eMitropolia Basarabiei\u201d.<\/p>\n<p><iframe title=\"Sergiu Ungureanu: \u201eProblemele Bisericii \u00eencep din interior\u201d\" width=\"1170\" height=\"658\" src=\"https:\/\/www.youtube.com\/embed\/UnouYzSA6Bs?feature=oembed\" frameborder=\"0\" allow=\"accelerometer; autoplay; clipboard-write; encrypted-media; gyroscope; picture-in-picture; web-share\" referrerpolicy=\"strict-origin-when-cross-origin\" allowfullscreen><\/iframe><\/p>\n","protected":false},"excerpt":{"rendered":"<p>\u00centr-o adresare video postat\u0103 pe re\u021belele de socializare activistul civic Sergiu Ungureanu, \u00een calitatea sa de membru al Bisericii Ortodoxe din Moldova,&hellip;<\/p>\n","protected":false},"author":3,"featured_media":36151,"comment_status":"open","ping_status":"closed","sticky":false,"template":"","format":"standard","meta":{"_lmt_disableupdate":"","_lmt_disable":"","slim_seo":{"title":"VOCEA MIREANULUI: \u201eProblemele Bisericii \u00eencep din interior\u201d (VIDEO) - traditia.md","description":"\u00centr-o adresare video postat\u0103 pe re\u021belele de socializare activistul civic Sergiu Ungureanu, \u00een calitatea sa de membru al Bisericii Ortodoxe din Moldova, atrage"},"footnotes":""},"categories":[38,1720],"tags":[],"class_list":["post-36153","post","type-post","status-publish","format-standard","has-post-thumbnail","hentry","category-stiri","category-unitatea-bisericii"],"_links":{"self":[{"href":"https:\/\/traditia.md\/ro\/wp-json\/wp\/v2\/posts\/36153","targetHints":{"allow":["GET"]}}],"collection":[{"href":"https:\/\/traditia.md\/ro\/wp-json\/wp\/v2\/posts"}],"about":[{"href":"https:\/\/traditia.md\/ro\/wp-json\/wp\/v2\/types\/post"}],"author":[{"embeddable":true,"href":"https:\/\/traditia.md\/ro\/wp-json\/wp\/v2\/users\/3"}],"replies":[{"embeddable":true,"href":"https:\/\/traditia.md\/ro\/wp-json\/wp\/v2\/comments?post=36153"}],"version-history":[{"count":0,"href":"https:\/\/traditia.md\/ro\/wp-json\/wp\/v2\/posts\/36153\/revisions"}],"wp:featuredmedia":[{"embeddable":true,"href":"https:\/\/traditia.md\/ro\/wp-json\/wp\/v2\/media\/36151"}],"wp:attachment":[{"href":"https:\/\/traditia.md\/ro\/wp-json\/wp\/v2\/media?parent=36153"}],"wp:term":[{"taxonomy":"category","embeddable":true,"href":"https:\/\/traditia.md\/ro\/wp-json\/wp\/v2\/categories?post=36153"},{"taxonomy":"post_tag","embeddable":true,"href":"https:\/\/traditia.md\/ro\/wp-json\/wp\/v2\/tags?post=36153"}],"curies":[{"name":"wp","href":"https:\/\/api.w.org\/{rel}","templated":true}]}}