{"id":36021,"date":"2025-08-03T12:52:09","date_gmt":"2025-08-03T09:52:09","guid":{"rendered":"https:\/\/traditia.md\/?p=36021"},"modified":"2025-08-03T12:53:18","modified_gmt":"2025-08-03T09:53:18","slug":"sfantul-prooroc-ilie-pe-icoane","status":"publish","type":"post","link":"https:\/\/traditia.md\/ro\/sfantul-prooroc-ilie-pe-icoane\/","title":{"rendered":"Sf\u00e2ntul Prooroc Ilie pe icoane"},"content":{"rendered":"<p><strong><em>La 2 august l-am s\u0103rb\u0103torit pe Sf\u00e2ntul Prooroc Ilie Tesviteanul. Mai jos ave\u021bi o succint\u0103 informa\u021bie despre reprezentarea Proorocului Ilie \u00een iconografie.<\/em><\/strong><\/p>\n<p>Pe icoanele \u0219i frescele vechi, Ilie este \u00eenf\u0103\u021bi\u0219at ca un b\u0103rbat cu p\u0103r lung, barb\u0103 deas\u0103, \u00eenf\u0103\u0219urat \u00eentr-o mantie de l\u00e2n\u0103. Pe cap poart\u0103 o c\u0103ciuli\u021b\u0103, iar \u00een m\u00e2ini \u2013 un sul. Aceste detalii sunt profund simbolice:<\/p>\n<p><em>Mantia<\/em> \u2013 semn al peregrin\u0103rii, pustniciei \u0219i al disponibilit\u0103\u021bii de a l\u0103sa totul pentru voia lui Dumnezeu.<\/p>\n<p><em>P\u0103rul lung<\/em> \u2013 semnul votului nazireilor, al unei consacr\u0103ri totale lui Dumnezeu.<\/p>\n<p><em>Sulul<\/em> \u2013 amintire a cuv\u00e2ntului profetic care trebuie p\u0103strat.<\/p>\n<p>Ce semnific\u0103 scenele reprezentate pe icoane?<\/p>\n<p><em>Ilie \u0219i corbul<\/em> \u2013 simbolul purt\u0103rii de grij\u0103 a lui Dumnezeu. Corbul \u00eei aducea p\u00e2ine \u0219i carne c\u00e2nd se ascundea l\u00e2ng\u0103 p\u00e2r\u00e2ul Cherit \u00een timpul secetei.<\/p>\n<p><em>\u00cen\u0103l\u021barea lui Ilie<\/em> \u2013 este luat la cer \u00eentr-un car de foc tras de cai de foc. Aceasta este imaginea trecerii sf\u00e2ntului \u00een lumea \u00eengereasc\u0103.<\/p>\n<p>Prorocul Ilie a fost un mustr\u0103tor aspru al r\u0103ului, chem\u00e2nd poporul la poc\u0103in\u021b\u0103 \u0219i credincio\u0219ie fa\u021b\u0103 de Dumnezeu. Fie ca via\u021ba lui s\u0103 ne inspire spre statornicie \u00een credin\u021b\u0103 \u0219i dorin\u021b\u0103 de adev\u0103r dumnezeiesc.<\/p>\n<p style=\"text-align: right;\"><em>Sursa: <a href=\"https:\/\/t.me\/sare_si_lumina\/2350\"><strong>Sare \u0219i Lumin\u0103<\/strong><\/a><\/em><\/p>\n","protected":false},"excerpt":{"rendered":"<p>La 2 august l-am s\u0103rb\u0103torit pe Sf\u00e2ntul Prooroc Ilie Tesviteanul. Mai jos ave\u021bi o succint\u0103 informa\u021bie despre reprezentarea Proorocului Ilie \u00een iconografie.&hellip;<\/p>\n","protected":false},"author":3,"featured_media":36019,"comment_status":"open","ping_status":"closed","sticky":false,"template":"","format":"standard","meta":{"_lmt_disableupdate":"","_lmt_disable":"","slim_seo":{"title":"Sf\u00e2ntul Prooroc Ilie pe icoane - traditia.md","description":"La 2 august l-am s\u0103rb\u0103torit pe Sf\u00e2ntul Prooroc Ilie Tesviteanul. Mai jos ave\u021bi o succint\u0103 informa\u021bie despre reprezentarea Proorocului Ilie \u00een iconografie. Pe ic"},"footnotes":""},"categories":[40,38],"tags":[],"class_list":["post-36021","post","type-post","status-publish","format-standard","has-post-thumbnail","hentry","category-apararea-credintei","category-stiri"],"_links":{"self":[{"href":"https:\/\/traditia.md\/ro\/wp-json\/wp\/v2\/posts\/36021","targetHints":{"allow":["GET"]}}],"collection":[{"href":"https:\/\/traditia.md\/ro\/wp-json\/wp\/v2\/posts"}],"about":[{"href":"https:\/\/traditia.md\/ro\/wp-json\/wp\/v2\/types\/post"}],"author":[{"embeddable":true,"href":"https:\/\/traditia.md\/ro\/wp-json\/wp\/v2\/users\/3"}],"replies":[{"embeddable":true,"href":"https:\/\/traditia.md\/ro\/wp-json\/wp\/v2\/comments?post=36021"}],"version-history":[{"count":0,"href":"https:\/\/traditia.md\/ro\/wp-json\/wp\/v2\/posts\/36021\/revisions"}],"wp:featuredmedia":[{"embeddable":true,"href":"https:\/\/traditia.md\/ro\/wp-json\/wp\/v2\/media\/36019"}],"wp:attachment":[{"href":"https:\/\/traditia.md\/ro\/wp-json\/wp\/v2\/media?parent=36021"}],"wp:term":[{"taxonomy":"category","embeddable":true,"href":"https:\/\/traditia.md\/ro\/wp-json\/wp\/v2\/categories?post=36021"},{"taxonomy":"post_tag","embeddable":true,"href":"https:\/\/traditia.md\/ro\/wp-json\/wp\/v2\/tags?post=36021"}],"curies":[{"name":"wp","href":"https:\/\/api.w.org\/{rel}","templated":true}]}}