{"id":35543,"date":"2025-06-30T14:06:42","date_gmt":"2025-06-30T11:06:42","guid":{"rendered":"https:\/\/traditia.md\/?p=35543"},"modified":"2025-06-30T14:07:57","modified_gmt":"2025-06-30T11:07:57","slug":"atacul-raider-asupra-bisericii-din-satul-grinauti-este-o-crima-impotriva-poporului-si-a-credintei","status":"publish","type":"post","link":"https:\/\/traditia.md\/ro\/atacul-raider-asupra-bisericii-din-satul-grinauti-este-o-crima-impotriva-poporului-si-a-credintei\/","title":{"rendered":"Atacul raider asupra bisericii din satul Grin\u0103u\u021bi este o crim\u0103 \u00eempotriva poporului \u0219i a credin\u021bei"},"content":{"rendered":"<p><strong><a href=\"https:\/\/socialistii.md\/ru\/psrm-czerkovnoe-rejderstvo-v-sele-grinauczy-prestuplenie-protiv-naroda-i-very\/\">Declara\u021bia<\/a> Partidului Sociali\u0219tilor din Republica Moldova<\/strong> <strong>cu privire la preluarea for\u021bat\u0103 a bisericii Mitropoliei Moldovei din satul Grin\u0103u\u021bi<\/strong><strong>.<\/strong><\/p>\n<p>La 28 iunie, \u00een satul Grin\u0103u\u021bi din raionul R\u00ee\u0219cani, a avut loc un act revolt\u0103tor de \u201eatac raider religios\u201d \u2013 reprezentan\u021bii a\u0219a-numitei \u201eMitropolii a Basarabiei\u201d, cu sprijinul poli\u021biei \u0219i al autorit\u0103\u021bilor locale, au \u00eencercat s\u0103 preia cu for\u021ba Biserica \u201eNa\u0219terea Maicii Domnului\u201d, ce apar\u021bine canonic Bisericii Ortodoxe din Moldova.<\/p>\n<p>Condamn\u0103m categoric acest atac banditesc asupra unui loca\u0219 sf\u00e2nt. Este o crim\u0103 nu doar \u00eempotriva legii, ci \u0219i \u00eempotriva con\u0219tiin\u021bei, credin\u021bei \u0219i integrit\u0103\u021bii spirituale a poporului nostru.<\/p>\n<p>Exprim\u0103m sprijinul deplin pentru Biserica Ortodox\u0103 canonic\u0103 din Moldova \u0219i pentru credincio\u0219ii din Grin\u0103u\u021bi, care au dat dovad\u0103 de curaj ap\u0103r\u00e2ndu-\u0219i biserica. \u00cencercarea de a lua cu for\u021ba l\u0103ca\u0219ul de cult de la o comunitate care, \u00eentr-un raport de 7 la 1, a exprimat dorin\u021ba clar\u0103 de a r\u0103m\u00e2ne parte a Mitropoliei Moldovei este un act de violen\u021b\u0103 camuflat sub pretext religios.<\/p>\n<p>Comportamentul poli\u021biei provoac\u0103 o indignare deosebit\u0103: \u00een loc s\u0103 apere ordinea \u0219i legea, aceasta s-a transformat \u00eentr-o b\u00e2t\u0103 folosit\u0103 \u00eempotriva credincio\u0219ilor ortodoc\u0219i care au format un scut viu pentru a-\u0219i proteja biserica. Prezen\u021ba a zeci de clerici rom\u00e2ni, ac\u021bion\u00e2nd cu sus\u021binerea structurilor de stat, demonstreaz\u0103 c\u0103 \u00een Republica Moldova se dezvolt\u0103, sub acoperirea autorit\u0103\u021bilor, un mecanism de \u201eatac raider religios\u201d anticonstitu\u021bional, inspirat de modelul ucrainean.<\/p>\n<p>PSRM avertizeaz\u0103: drumul pe care au pornit autorit\u0103\u021bile, al\u0103turi de schismatici, este unul al haosului \u0219i confrunt\u0103rii. Ortodoxia este o parte inseparabil\u0103 a suveranit\u0103\u021bii spirituale a Moldovei, fundamentul identit\u0103\u021bii noastre, al istoriei \u0219i viitorului nostru. Nu vom permite structurilor rom\u00e2ne\u0219ti, cu sprijinul unei conduceri nelegitime a Republicii Moldova, s\u0103 destrame unitatea bisericeasc\u0103 a \u021b\u0103rii \u00een favoarea intereselor geopolitice ale Bucure\u0219tiului \u0219i Bruxellesului.<\/p>\n<p>Partidul Sociali\u0219tilor solicit\u0103:<\/p>\n<p>= \u00eencetarea imediat\u0103 a violen\u021belor \u00eempotriva credincio\u0219ilor ortodoc\u0219i;<\/p>\n<p>= desf\u0103\u0219urarea unei anchete obiective privind ac\u021biunile poli\u021biei \u0219i ale autorit\u0103\u021bilor locale;<\/p>\n<p>= respectarea dreptului credincio\u0219ilor Mitropoliei Moldovei de a-\u0219i practica liber credin\u021ba, f\u0103r\u0103 amestecul schismaticilor \u0219i al for\u021belor str\u0103ine.<\/p>\n<p>Facem apel c\u0103tre toate for\u021bele politice, civice \u0219i biserice\u0219ti responsabile din \u021bar\u0103 s\u0103 se consolideze pentru a ap\u0103ra identitatea spiritual\u0103 na\u021bional\u0103 \u0219i pentru a preveni repetarea scenariului de dezbinare aplicat \u00een Ucraina.<\/p>\n","protected":false},"excerpt":{"rendered":"<p>Declara\u021bia Partidului Sociali\u0219tilor din Republica Moldova cu privire la preluarea for\u021bat\u0103 a bisericii Mitropoliei Moldovei din satul Grin\u0103u\u021bi. La 28 iunie, \u00een&hellip;<\/p>\n","protected":false},"author":3,"featured_media":35541,"comment_status":"open","ping_status":"closed","sticky":false,"template":"","format":"standard","meta":{"_lmt_disableupdate":"","_lmt_disable":"","slim_seo":{"title":"Atacul raider asupra bisericii din satul Grin\u0103u\u021bi este o crim\u0103 \u00eempotriva poporului \u0219i a credin\u021bei - traditia.md","description":"Declara\u021bia Partidului Sociali\u0219tilor din Republica Moldova cu privire la preluarea for\u021bat\u0103 a bisericii Mitropoliei Moldovei din satul Grin\u0103u\u021bi . La 28 iunie, \u00een"},"footnotes":""},"categories":[39,38],"tags":[],"class_list":["post-35543","post","type-post","status-publish","format-standard","has-post-thumbnail","hentry","category-biserica-si-societatea","category-stiri"],"_links":{"self":[{"href":"https:\/\/traditia.md\/ro\/wp-json\/wp\/v2\/posts\/35543","targetHints":{"allow":["GET"]}}],"collection":[{"href":"https:\/\/traditia.md\/ro\/wp-json\/wp\/v2\/posts"}],"about":[{"href":"https:\/\/traditia.md\/ro\/wp-json\/wp\/v2\/types\/post"}],"author":[{"embeddable":true,"href":"https:\/\/traditia.md\/ro\/wp-json\/wp\/v2\/users\/3"}],"replies":[{"embeddable":true,"href":"https:\/\/traditia.md\/ro\/wp-json\/wp\/v2\/comments?post=35543"}],"version-history":[{"count":0,"href":"https:\/\/traditia.md\/ro\/wp-json\/wp\/v2\/posts\/35543\/revisions"}],"wp:featuredmedia":[{"embeddable":true,"href":"https:\/\/traditia.md\/ro\/wp-json\/wp\/v2\/media\/35541"}],"wp:attachment":[{"href":"https:\/\/traditia.md\/ro\/wp-json\/wp\/v2\/media?parent=35543"}],"wp:term":[{"taxonomy":"category","embeddable":true,"href":"https:\/\/traditia.md\/ro\/wp-json\/wp\/v2\/categories?post=35543"},{"taxonomy":"post_tag","embeddable":true,"href":"https:\/\/traditia.md\/ro\/wp-json\/wp\/v2\/tags?post=35543"}],"curies":[{"name":"wp","href":"https:\/\/api.w.org\/{rel}","templated":true}]}}