{"id":35290,"date":"2025-06-17T12:15:16","date_gmt":"2025-06-17T09:15:16","guid":{"rendered":"https:\/\/traditia.md\/?p=35290"},"modified":"2025-06-17T12:15:16","modified_gmt":"2025-06-17T09:15:16","slug":"cum-pregatim-sufletul-pentru-eternitate","status":"publish","type":"post","link":"https:\/\/traditia.md\/ro\/cum-pregatim-sufletul-pentru-eternitate\/","title":{"rendered":"Cum preg\u0103tim sufletul pentru eternitate?"},"content":{"rendered":"<p><span style=\"font-size: 12pt;\"><strong>15 iunie \u2013 o duminic\u0103 cu o traist\u0103 de s\u0103rb\u0103tori, dar am ales s\u0103 le semnific\u0103m cele mai aproape de sufletul nostru, s\u0103rb\u0103tori ce urmeaz\u0103 s\u0103 le primenim, s\u0103 le r\u00e2nduim, s\u0103 le dejchioc\u0103m ca s\u0103 vedem vrerea \u0219i menirea noastr\u0103 pe p\u0103m\u00e2nt. Dac\u0103 la Sf\u00e2nta Liturghie am aflat c\u0103 tot \u00een aceast\u0103 zi e Duminica Tuturor Sfin\u021bilor, de ce, mi-am zis, s\u0103 nu le intercal\u0103m \u0219i s\u0103 rev\u0103rs\u0103m lumina acestor sfin\u021bi peste sufletele celor prezen\u021bi \u00een cadrul \u0219edin\u021bei Cenaclului literar-cre\u0219tin \u201eCuv\u00e2ntul\u201d cu genericul \u201eCum preg\u0103tim sufletul pentru eternitate?\u201d <\/strong><\/span><\/p>\n<p>Mul\u021bumim\u00a0 participan\u021bilor care au fost prezen\u021bi \u00een cadrul sedin\u021bei cenaclului \u0219i au fost foarte activi, venind cu diferite comunic\u0103ri cre\u0219tine, s-au implicat \u00een discu\u021bii interesante viz\u00e2nd tematica anun\u021bat\u0103: \u201eCum preg\u0103tim sufletul pentru eternitate\u201d.\u00a0<\/p>\n<p>Au fost prezentate interesante comunic\u0103ri:<\/p>\n<p>= <em>\u201eVia\u021ba e o \u0219coal\u0103. Cine \u00eenva\u021b\u0103 azi la facultatea de suferin\u021b\u0103?\u201d<\/em> de <strong>Tatiana Croitor<\/strong>, poet\u0103, psiholog, pre\u0219edintele Asocia\u021biei ortodox-cre\u0219tin\u0103 \u201eAscior\u201d, director adjunct al Centrului de crea\u021bie Orhei;<\/p>\n<p>= <em>\u201eCe este sufletul \u0219i menirea lui<\/em>\u201d, cominicare prezentat\u0103 de <strong>Irina Dohotaru<\/strong>, teolog, poet\u0103;<\/p>\n<p>= <em>\u201eCu ochii la cer\u201d<\/em>, un dialog cre\u0219tin cu publicul \u00een cadrul cenaclului, prezentat de scriitoarea <strong>Raisa Pl\u0103ie\u0219u<\/strong>, \u00een al c\u0103rui cadru fiec\u0103rui i s-a oferit c\u00e2te o \u00eentrebare.<\/p>\n<p>Evident, cei prezen\u021bi aveau emo\u021bii, dar au r\u0103spuns \u00een m\u0103sura cunoa\u0219terii de sine, \u00een dependen\u021b\u0103 de sinceritatea credin\u021bei ce-o poart\u0103 fiecare \u00een suflet.<\/p>\n<p><strong>Ludmila Sochirc\u0103<\/strong>, poet\u0103 \u0219i medic; <strong>Valentin Astafi<\/strong>, poet, \u0219ef de sec\u021bie la Biblioteca Public\u0103 \u201eOnisifor Ghibu\u201d au vorbit despre lansarea car\u021bii de poezie\u00a0 <em>\u201eOchiul de lumin\u0103\u201d<\/em>, autor <em>Cristian Pl\u0103ie\u0219u<\/em>.<\/p>\n<p>Recitalul de poezie cre\u0219tin\u0103, eminescian\u0103 \u0219i de cea dedicat\u0103 s\u0103rb\u0103torii medicilor a fost prezentat de poe\u021bii: <strong>Petru Hasna\u0219, Cristina Ciobanu, Svetlana Guranda, Elena Dereli, Maria Dodu, Tatiana Croitor<\/strong> \u0219i al\u021bii. Deoarece a \u00eenceput \u0219i Postul Sfin\u021bolor Apostoli Petru \u0219i Pavel, cei prezen\u021bi \u0219i-au \u00eenbog\u0103\u021bi sufletul cu cele mai esen\u021biale \u0219i utile sfinte informa\u021bii, iar a doua zi am fost surprins\u0103 de p\u0103rerile celor prezen\u021bi la cenaclu.<\/p>\n<p><strong><em>P.S.<\/em><\/strong> \u00cen continuare a\u0219 vrea s\u0103 dau c\u00e2tevai mesaje ale celor care au r\u0103mas \u00eenseta\u021bi de aceast\u0103 discu\u021bie foarte necesar\u0103 \u00een tulbur\u0103rile timpului de azi:<\/p>\n<p><strong>Tatiana Croitor:<\/strong> <em>\u201eProfund sunt recunosc\u0103toare, distins\u0103 doamn\u0103 Raisa Pl\u0103ie\u0219u, pentru organizarea acestor evenimente cre\u0219tine care au un impact semnificativ pentru comunitate! Sunte\u021bi un soare ce lumineaz\u0103 inimile noastre prin cuvintele pline de \u00een\u021belepciune! V\u0103 cuprind cu inima \u0219i s\u0103 ne revedem cu bine!\u201d<\/em>;<\/p>\n<p><strong>Rodica Zuza<\/strong>: <em>\u201eSincere felicit\u0103ri, pentru momentul de lumin\u0103 \u0219i inspira\u021bie! C\u00e2rtea \u201eOchiul de lumin\u0103\u201d este o fereastr\u0103 deschis\u0103 spre profunzimea g\u00e2ndului \u0219i frumuse\u021bea sufletului. Continu\u0103 s\u0103 scrii, s\u0103 visezi \u0219i s\u0103 d\u0103ruie\u0219ti lumii cuv\u00e2ntul t\u0103u viu!\u201d; <\/em><\/p>\n<p><strong>Ludmila Sochirc\u0103:<\/strong> <em>\u201eO nou\u00e2 Duminic\u0103 a sufletului organizat\u0103 cu mult\u0103 credin\u021b\u0103 \u0219i dragoste de carte de doamna Raisa Pl\u0103ie\u0219u, distins\u0103 scriitoare \u0219i ziarist\u0103. S\u0103rb\u0103toare tripl\u0103: Discu\u021bii la tema cre\u0219tin\u0103 cu genericul: ,,Cum preg\u0103tim sufletul pentru eternitate&#8221;, Lansare de carte ,, Ochiul de lumin\u0103&#8221; a poetului Cristian Pl\u0103ie\u0219u \u0219i Ziua Medicului. Felicit\u0103ri, Cristian cu editarea unui nou prunc literar! Mul\u021bumim tuturor!\u201d;<\/em><\/p>\n<p><strong>Tatiana Croitor:<\/strong> <em>\u201eAst\u0103zi am fost invitat\u0103 \u00een cadrul Cenaclului literar &#8222;Cuv\u00e2ntul&#8221; ce a avut loc la Biblioteca &#8222;Onisifor Ghibu&#8221; din Chi\u0219in\u0103u. VIA\u021aA ESTE O \u0218COAL\u0102 &#8230;a fost tema pe care mi s-a propus s\u0103 o abordez \u00een cadrul cenaclului cu scriitorii! Sunt binecuv\u00e2ntat\u0103 s\u0103 am al\u0103turi de mine oameni care \u00eemi apreciaz\u0103 crea\u021bia \u0219i \u00eemi ofer\u0103 zboruri spre noi culmi!<\/em> ;<\/p>\n<p><strong>Svetlana Guranda:<\/strong> <em>\u201eM\u0103 simt fericit\u0103 c\u00e2nd vin la \u0219edin\u021bele acestui cenaclu. Aici m\u0103 reg\u0103sesc at\u00e2t \u00een crea\u021bia poetic\u0103, c\u00e2t \u0219i m\u0103 informez cu tot noi \u0219i noi informa\u021bii cre\u0219tine \u00een diferite aspecte. Azi bun\u0103oar\u0103 am aflat multe lucruri ceea ce nu \u0219tiam despre suflet. Adev\u0103rat c\u0103 via\u021ba e o \u0219coal\u0103 \u0219i darul poe\u021bilor pe p\u0103m\u00e2nt este lumina cuv\u00e2ntului.\u201d<\/em><\/p>\n<p style=\"text-align: right;\"><strong><em>Raisa Pl\u0103ie\u0219u, <br \/>\npentru Traditia.md<\/em><\/strong><\/p>\n<p><img fetchpriority=\"high\" decoding=\"async\" class=\" wp-image-35291 aligncenter\" src=\"https:\/\/traditia.md\/wp-content\/uploads\/2025\/06\/1a-1.jpg\" alt=\"1\u0430\" width=\"391\" height=\"553\" srcset=\"https:\/\/traditia.md\/wp-content\/uploads\/2025\/06\/1a-1.jpg 750w, https:\/\/traditia.md\/wp-content\/uploads\/2025\/06\/1a-1-212x300.jpg 212w, https:\/\/traditia.md\/wp-content\/uploads\/2025\/06\/1a-1-724x1024.jpg 724w, https:\/\/traditia.md\/wp-content\/uploads\/2025\/06\/1a-1-585x828.jpg 585w\" sizes=\"(max-width: 391px) 100vw, 391px\" \/><img decoding=\"async\" class=\"size-full wp-image-35293 aligncenter\" src=\"https:\/\/traditia.md\/wp-content\/uploads\/2025\/06\/2a-1.jpg\" alt=\"2\u0430\" width=\"326\" height=\"213\" srcset=\"https:\/\/traditia.md\/wp-content\/uploads\/2025\/06\/2a-1.jpg 326w, https:\/\/traditia.md\/wp-content\/uploads\/2025\/06\/2a-1-300x196.jpg 300w\" sizes=\"(max-width: 326px) 100vw, 326px\" \/><\/p>\n<p><img decoding=\"async\" class=\"alignnone size-full wp-image-35295\" src=\"https:\/\/traditia.md\/wp-content\/uploads\/2025\/06\/3a-1.jpg\" alt=\"3\u0430\" width=\"228\" height=\"350\" srcset=\"https:\/\/traditia.md\/wp-content\/uploads\/2025\/06\/3a-1.jpg 228w, https:\/\/traditia.md\/wp-content\/uploads\/2025\/06\/3a-1-195x300.jpg 195w\" sizes=\"(max-width: 228px) 100vw, 228px\" \/> <img loading=\"lazy\" decoding=\"async\" class=\"alignnone size-full wp-image-35297\" src=\"https:\/\/traditia.md\/wp-content\/uploads\/2025\/06\/4a.jpg\" alt=\"4\u0430\" width=\"258\" height=\"350\" srcset=\"https:\/\/traditia.md\/wp-content\/uploads\/2025\/06\/4a.jpg 258w, https:\/\/traditia.md\/wp-content\/uploads\/2025\/06\/4a-221x300.jpg 221w\" sizes=\"(max-width: 258px) 100vw, 258px\" \/> <img loading=\"lazy\" decoding=\"async\" class=\"alignnone size-full wp-image-35299\" src=\"https:\/\/traditia.md\/wp-content\/uploads\/2025\/06\/5a.jpg\" alt=\"5\u0430\" width=\"233\" height=\"350\" srcset=\"https:\/\/traditia.md\/wp-content\/uploads\/2025\/06\/5a.jpg 233w, https:\/\/traditia.md\/wp-content\/uploads\/2025\/06\/5a-200x300.jpg 200w\" sizes=\"(max-width: 233px) 100vw, 233px\" \/><\/p>\n","protected":false},"excerpt":{"rendered":"<p>15 iunie \u2013 o duminic\u0103 cu o traist\u0103 de s\u0103rb\u0103tori, dar am ales s\u0103 le semnific\u0103m cele mai aproape de sufletul nostru,&hellip;<\/p>\n","protected":false},"author":3,"featured_media":35301,"comment_status":"open","ping_status":"closed","sticky":false,"template":"","format":"standard","meta":{"_lmt_disableupdate":"","_lmt_disable":"","slim_seo":{"title":"Cum preg\u0103tim sufletul pentru eternitate? - traditia.md","description":"15 iunie \u2013 o duminic\u0103 cu o traist\u0103 de s\u0103rb\u0103tori, dar am ales s\u0103 le semnific\u0103m cele mai aproape de sufletul nostru, s\u0103rb\u0103tori ce urmeaz\u0103 s\u0103 le primenim, s\u0103 le r\u00e2"},"footnotes":""},"categories":[41,38],"tags":[],"class_list":["post-35290","post","type-post","status-publish","format-standard","has-post-thumbnail","hentry","category-istorie-si-cultura","category-stiri"],"_links":{"self":[{"href":"https:\/\/traditia.md\/ro\/wp-json\/wp\/v2\/posts\/35290","targetHints":{"allow":["GET"]}}],"collection":[{"href":"https:\/\/traditia.md\/ro\/wp-json\/wp\/v2\/posts"}],"about":[{"href":"https:\/\/traditia.md\/ro\/wp-json\/wp\/v2\/types\/post"}],"author":[{"embeddable":true,"href":"https:\/\/traditia.md\/ro\/wp-json\/wp\/v2\/users\/3"}],"replies":[{"embeddable":true,"href":"https:\/\/traditia.md\/ro\/wp-json\/wp\/v2\/comments?post=35290"}],"version-history":[{"count":0,"href":"https:\/\/traditia.md\/ro\/wp-json\/wp\/v2\/posts\/35290\/revisions"}],"wp:featuredmedia":[{"embeddable":true,"href":"https:\/\/traditia.md\/ro\/wp-json\/wp\/v2\/media\/35301"}],"wp:attachment":[{"href":"https:\/\/traditia.md\/ro\/wp-json\/wp\/v2\/media?parent=35290"}],"wp:term":[{"taxonomy":"category","embeddable":true,"href":"https:\/\/traditia.md\/ro\/wp-json\/wp\/v2\/categories?post=35290"},{"taxonomy":"post_tag","embeddable":true,"href":"https:\/\/traditia.md\/ro\/wp-json\/wp\/v2\/tags?post=35290"}],"curies":[{"name":"wp","href":"https:\/\/api.w.org\/{rel}","templated":true}]}}