{"id":34722,"date":"2025-05-13T12:34:31","date_gmt":"2025-05-13T09:34:31","guid":{"rendered":"https:\/\/traditia.md\/?p=34722"},"modified":"2025-05-13T12:35:21","modified_gmt":"2025-05-13T09:35:21","slug":"biserica-avertizeaza-in-magazine-pot-aparea-alimente-noi-greieri-de-casa-si-lavre-de-gandaci","status":"publish","type":"post","link":"https:\/\/traditia.md\/ro\/biserica-avertizeaza-in-magazine-pot-aparea-alimente-noi-greieri-de-casa-si-lavre-de-gandaci\/","title":{"rendered":"Biserica avertizeaz\u0103: \u00een magazine pot ap\u0103rea \u201ealimente noi\u201d \u2013 greieri de cas\u0103 \u0219i lavre de g\u00e2ndaci"},"content":{"rendered":"<p><strong>Duminic\u0103, 11 mai 2025, arhiepiscopul de Ungheni \u0219i Nisporeni Petru a convocat \u00eentr-o \u0219edin\u021b\u0103 Comitetul p\u0103rintesc al eparhiei. \u00cen debut au fost prezentate c\u00e2teva teme sensibile \u0219i actuale, cea de baz\u0103 fiind \u201enovel foods\u201d \u2013 \u201ealimentele noi\u201d.<\/strong><\/p>\n<p>Potrivit Hot\u0103r\u00e2rii Guvernului Republicii Moldova nr. 165, din 26 martie 2025, alimente noi sunt alimentele ce nu au fost utilizate pentru consumul uman \u00eenainte de 15 mai 1997.<\/p>\n<p>Astfel, \u00een magazinele din Moldova urmeaz\u0103 s\u0103 apar\u0103 inclusiv produse ce pot con\u021bine: <strong>greiere de casa <\/strong><em>(acheta domesticus)<\/em>, <strong>larva de vierme galben<\/strong> <em>(tenebrio molitor)<\/em>, <strong>larva g\u00e2ndacului de b\u0103legar<\/strong> <em>(alphitobius)<\/em>, <strong>l\u0103cust\u0103 migratoare<\/strong> <em>(locusta migratoria)<\/em>, precum \u0219i produse ce con\u021bin <strong>nanomaterial fabricat<\/strong> sau <strong>nanoparticule<\/strong>.<\/p>\n<p>Analiza legisla\u021biei Republicii Moldova, dar \u0219i a prevederilor legale din alte state pe tema data a fost efectuat\u0103 de c\u0103tre grupul de juri\u0219ti al Eparhiei de Ungheni \u0219i Nisporeni, ei fiind \u0219i raportorii de baz\u0103 din cadrul \u0219edin\u021bei.<\/p>\n<p>Analiz\u00e2nd riscurile administr\u0103rii acestei categorii de alimente, \u00een final, Comitetul p\u0103rintesc a adoptat decizia de a \u00eenainta o adresare c\u0103tre organele de stat competente cu urm\u0103toarele cerin\u021be:<\/p>\n<ol>\n<li><strong> Etichetarea deosebita, clar\u0103 \u0219i vizibil\u0103 ale acestor produse,<\/strong><\/li>\n<li><strong> Produsele sa fie prezentate \u00een suprafe\u021bele de v\u00e2nzare \u00eentr-un stand separat,<\/strong><\/li>\n<li><strong> Interzicerea de a folosi astfel de produse \u00een institu\u021biile de \u00eenv\u0103\u021b\u0103m\u00e2nt din \u021bar\u0103.<\/strong><\/li>\n<\/ol>\n<p>\u00cenaltpreasfin\u021bia Sa arhiepiscopul Petru a vorbit despre necesitatea \u0219i importan\u021ba desf\u0103\u0219ur\u0103rii \u00eentrunirilor Comitetului p\u0103rintesc pentru a se informa \u00eendeaproape cu provoc\u0103rile actuale \u0219i a lua cuno\u0219tin\u021b\u0103 de metodele \u0219i mijloacele prin care se poate r\u0103spunde sau sta \u00eempotriva acestor provoc\u0103ri.<\/p>\n<p style=\"text-align: right;\"><em>Sursa: <a href=\"https:\/\/episcopia-ungheni.md\/ro\/crestinul-in-era-noilor-tehnologii-intrunirea-comitetul-parintesc-al-episcopiei-de-ungheni-si-nisporeni\/?q=\/ro\/crestinul-in-era-noilor-tehnologii-intrunirea-comitetul-parintesc-al-episcopiei\/&amp;\"><strong>Episcopia de Ungheni \u0219i Nisporeni<\/strong><\/a><\/em><\/p>\n","protected":false},"excerpt":{"rendered":"<p>Duminic\u0103, 11 mai 2025, arhiepiscopul de Ungheni \u0219i Nisporeni Petru a convocat \u00eentr-o \u0219edin\u021b\u0103 Comitetul p\u0103rintesc al eparhiei. \u00cen debut au fost&hellip;<\/p>\n","protected":false},"author":3,"featured_media":34720,"comment_status":"open","ping_status":"closed","sticky":false,"template":"","format":"standard","meta":{"_lmt_disableupdate":"","_lmt_disable":"","slim_seo":{"title":"Biserica avertizeaz\u0103: \u00een magazine pot ap\u0103rea \u201ealimente noi\u201d \u2013 greieri de cas\u0103 \u0219i lavre de g\u00e2ndaci - traditia.md","description":"Duminic\u0103, 11 mai 2025, arhiepiscopul de Ungheni \u0219i Nisporeni Petru a convocat \u00eentr-o \u0219edin\u021b\u0103 Comitetul p\u0103rintesc al eparhiei. \u00cen debut au fost prezentate c\u00e2teva"},"footnotes":""},"categories":[39,38],"tags":[],"class_list":["post-34722","post","type-post","status-publish","format-standard","has-post-thumbnail","hentry","category-biserica-si-societatea","category-stiri"],"_links":{"self":[{"href":"https:\/\/traditia.md\/ro\/wp-json\/wp\/v2\/posts\/34722","targetHints":{"allow":["GET"]}}],"collection":[{"href":"https:\/\/traditia.md\/ro\/wp-json\/wp\/v2\/posts"}],"about":[{"href":"https:\/\/traditia.md\/ro\/wp-json\/wp\/v2\/types\/post"}],"author":[{"embeddable":true,"href":"https:\/\/traditia.md\/ro\/wp-json\/wp\/v2\/users\/3"}],"replies":[{"embeddable":true,"href":"https:\/\/traditia.md\/ro\/wp-json\/wp\/v2\/comments?post=34722"}],"version-history":[{"count":0,"href":"https:\/\/traditia.md\/ro\/wp-json\/wp\/v2\/posts\/34722\/revisions"}],"wp:featuredmedia":[{"embeddable":true,"href":"https:\/\/traditia.md\/ro\/wp-json\/wp\/v2\/media\/34720"}],"wp:attachment":[{"href":"https:\/\/traditia.md\/ro\/wp-json\/wp\/v2\/media?parent=34722"}],"wp:term":[{"taxonomy":"category","embeddable":true,"href":"https:\/\/traditia.md\/ro\/wp-json\/wp\/v2\/categories?post=34722"},{"taxonomy":"post_tag","embeddable":true,"href":"https:\/\/traditia.md\/ro\/wp-json\/wp\/v2\/tags?post=34722"}],"curies":[{"name":"wp","href":"https:\/\/api.w.org\/{rel}","templated":true}]}}