{"id":34317,"date":"2025-04-22T09:48:39","date_gmt":"2025-04-22T06:48:39","guid":{"rendered":"https:\/\/traditia.md\/?p=34317"},"modified":"2025-04-22T09:48:39","modified_gmt":"2025-04-22T06:48:39","slug":"cum-ne-pregatim-de-pasti","status":"publish","type":"post","link":"https:\/\/traditia.md\/ro\/cum-ne-pregatim-de-pasti\/","title":{"rendered":"Cum ne preg\u0103tim de Pa\u0219ti?.."},"content":{"rendered":"<p><strong>Privesc la lumea aglomerat\u0103 din strad\u0103 ce ca ni\u0219te furnici roie\u0219te \u00een ultimile zile din Postul Mare. Alearg\u0103 \u00een toate p\u0103r\u021bile fiecare cu saco\u0219e, gen\u021bi pline de cump\u0103r\u0103turi. Evident c\u0103 se preg\u0103tesc de Pa\u0219ti. \u0218i e ora de sear\u0103, c\u00e2nd lumea ar trebui s\u0103 asiste la vecerniile \u00een ultimile zile de post din S\u0103pt\u0103m\u00e2na Mare. Dar de ce s\u0103 se duc\u0103, c\u0103ci nu au nevoie de Dumnezeu, ci mai mult de cump\u0103r\u0103turi, consider\u00e2nd c\u0103 ele sunt principalul la s\u0103rb\u0103toarea de Pa\u0219ti. <\/strong><\/p>\n<p>C\u0103 a\u0219a s-au \u00eenv\u0103\u021bat oamenii no\u0219tri, \u00een ajun de Pa\u0219ti, s\u0103-\u0219i cumpere cele mai frumoase haine, s\u0103 preg\u0103teasc\u0103 fel de fel de m\u00e2nc\u0103ruri, s\u0103 fac\u0103 mese \u00eenc\u0103rcate cu cele mai alese bucate, ca ochii invita\u021bilor c\u00e2nd vor veni s\u0103 aib\u0103 de la ce a se mira de cele v\u0103zute \u0219i apoi gura s\u0103 m\u00e2n\u00e2nce, apoi s\u0103 se laude ce-a m\u00e2ncat \u0219i tot a\u0219a mai departe&#8230;<\/p>\n<p>\u0218i apoi mai vine \u0219i S\u0103rb\u0103toarea de Blajini, unde trebuie s\u0103 mai cumpere cele mai scumpe pomene ca s\u0103 fie \u00een \u201er\u00e2nd cu lumea\u201d, c\u0103 d\u0103, m\u0103 rog, trebuie s\u0103-\u0219i deie unul altuia de poman\u0103 ca s\u0103 fie mul\u021bumi\u021bi unul fa\u021b\u0103 de altul, c\u0103 Doamne fere\u0219te s\u0103 nu-\u0219i \u201escoat\u0103 ochii\u201d \u0219i s\u0103 se vorbeasc\u0103 de r\u0103u. \u0218i ce-i s\u0103raci s\u0103-i priveasc\u0103 \u00een cimitir dintr-o parte cu ochi tri\u0219ti, s\u0103 a\u0219tepte mult p\u00e2n\u0103 le va da cineva ceva de\u00a0 poman\u0103&#8230;<\/p>\n<p>M\u0103 \u00eentreb, oare a\u0219a trebuie s\u0103 ne preg\u0103tim de Pa\u0219ti? \u0218i \u00een felul acesta se repet\u0103 \u00een fiece an, tot pun\u00e2ndu-se accentul \u0219i pre\u021bul pe ac\u021biunile materiale, dar nu pe cele spirituale.<\/p>\n<p><img fetchpriority=\"high\" decoding=\"async\" class=\"size-full wp-image-34318 aligncenter\" src=\"https:\/\/traditia.md\/wp-content\/uploads\/2025\/04\/bucate12.jpg\" alt=\"Bucate12\" width=\"700\" height=\"525\" srcset=\"https:\/\/traditia.md\/wp-content\/uploads\/2025\/04\/bucate12.jpg 700w, https:\/\/traditia.md\/wp-content\/uploads\/2025\/04\/bucate12-300x225.jpg 300w, https:\/\/traditia.md\/wp-content\/uploads\/2025\/04\/bucate12-585x439.jpg 585w\" sizes=\"(max-width: 700px) 100vw, 700px\" \/><\/p>\n<p>\u00cen ziua de Pa\u0219ti, Dumnezeu vrea s\u0103 ne vad\u0103 nu cu mesele \u00eenc\u0103rc\u0103rcate de m\u00e2nc\u0103ruri, ci cu cugetul \u00eenc\u0103rcat de g\u00e2nduri \u0219i fapte frumoase, cu cele mai alese virtu\u021bi cre\u0219tine \u0219i s\u0103 respect\u0103m cele zece porunci ale Domnului. Vrea s\u0103 ne vad\u0103 lumina\u021bi \u00een toate, purt\u00e2nd \u00een suflet adev\u0103rata credin\u021b\u0103 \u00een Dumnezeu, smeri\u021bi \u0219i cump\u0103ta\u021bi, r\u0103bd\u0103tori \u0219i buni la suflet, cu iubire mare de aproapele nostru. \u0218i atunci ce fel de m\u0103rturisiri fac cre\u0219tinii no\u0219tri sub epitrahilul duhovnicului \u0219i cum respect\u0103m Sfintele Taine primite \u00een Postul Mare, dac\u0103\u00a0 tot ei, cre\u0219tini, m\u0103rturisesc una \u0219i fac alta prin via\u021b\u0103 \u0219i repet\u0103 acelea\u0219i p\u0103cate ani de-a r\u00e2ndul?<\/p>\n<p>Se mai \u00eent\u00e2mpl\u0103 de multe ori chiar \u0219i atunci c\u00e2nd intri \u00een casa unui om \u0219i pe perete nu vezi nici o icoan\u0103, nici urm\u0103 de candel\u0103 sau vreo carte de rug\u0103ciuni, vezi doar luxuri fel de fel, cele mai frumoase tablouri, coper\u021bi de c\u0103r\u021bi dintre cele mai frumoase, care nu sunt r\u0103sfoite \u0219i citite de nimeni.<\/p>\n<p>\u00cenvierea Domnului este cel mai important moment al calendarului religios \u0219i punctul fudamental pe care se sprijin\u0103 credin\u021ba cre\u0219tin\u0103. \u00cenvierea concentreaz\u0103 speran\u021bele \u0219i n\u0103zuin\u021ba uman\u0103 spre dep\u0103\u0219irea limitelor \u0219i situa\u021biilor care par de ne\u00eenvins. S\u0103b\u0103toarea de Pa\u0219ti este ziua, pe care o sim\u021bim intens, gra\u021bie v\u0103lorii ei spirituale \u0219i care ne face s\u0103 tr\u0103im clipe de bucurie \u0219i pace interioar\u0103.<\/p>\n<p style=\"text-align: right;\"><strong><em>Raisa Pl\u0103ie\u0219u, pentru Traditia.md<\/em><\/strong><\/p>\n","protected":false},"excerpt":{"rendered":"<p>Privesc la lumea aglomerat\u0103 din strad\u0103 ce ca ni\u0219te furnici roie\u0219te \u00een ultimile zile din Postul Mare. Alearg\u0103 \u00een toate p\u0103r\u021bile fiecare&hellip;<\/p>\n","protected":false},"author":3,"featured_media":34320,"comment_status":"open","ping_status":"closed","sticky":false,"template":"","format":"standard","meta":{"_lmt_disableupdate":"","_lmt_disable":"","slim_seo":{"title":"Cum ne preg\u0103tim de Pa\u0219ti?.. - traditia.md","description":"Privesc la lumea aglomerat\u0103 din strad\u0103 ce ca ni\u0219te furnici roie\u0219te \u00een ultimile zile din Postul Mare. Alearg\u0103 \u00een toate p\u0103r\u021bile fiecare cu saco\u0219e, gen\u021bi pline de"},"footnotes":""},"categories":[44,38],"tags":[],"class_list":["post-34317","post","type-post","status-publish","format-standard","has-post-thumbnail","hentry","category-actualitate","category-stiri"],"_links":{"self":[{"href":"https:\/\/traditia.md\/ro\/wp-json\/wp\/v2\/posts\/34317","targetHints":{"allow":["GET"]}}],"collection":[{"href":"https:\/\/traditia.md\/ro\/wp-json\/wp\/v2\/posts"}],"about":[{"href":"https:\/\/traditia.md\/ro\/wp-json\/wp\/v2\/types\/post"}],"author":[{"embeddable":true,"href":"https:\/\/traditia.md\/ro\/wp-json\/wp\/v2\/users\/3"}],"replies":[{"embeddable":true,"href":"https:\/\/traditia.md\/ro\/wp-json\/wp\/v2\/comments?post=34317"}],"version-history":[{"count":0,"href":"https:\/\/traditia.md\/ro\/wp-json\/wp\/v2\/posts\/34317\/revisions"}],"wp:featuredmedia":[{"embeddable":true,"href":"https:\/\/traditia.md\/ro\/wp-json\/wp\/v2\/media\/34320"}],"wp:attachment":[{"href":"https:\/\/traditia.md\/ro\/wp-json\/wp\/v2\/media?parent=34317"}],"wp:term":[{"taxonomy":"category","embeddable":true,"href":"https:\/\/traditia.md\/ro\/wp-json\/wp\/v2\/categories?post=34317"},{"taxonomy":"post_tag","embeddable":true,"href":"https:\/\/traditia.md\/ro\/wp-json\/wp\/v2\/tags?post=34317"}],"curies":[{"name":"wp","href":"https:\/\/api.w.org\/{rel}","templated":true}]}}