{"id":34301,"date":"2025-04-21T10:29:25","date_gmt":"2025-04-21T07:29:25","guid":{"rendered":"https:\/\/traditia.md\/?p=34301"},"modified":"2025-04-21T10:31:09","modified_gmt":"2025-04-21T07:31:09","slug":"pastorala-inaltpreasfintitului-mitropolit-vladimir-la-invierea-domnului-2025","status":"publish","type":"post","link":"https:\/\/traditia.md\/ro\/pastorala-inaltpreasfintitului-mitropolit-vladimir-la-invierea-domnului-2025\/","title":{"rendered":"Pastorala \u00cenaltpreasfin\u021bitului Mitropolit Vladimir la \u00cenvierea Domnului 2025"},"content":{"rendered":"<blockquote>\n<p style=\"text-align: right;\"><em>\u00ab\u00cenvierea Ta, Hristoase M\u00e2ntuitorule, \u00eengerii o laud\u0103 \u00een ceruri <br \/>\n\u0219i pe noi pe p\u0103m\u00e2nt ne \u00eenvrednice\u0219te cu inim\u0103 curat\u0103 s\u0103 Te sl\u0103vim!\u00bb<\/em><\/p>\n<\/blockquote>\n<p><strong><em>Preasfin\u021bi\u021bi arhip\u0103stori, preacuvio\u0219i \u0219i preacucernici p\u0103rin\u021bi, cinsti\u021bi monahi \u0219i monahii, iubi\u021bi \u00eentru Hristos Cel \u00cenviat fra\u021bi \u0219i surori,<\/em><\/strong><\/p>\n<p style=\"text-align: center;\"><span style=\"color: #ff0000;\"><strong>Hristos a \u00eenviat!<\/strong><\/span><\/p>\n<p>\u00cenvierea M\u00e2ntuitorului nostru Iisus Hristos aduce pacea \u0219i lumina, harul \u0219i binecuv\u00e2ntarea de la o margine p\u00e2n\u0103 la cealalt\u0103 a lumii. Ea s-a petrecut aici pe p\u0103m\u00e2nt \u0219i s-a f\u0103cut \u00een primul r\u00e2nd pentru noi oamenii, dar dimensiunea \u00cenvierii trece dincolo de toate hotarele omului \u0219i ale p\u0103m\u00e2ntului \u0219i cuprinde \u00eentreg universul \u0219i cerul. Nem\u0103rginirea ei \u021bine de nem\u0103rginirea Fiului lui Dumnezeu, care S-a \u00eentrupat \u0219i S-a f\u0103cut Om \u0219i pentru m\u00e2ntuirea noastr\u0103, a suferit r\u0103stignirea \u0219i moartea pe Cruce, ca s\u0103 biruiasc\u0103 moartea \u0219i por\u021bile iadului. S\u0103 izb\u0103veasc\u0103 pe to\u021bi care cred \u00een \u00cenvierea Lui \u0219i s\u0103-i ia la Sine, \u00een slava cea <em>\u201cde-a dreapta Tat\u0103lui\u201d<\/em>.<\/p>\n<p>A sl\u0103vi \u00cenvierea Domnului \u00eenseamn\u0103 a-L sl\u0103vi pe Dumnezeu <em>\u201c\u00eentru t\u0103ria puterii Lui\u201d<\/em> (Psalmi 150:1) a\u0219a cum c\u00e2nt\u0103 proorocul David \u00een Psalmi. Domnul nostru Iisus Hristos spune despre unii dintre ucenicii S\u0103i de atunci, c\u0103 <em>\u201cnu vor gusta moartea p\u00e2n\u0103 ce nu vor vedea \u00eemp\u0103r\u0103\u0163ia lui Dumnezeu, venind \u00eentru putere\u201d<\/em> (Marcu 9:1). \u00cenvierea lui Hristos este venirea \u00cemp\u0103r\u0103\u021biei lui Dumnezeu \u00eentru putere. Cei de atunci n-au murit trupe\u0219te p\u00e2n\u0103 n-au v\u0103zut pe Hristos \u00cenviat din mor\u021bi, iar noi, cei de dup\u0103 d\u00e2n\u0219ii, nu vom muri, dac\u0103 vom p\u0103stra cu sfin\u021benie credin\u021ba \u00een El, Biruitorul mor\u021bii.<\/p>\n<p>S\u0103 nu confund\u0103m, iubi\u021bi credincio\u0219i, moartea trupeasc\u0103, care este o trecere din aceast\u0103 lume, prin adormirea trupului, cu moartea cea de-a doua, despre care vorbe\u0219te Apocalipsa. Cei care cred cu adev\u0103rat \u00een Hristos \u0219i tr\u0103iesc \u00een Lumina \u00cenvierii Lui, f\u0103c\u00e2nd faptele cele bune, prin care se sl\u0103ve\u0219te Tat\u0103l Cel Ceresc, se fac p\u0103rta\u0219i \u00cenvierii Mielului lui Dumnezeu \u0219i trec din lumea aceasta, dar peste ei moartea cea de-a doua, adic\u0103 desp\u0103r\u021birea de Dumnezeu pentru ve\u0219nicie, la Judecata de Apoi, nu are putere, fiindc\u0103 au crezut \u00een Unul-N\u0103scut Fiul lui Dumnezeu, Care a venit \u00een lume <em>\u00abca oricine crede \u00een El s\u0103 nu piar\u0103, ci s\u0103 aib\u0103 via\u0163\u0103 ve\u015fnic\u0103\u00bb<\/em> (Ioan 3:16).<\/p>\n<p><strong><em>Iubi\u021bi fra\u021bi \u0219i surori,<\/em><\/strong><\/p>\n<p>Apostolul Pavel ne spune c\u0103 <em>\u00abf\u0103r\u0103 \u00cenviere credin\u021ba noastr\u0103 este zadarnic\u0103\u00bb<\/em> (I Corinteni 15:14). Dac\u0103 nu credem \u00een \u00cenviere, r\u0103m\u00e2nem \u00een \u00eentunericul minciunii lume\u0219ti \u0219i \u00een\u0219el\u0103ciunii diavole\u0219ti. Dac\u0103 nu credem \u00een Hristos Cel \u00cenviat, suntem pierdu\u021bi pentru ve\u0219nicie. De aceea, \u00een aceast\u0103 sf\u00e2nt\u0103 \u0219i sl\u0103vit\u0103 zi de Pa\u0219ti ne rug\u0103m s\u0103 fim \u00eenvrednici\u021bi de Lumina \u00cenvierii Lui, ca lumin\u00e2ndu-ne inima \u0219i mintea, \u00eempreun\u0103 cu \u00eengerii din ceruri, s\u0103 sl\u0103vim \u0219i pe p\u0103m\u00e2nt \u00cenvierea Lui Hristos.<\/p>\n<p style=\"text-align: center;\"><span style=\"color: #ff0000;\"><strong>Hristos a \u00cenviat!<\/strong><\/span><\/p>\n<p>Aceast\u0103 salutare ve\u0219nic\u0103 \u0219i m\u00e2ntuitoare vreau s\u0103 ajung\u0103 la inima voastr\u0103 a tuturor, la cei din \u021aar\u0103 \u0219i la cei din diaspor\u0103. Lumina \u00cenvierii s\u0103 lumineze poporul nostru de pretutindeni. To\u021bi s\u0103 ne bucur\u0103m \u0219i s\u0103 s\u0103rb\u0103torim pe Domnul nostru, Cel care a \u00cenviat din mor\u021bi. Ne rug\u0103m ca <em>\u00abPacea Lui, care nu va avea hotar<\/em>\u00bb (Isaia 9:6) s\u0103 cuprind\u0103 toat\u0103 umanitatea. S\u0103 \u00eenceteze r\u0103zboaiele, ca nimeni s\u0103 nu fie\u00a0 omor\u00e2t, ci to\u021bi fiind <em>\u201cchema\u021bi la \u00cenviere\u201d<\/em>, s\u0103 pre\u021buim darul acestei vie\u021bi p\u0103m\u00e2nte\u0219ti dat fiec\u0103ruia \u0219i a\u0219a s\u0103 mergem spre Hristos \u2013 Via\u021ba Ve\u015fnic\u0103.<\/p>\n<p style=\"text-align: center;\"><span style=\"color: #ff0000;\"><strong>Cu adev\u0103rat a \u00eenviat Hristos!<\/strong><\/span><\/p>\n<p><strong><em>Al vostru p\u0103rinte, c\u0103tre Domnul Vie\u021bii rug\u0103tor,<\/em><\/strong><\/p>\n<p style=\"text-align: right;\"><em>\u2020 VLADIMIR, MITROPOLITUL CHI\u0218IN\u0102ULUI \u0218I AL \u00ceNTREGII MOLDOVE<\/em><\/p>\n<p style=\"text-align: right;\"><em>\u00cenvierea Domnului,<\/em><\/p>\n<p style=\"text-align: right;\"><em>Anul m\u00e2ntuirii 2025,<\/em><\/p>\n<p style=\"text-align: right;\"><em>ora\u0219ul Chi\u0219in\u0103u<\/em><\/p>\n","protected":false},"excerpt":{"rendered":"<p>\u00ab\u00cenvierea Ta, Hristoase M\u00e2ntuitorule, \u00eengerii o laud\u0103 \u00een ceruri \u0219i pe noi pe p\u0103m\u00e2nt ne \u00eenvrednice\u0219te cu inim\u0103 curat\u0103 s\u0103 Te sl\u0103vim!\u00bb&hellip;<\/p>\n","protected":false},"author":3,"featured_media":34299,"comment_status":"open","ping_status":"closed","sticky":false,"template":"","format":"standard","meta":{"_lmt_disableupdate":"","_lmt_disable":"","slim_seo":{"title":"Pastorala \u00cenaltpreasfin\u021bitului Mitropolit Vladimir la \u00cenvierea Domnului 2025 - traditia.md","description":"\u00ab\u00cenvierea Ta, Hristoase M\u00e2ntuitorule, \u00eengerii o laud\u0103 \u00een ceruri \u0219i pe noi pe p\u0103m\u00e2nt ne \u00eenvrednice\u0219te cu inim\u0103 curat\u0103 s\u0103 Te sl\u0103vim!\u00bb Preasfin\u021bi\u021bi arhip\u0103stori, pr"},"footnotes":""},"categories":[39,38],"tags":[],"class_list":["post-34301","post","type-post","status-publish","format-standard","has-post-thumbnail","hentry","category-biserica-si-societatea","category-stiri"],"_links":{"self":[{"href":"https:\/\/traditia.md\/ro\/wp-json\/wp\/v2\/posts\/34301","targetHints":{"allow":["GET"]}}],"collection":[{"href":"https:\/\/traditia.md\/ro\/wp-json\/wp\/v2\/posts"}],"about":[{"href":"https:\/\/traditia.md\/ro\/wp-json\/wp\/v2\/types\/post"}],"author":[{"embeddable":true,"href":"https:\/\/traditia.md\/ro\/wp-json\/wp\/v2\/users\/3"}],"replies":[{"embeddable":true,"href":"https:\/\/traditia.md\/ro\/wp-json\/wp\/v2\/comments?post=34301"}],"version-history":[{"count":0,"href":"https:\/\/traditia.md\/ro\/wp-json\/wp\/v2\/posts\/34301\/revisions"}],"wp:featuredmedia":[{"embeddable":true,"href":"https:\/\/traditia.md\/ro\/wp-json\/wp\/v2\/media\/34299"}],"wp:attachment":[{"href":"https:\/\/traditia.md\/ro\/wp-json\/wp\/v2\/media?parent=34301"}],"wp:term":[{"taxonomy":"category","embeddable":true,"href":"https:\/\/traditia.md\/ro\/wp-json\/wp\/v2\/categories?post=34301"},{"taxonomy":"post_tag","embeddable":true,"href":"https:\/\/traditia.md\/ro\/wp-json\/wp\/v2\/tags?post=34301"}],"curies":[{"name":"wp","href":"https:\/\/api.w.org\/{rel}","templated":true}]}}