{"id":34212,"date":"2025-04-16T08:02:04","date_gmt":"2025-04-16T05:02:04","guid":{"rendered":"https:\/\/traditia.md\/?p=34212"},"modified":"2025-04-15T22:06:23","modified_gmt":"2025-04-15T19:06:23","slug":"sfintirea-prinoaselor-pascale-la-combinatul-de-panificatie-franzeluta-video","status":"publish","type":"post","link":"https:\/\/traditia.md\/ro\/sfintirea-prinoaselor-pascale-la-combinatul-de-panificatie-franzeluta-video\/","title":{"rendered":"Sfin\u021birea prinoaselor pascale la Combinatul de Panifica\u0163ie \u201eFranzelu\u0163a\u201d (VIDEO)"},"content":{"rendered":"<p><strong>Mar\u021bi, la 15 aprilie, \u00een S\u0103pt\u0103m\u00e2na Patimilor, conform tradi\u021biei, \u00een preajma praznicului \u00cenvierii Domnului \u00cent\u00e2ist\u0103t\u0103torul Bisericii Ortodoxe din Moldova mitropolitul Chi\u0219in\u0103ului \u0219i al \u00eentregii Moldove Vladimir a binecuv\u00e2ntat prinoasele pascale la Combinatul de Panifica\u0163ie \u201cFranzelu\u0163a\u201d din municipiul Chi\u015fin\u0103u.<\/strong><\/p>\n<p>Evenimentul a avut loc \u00een prezen\u0163a conducerii de v\u00e2rf a \u00eentreprinderii \u015fi a numero\u015filor angaja\u021bi.<\/p>\n<p>Dup\u0103 s\u0103v\u00e2r\u0219irea slujbei de sfin\u021bire, \u00een luarea sa de cuv\u00e2nt mitropolitul Vladimir le-a amintit celor prezen\u021bi despre felul \u00een care gospodinele preg\u0103teau pe vremuri cozonacii pentru s\u0103rb\u0103toare, iar \u00een ziua \u00cenvierii veneau la Biseric\u0103 cu pasca: \u201eContinu\u00e2nd tradi\u021bia multianual\u0103, am s\u0103v\u00e2r\u0219it ast\u0103zi rug\u0103ciunea comun\u0103 \u0219i sfin\u021birea produselor tradi\u0163ionale pentru masa de Pa\u015fti \u0219i ne rug\u0103m ca Bunul Dumnezeu s\u0103 inmul\u021beasc\u0103 \u00een inimile noastre credin\u021ba, dragostea \u0219i pacea. Dumnezeu s\u0103 v\u0103 binecuv\u00e2nteze cu binecuv\u00e2nt\u0103rile Sale cere\u0219ti pentru m\u0103rea\u021ba s\u0103rb\u0103toare a \u00cenvierii\u201d.<\/p>\n<p>Totodat\u0103, \u00cenaltpreasfin\u021bia Sa a urat tuturor angaja\u0163ilor ca \u015fi \u00een continuare s\u0103 bucure concet\u0103\u0163enii no\u015ftri cu produse de cea mai \u00eenalt\u0103 calitate, iar de Pa\u015fti s\u0103 aduc\u0103 pe mesele credincio\u015filor pasca \u015fi cozonacul nelipsi\u021bi.<\/p>\n<p style=\"text-align: right;\"><em>Sursa: <a href=\"https:\/\/mitropolia.md\/ips-mitropolit-vladimir-a-savarsit-slujba-de-sfintire-a-prinoaselor-pascale-la-combinatul-de-panificatie-franzeluta-3\/\"><strong>Mitropolia Chi\u0219in\u0103ului \u0219i a \u00eentregii Moldova<\/strong><\/a><\/em><\/p>\n<p><iframe title=\"Mitropolitul Vladimir sfin\u021be\u0219te\u00a0prinoasele pascale la \u201eFranzelu\u0163a\u201d\" width=\"1170\" height=\"658\" src=\"https:\/\/www.youtube.com\/embed\/gjyOpkhn4cQ?feature=oembed\" frameborder=\"0\" allow=\"accelerometer; autoplay; clipboard-write; encrypted-media; gyroscope; picture-in-picture; web-share\" referrerpolicy=\"strict-origin-when-cross-origin\" allowfullscreen><\/iframe><\/p>\n","protected":false},"excerpt":{"rendered":"<p>Mar\u021bi, la 15 aprilie, \u00een S\u0103pt\u0103m\u00e2na Patimilor, conform tradi\u021biei, \u00een preajma praznicului \u00cenvierii Domnului \u00cent\u00e2ist\u0103t\u0103torul Bisericii Ortodoxe din Moldova mitropolitul Chi\u0219in\u0103ului \u0219i&hellip;<\/p>\n","protected":false},"author":3,"featured_media":34210,"comment_status":"open","ping_status":"closed","sticky":false,"template":"","format":"standard","meta":{"_lmt_disableupdate":"","_lmt_disable":"","slim_seo":{"title":"Sfin\u021birea prinoaselor pascale la Combinatul de Panifica\u0163ie \u201eFranzelu\u0163a\u201d (VIDEO) - traditia.md","description":"Mar\u021bi, la 15 aprilie, \u00een S\u0103pt\u0103m\u00e2na Patimilor, conform tradi\u021biei, \u00een preajma praznicului \u00cenvierii Domnului \u00cent\u00e2ist\u0103t\u0103torul Bisericii Ortodoxe din Moldova mitropo"},"footnotes":""},"categories":[39,38],"tags":[],"class_list":["post-34212","post","type-post","status-publish","format-standard","has-post-thumbnail","hentry","category-biserica-si-societatea","category-stiri"],"_links":{"self":[{"href":"https:\/\/traditia.md\/ro\/wp-json\/wp\/v2\/posts\/34212","targetHints":{"allow":["GET"]}}],"collection":[{"href":"https:\/\/traditia.md\/ro\/wp-json\/wp\/v2\/posts"}],"about":[{"href":"https:\/\/traditia.md\/ro\/wp-json\/wp\/v2\/types\/post"}],"author":[{"embeddable":true,"href":"https:\/\/traditia.md\/ro\/wp-json\/wp\/v2\/users\/3"}],"replies":[{"embeddable":true,"href":"https:\/\/traditia.md\/ro\/wp-json\/wp\/v2\/comments?post=34212"}],"version-history":[{"count":0,"href":"https:\/\/traditia.md\/ro\/wp-json\/wp\/v2\/posts\/34212\/revisions"}],"wp:featuredmedia":[{"embeddable":true,"href":"https:\/\/traditia.md\/ro\/wp-json\/wp\/v2\/media\/34210"}],"wp:attachment":[{"href":"https:\/\/traditia.md\/ro\/wp-json\/wp\/v2\/media?parent=34212"}],"wp:term":[{"taxonomy":"category","embeddable":true,"href":"https:\/\/traditia.md\/ro\/wp-json\/wp\/v2\/categories?post=34212"},{"taxonomy":"post_tag","embeddable":true,"href":"https:\/\/traditia.md\/ro\/wp-json\/wp\/v2\/tags?post=34212"}],"curies":[{"name":"wp","href":"https:\/\/api.w.org\/{rel}","templated":true}]}}