{"id":34121,"date":"2025-04-11T14:04:24","date_gmt":"2025-04-11T11:04:24","guid":{"rendered":"https:\/\/traditia.md\/?p=34121"},"modified":"2025-04-11T14:50:38","modified_gmt":"2025-04-11T11:50:38","slug":"preotii-moldoveni-au-nevoie-de-asistenta-juridica","status":"publish","type":"post","link":"https:\/\/traditia.md\/ro\/preotii-moldoveni-au-nevoie-de-asistenta-juridica\/","title":{"rendered":"Preo\u021bii moldoveni au nevoie de asisten\u021b\u0103 juridic\u0103"},"content":{"rendered":"<p><span style=\"font-size: 12pt;\"><strong>Autorit\u0103\u021bile au lansat un nou val de presiuni asupra Bisericii. Respectiva presiune se manifest\u0103 sub dou\u0103 forme: \u00een primul r\u00e2nd, sub form\u0103 de pedeaps\u0103 financiar\u0103 din motive supte din deget \u0219i, \u00een al doilea r\u00e2nd, sub form\u0103 de constr\u00e2ngere la t\u0103cere, la nedezv\u0103luirea informa\u021biilor despre faptul pedepsei ca atare.<\/strong><\/span><\/p>\n<p>Se confirm\u0103 carcaterul de mas\u0103 al presiunilor, \u00een toate eparhiile Mitropoliei Chi\u0219in\u0103ului \u0219i a \u00eentregii Moldove poli\u021bi\u0219tii vin la preo\u021bi \u0219i \u00eei amendeaz\u0103 pentru, chipurile, \u201eparticiparea la politic\u0103\u201d \u00een perioada ultimei campanii preziden\u021biale. Desigur, f\u0103r\u0103 vreo prob\u0103 \u2013 ele nu exist\u0103, \u00eens\u0103 o guvernare care de at\u00e2ta permisivitate \u0219i-a ie\u0219it din min\u021bi nici nu are nevoie de probe.<\/p>\n<p>\u00cen plus, persoane \u00een uniform\u0103 \u00eei avertizeaz\u0103 pe preo\u021bi c\u0103, dac\u0103 se va face public\u0103 fapta pedepsei financiare (de exemplu, \u201epentru deschiderea unui canal de Telegram \u00een perioada electoral\u0103\u201d \u2013 bravo vou\u0103, oamenilor ai legii!) va urma o nou\u0103 amend\u0103 \u2013 de data aceasta pentru \u201epropagand\u0103 \u0219i dezinformare\u201d. Un caz similar s-a intamplat chiar ieri cu parohul unei biserici din Chisinau. Din motive lesne de \u00een\u021beles, nu dezv\u0103luim numele preotului \u0219i nici denumirea bisericii.<\/p>\n<p>Este clar c\u0103 avem de-a face at\u00e2t cu o r\u0103zbunare, c\u00e2t \u0219i cu o tentativ\u0103 de intimidare. Cu r\u0103zbunarea autorit\u0103\u021bilor care \u00eei sus\u021bin pe schismaticii de la \u201eMitropolia Basarabiei\u201d pe preo\u021bii moldoveni pentru pelerinajele de anul trecut la sfintele locuri din Moscova (care pelerinaje? doar exist\u0103 indica\u021bia de la Bruxelles de a nu men\u021bine nicio leg\u0103tur\u0103 cu Rusia!), \u0219i \u00een general cu r\u0103zbunare pe conducerea Bisericii Ortodoxe din Moldova pentru refuzul de a rupe leg\u0103tura canonic\u0103 cu Patriarhia Moscovei. \u0218i cu o tentativ\u0103 de teroare psihologic\u0103, cu constr\u00e2ngere la t\u0103cere \u2013 s\u0103 sta\u021bi cuminciori \u00een bisericu\u021ba voastr\u0103 \u0219i s\u0103 nu \u00eendr\u0103zni\u021bi s\u0103 scoate\u021bi vreo vorb\u0103.<\/p>\n<p>\u00cen contextul unui nou val de presiuni asupra Bisericii canonice preo\u021bii no\u0219tri au nevoie de asisten\u021b\u0103 juridic\u0103 calificat\u0103. Nu \u0219tim \u00een ce m\u0103sur\u0103 este preg\u0103tit\u0103 s\u0103 o asigure Mitropolia Chi\u0219in\u0103ului \u0219i a \u00eentregii Moldove, nu dispunem de informa\u021biile respective.<\/p>\n<p><strong>\u00cen situa\u0163ia creat\u0103, portalul jurnali\u015ftilor \u015fi bloggerilor ortodoc\u015fi din Moldova \u201eTradi\u0163ia\u201d este dispus s\u0103 publice recomand\u0103rile acelor avoca\u0163i moldoveni c\u0103rora le pas\u0103 \u0219i care sunt gata s\u0103-i ajute pe preo\u0163ii moldoveni s\u0103 reziste cu demnitate unei noi f\u0103r\u0103delegi din partea autorit\u0103\u0163ilor moldovene.<\/strong><\/p>\n<p>P\u00e2n\u0103 vor ajunge la noi astfel de recomand\u0103ri, inform\u0103m pe to\u021bi cei care sunt urm\u0103ri\u021bi cu privire la un sfat juridic deja exprimat de c\u0103tre avoca\u021bi: <strong>nu semna\u021bi procesul-verbal de aplicare a amenzii!<\/strong> Prin semnarea lui v\u0103 recunoa\u0219te\u021bi vina. Las\u0103 poli\u021bia s\u0103 \u00eentocmeasc\u0103 un act cu privire la refuzul dumneavoastr\u0103 de a semna procesul verbal \u0219i s\u0103 v\u0103 cheme \u00een judecat\u0103. Dac\u0103 ve\u021bi semna, va fi dificil s\u0103 v\u0103 dovedi\u021bi nevinov\u0103\u021bia \u00een instan\u021b\u0103.<\/p>\n","protected":false},"excerpt":{"rendered":"<p>Autorit\u0103\u021bile au lansat un nou val de presiuni asupra Bisericii. Respectiva presiune se manifest\u0103 sub dou\u0103 forme: \u00een primul r\u00e2nd, sub form\u0103&hellip;<\/p>\n","protected":false},"author":3,"featured_media":34119,"comment_status":"open","ping_status":"closed","sticky":false,"template":"","format":"standard","meta":{"_lmt_disableupdate":"no","_lmt_disable":"","slim_seo":{"title":"Preo\u021bii moldoveni au nevoie de asisten\u021b\u0103 juridic\u0103 - traditia.md","description":"Autorit\u0103\u021bile au lansat un nou val de presiuni asupra Bisericii. Respectiva presiune se manifest\u0103 sub dou\u0103 forme: \u00een primul r\u00e2nd, sub form\u0103 de pedeaps\u0103 financiar"},"footnotes":""},"categories":[39,38],"tags":[],"class_list":["post-34121","post","type-post","status-publish","format-standard","has-post-thumbnail","hentry","category-biserica-si-societatea","category-stiri"],"_links":{"self":[{"href":"https:\/\/traditia.md\/ro\/wp-json\/wp\/v2\/posts\/34121","targetHints":{"allow":["GET"]}}],"collection":[{"href":"https:\/\/traditia.md\/ro\/wp-json\/wp\/v2\/posts"}],"about":[{"href":"https:\/\/traditia.md\/ro\/wp-json\/wp\/v2\/types\/post"}],"author":[{"embeddable":true,"href":"https:\/\/traditia.md\/ro\/wp-json\/wp\/v2\/users\/3"}],"replies":[{"embeddable":true,"href":"https:\/\/traditia.md\/ro\/wp-json\/wp\/v2\/comments?post=34121"}],"version-history":[{"count":0,"href":"https:\/\/traditia.md\/ro\/wp-json\/wp\/v2\/posts\/34121\/revisions"}],"wp:featuredmedia":[{"embeddable":true,"href":"https:\/\/traditia.md\/ro\/wp-json\/wp\/v2\/media\/34119"}],"wp:attachment":[{"href":"https:\/\/traditia.md\/ro\/wp-json\/wp\/v2\/media?parent=34121"}],"wp:term":[{"taxonomy":"category","embeddable":true,"href":"https:\/\/traditia.md\/ro\/wp-json\/wp\/v2\/categories?post=34121"},{"taxonomy":"post_tag","embeddable":true,"href":"https:\/\/traditia.md\/ro\/wp-json\/wp\/v2\/tags?post=34121"}],"curies":[{"name":"wp","href":"https:\/\/api.w.org\/{rel}","templated":true}]}}