{"id":33630,"date":"2025-03-18T10:40:29","date_gmt":"2025-03-18T08:40:29","guid":{"rendered":"https:\/\/traditia.md\/?p=33630"},"modified":"2025-03-18T10:40:29","modified_gmt":"2025-03-18T08:40:29","slug":"asa-de-mult-a-iubit-dumnezeu-lumea","status":"publish","type":"post","link":"https:\/\/traditia.md\/ro\/asa-de-mult-a-iubit-dumnezeu-lumea\/","title":{"rendered":"A\u015fa de mult a iubit Dumnezeu lumea&#8230;"},"content":{"rendered":"<p><em><strong>\u201eC\u0103ci Dumnezeu a\u015fa a iubit lumea, \u00eenc\u00e2t pe Fiul S\u0103u Cel Unul-N\u0103scut L-a dat ca oricine crede \u00een El s\u0103 nu piar\u0103, ci s\u0103 aib\u0103 via\u0163\u0103 ve\u015fnic\u0103.\u201d<\/strong><strong> (In. 3:16)<\/strong><\/em><\/p>\n<p>Cum se \u00eent\u00e2mpl\u0103 c\u0103 unii oameni de art\u0103 pe parcursul vie\u021bii pot s\u0103-\u0219i permit\u0103 pe p\u0103m\u00e2nt prea multe onoruri,\u00a0 glorii, dorin\u021be \u0219i \u00eempliniri majore, \u00een timp ce al\u021bi oameni de art\u0103 \u2013 mai creativi, mai \u00een\u021belep\u021bi, mai buni \u2013 stau \u00een umbr\u0103, fiind mai smeri\u021bi \u0219i ne dorind s\u0103 ia de la via\u021b\u0103 prea mult, str\u0103duindu-se s\u0103 fie c\u00e2t mai mode\u0219ti, s\u0103 nu-\u0219i onoreze personalitatea prin serate jubiliare, prin\u00a0 diferite onoruri?..<\/p>\n<p>Unii \u0219i aceea\u0219i oameni de art\u0103, care se consider\u0103 c\u0103 sunt \u201emari personalit\u0103\u021bi\u201d, mereu pe tot parcursul vie\u021bii lor se afl\u0103 pe primele linii tot ie\u0219ind \u00een eviden\u021b\u0103 la toate felurile de manifest\u0103ri, parc\u0103 tr\u0103iesc toat\u0103 via\u021ba dup\u0103 un anumit scenariu dictat de cei care au grij\u0103 de ei (\u0219i se \u0219tie cine sunt aceste grupuri de oameni); s\u0103 fie mereu pe primele linii \u00een eviden\u021b\u0103 la toate manifest\u0103rile, s\u0103 ia cuv\u00e2ntul \u00een fa\u021ba publicului doar numai ei, s\u0103 ia cu asalt toate titlurile onorifice de la stat; s\u0103 poarte numele lor, d\u00e2n\u0219ii fiind \u00eenc\u0103 \u00een via\u021b\u0103, multe licee, \u0219coli sau biblioteci din republic\u0103; s\u0103 fie \u00eenmorm\u00e2nta\u021bi cu onoruri \u00een locuri speciale din cimitire, apoi s\u0103 le fac\u0103 monumente de milioane de lei \u0219i \u00eenc\u0103 s\u0103 le istaleze \u0219i busturi pe Aleia Clasicilor din Chi\u0219in\u0103u?..<\/p>\n<p>Dar ce facem cu ceilal\u021bi oameni: scriitori, compozitori, actori, arti\u0219ti plastici, interpre\u021bi, oameni de \u0219tiin\u021b\u0103, care \u00een timpul vie\u021bii s-au remarcat prin crea\u021biile lor, prin talentul s\u0103u, dar nu au fost aprecia\u021bi prin profesionalismul lor, nu au fost sco\u0219i \u00een eviden\u021b\u0103? De\u0219i \u00een multe cazuri au fost mai talenta\u021bi dec\u00e2t cei ce se considerau \u201emari personalit\u0103\u021bi\u201d, ce \u0219i-au marcat interesele \u00een eviden\u021b\u0103 cu sprijinul securita\u021bii, cumetrismului, partidului, prietenismului etc.<\/p>\n<p>Vom pleca to\u021bi la Domnul \u0219i acolo, Sus, nu te \u00eentreab\u0103 cine ai fost \u00een via\u021b\u0103, c\u0103 Dumnezeu \u0219tie urmele fiec\u0103rui om pe p\u0103m\u00e2nt. \u0218i acolo te duci cu faptele tale \u0219i cu tot ce ai sem\u0103nat pe p\u0103m\u00e2nt, cu roadele tale ce le-ai adunat pe tot parcursul vie\u021bii.<\/p>\n<p>Iisus Hristos ne spune: <em>\u201eEu sunt Calea, Adev\u0103rul \u015fi Via\u0163a. Nimeni nu vine la Tat\u0103l Meu dec\u00e2t prin Mine\u201c<\/em>, acest verset este folosit de obicei \u00een predici. Iisus Hristos Se identific\u0103 cu calea spre \u00eemp\u0103r\u0103\u0163ia lui Dumnezeu. Prin \u00eenv\u0103\u0163\u0103tura Sa \u015fi prin \u00eemplinirea poruncilor dumnezeie\u015fti, a\u015fa cum rezult\u0103 din Evanghelie, suntem lumina\u0163i \u015fi avem descoperit\u0103 calea spre \u00eemp\u0103r\u0103\u0163ia lui Dumnezeu. Oare noi, cei de pe p\u0103m\u00e2nt, respect\u0103m cu adev\u0103rat aceste cuvinte ale Domnului? Respect\u0103m oare cele zece porunci \u0219i cele \u0219apte virtu\u021bi cre\u0219tine?<\/p>\n<p>Oamenii aici, pe p\u0103m\u00e2nt, sunt foarte \u201etalenta\u021bi\u201d \u00een rolurile personale actorice\u0219ti ale vie\u021bii! De zeci de ori pe zi \u00ee\u0219i schimb\u0103 g\u00e2ndurile, vorbele, m\u0103\u0219tile pe fa\u021b\u0103! Zice una, face alta, de parc\u0103 nu \u0219tie c\u0103 Domnul toate le vede, le aude \u0219i ne judec\u0103 zi de zi.<\/p>\n<p>C\u00e2nd ni-i sete de ap\u0103, nu bem ap\u0103 cu tot cu f\u00e2nt\u00e2n\u0103, dar scoatem ap\u0103 din ea cu g\u0103leata, apoi bem cu cana \u00eencet, c\u00e2t \u00eei trebuie organismului nostru \u00een momentul cuvenit. \u0218i acest lucru mereu \u00eel facem cu mult\u0103 aten\u021bie, cu grij\u0103 fa\u021b\u0103 de noi, c\u0103 am fost \u00eenseta\u021bi \u0219i ne-am potolit setea. \u00cen acest caz am fost limita\u021bi s\u0103 bem ap\u0103 doar c\u00e2t ne-a trebuit. Dac\u0103 am avea astfel de limite \u0219i \u00eeng\u0103duin\u021be \u00een tot ce facem prin via\u021b\u0103, precum apa ce o bem, atunci am fi avut un alt destin pe p\u0103m\u00e2nt.<\/p>\n<p>Venirea \u0219i existen\u021ba omului pe p\u0103m\u00e2nt a fost \u0219i este binecuv\u00e2ntat\u0103 prin harul lui Dumnezeu, al Celui care prin Maica Maria a dat na\u0219tere Fiului Iisus acum 2000 \u0219i ceva ani \u00een urm\u0103. Care mai apoi prin R\u0103stignirea Sa avea s\u0103 aduc\u0103 iert\u0103re p\u0103catului omului \u0219i s\u0103-i continue via\u021ba, s\u0103 tr\u0103iasc\u0103 mai departe nu doar vremelnic, pe p\u0103m\u00e2nt, ci \u00een ve\u0219nicie&#8230; M\u00e2ntuitorul s-a \u00eentrupat de la Duhul Sf\u00e2nt \u015fi din Fecioara Maria din iubire fa\u0163\u0103 de neamul omenesc, a\u015fa cum rezult\u0103 din Evanghelia de la Ioan. <em>A\u015fa de mult a iubit Dumnezeu lumea, \u00eenc\u00e2t pe Fiul S\u0103u, Cel Unul N\u0103scut, l-a dat spre r\u0103stignire \u015fi moarte ca lumea s\u0103 se m\u00e2ntuiasc\u0103 prin El.<\/em> \u00cen aceast\u0103 iubire ne reg\u0103sim fiecare \u015fi din ea izvor\u0103\u015fte lumina c\u0103l\u0103uzitoare pentru a parcurge aceast\u0103 cale spre \u00cemp\u0103r\u0103\u0163ia lui Dumnezeu.<\/p>\n<p style=\"text-align: right;\"><strong><em>Raisa Pl\u0103ie\u0219u, pentru Traditia.md<\/em><\/strong><\/p>\n","protected":false},"excerpt":{"rendered":"<p>\u201eC\u0103ci Dumnezeu a\u015fa a iubit lumea, \u00eenc\u00e2t pe Fiul S\u0103u Cel Unul-N\u0103scut L-a dat ca oricine crede \u00een El s\u0103 nu piar\u0103,&hellip;<\/p>\n","protected":false},"author":3,"featured_media":33631,"comment_status":"open","ping_status":"closed","sticky":false,"template":"","format":"standard","meta":{"_lmt_disableupdate":"","_lmt_disable":"","slim_seo":{"title":"A\u015fa de mult a iubit Dumnezeu lumea... - traditia.md","description":"\u201eC\u0103ci Dumnezeu a\u015fa a iubit lumea, \u00eenc\u00e2t pe Fiul S\u0103u Cel Unul-N\u0103scut L-a dat ca oricine crede \u00een El s\u0103 nu piar\u0103, ci s\u0103 aib\u0103 via\u0163\u0103 ve\u015fnic\u0103.\u201d (In. 3:16) Cum se \u00eent"},"footnotes":""},"categories":[44,38],"tags":[],"class_list":["post-33630","post","type-post","status-publish","format-standard","has-post-thumbnail","hentry","category-actualitate","category-stiri"],"_links":{"self":[{"href":"https:\/\/traditia.md\/ro\/wp-json\/wp\/v2\/posts\/33630","targetHints":{"allow":["GET"]}}],"collection":[{"href":"https:\/\/traditia.md\/ro\/wp-json\/wp\/v2\/posts"}],"about":[{"href":"https:\/\/traditia.md\/ro\/wp-json\/wp\/v2\/types\/post"}],"author":[{"embeddable":true,"href":"https:\/\/traditia.md\/ro\/wp-json\/wp\/v2\/users\/3"}],"replies":[{"embeddable":true,"href":"https:\/\/traditia.md\/ro\/wp-json\/wp\/v2\/comments?post=33630"}],"version-history":[{"count":0,"href":"https:\/\/traditia.md\/ro\/wp-json\/wp\/v2\/posts\/33630\/revisions"}],"wp:featuredmedia":[{"embeddable":true,"href":"https:\/\/traditia.md\/ro\/wp-json\/wp\/v2\/media\/33631"}],"wp:attachment":[{"href":"https:\/\/traditia.md\/ro\/wp-json\/wp\/v2\/media?parent=33630"}],"wp:term":[{"taxonomy":"category","embeddable":true,"href":"https:\/\/traditia.md\/ro\/wp-json\/wp\/v2\/categories?post=33630"},{"taxonomy":"post_tag","embeddable":true,"href":"https:\/\/traditia.md\/ro\/wp-json\/wp\/v2\/tags?post=33630"}],"curies":[{"name":"wp","href":"https:\/\/api.w.org\/{rel}","templated":true}]}}