{"id":33439,"date":"2025-03-11T13:52:44","date_gmt":"2025-03-11T11:52:44","guid":{"rendered":"https:\/\/traditia.md\/?p=33439"},"modified":"2025-03-11T13:56:13","modified_gmt":"2025-03-11T11:56:13","slug":"universitatea-sfantului-tihon-si-drumul-spre-biserica-sfantului-vasile-blajinul-i","status":"publish","type":"post","link":"https:\/\/traditia.md\/ro\/universitatea-sfantului-tihon-si-drumul-spre-biserica-sfantului-vasile-blajinul-i\/","title":{"rendered":"Universitatea Sf\u00e2ntului Tihon \u0219i drumul spre Biserica Sf\u00e2ntului Vasile Blajinul (I)"},"content":{"rendered":"<p><strong>Fiul cel mai mare mi-a spus tran\u0219ant: \u201eTat\u0103, s\u0103 mergi te rog \u00een Biserica lui Vasile Blajinul \u0219i s\u0103-mi aduci ceva de acolo.\u201d I-am spus \u00een glum\u0103 c\u0103-i voi aduce o bucat\u0103 de c\u0103r\u0103mid\u0103 din peretele soborului, c\u0103 s\u0103 r\u0103m\u00e2n\u0103 el mul\u021bumit. At\u00e2t de mult i-a pl\u0103cut acest m\u0103rg\u0103ritar arhitectural ortodox, pe care l-a v\u0103zut \u00eentr-o poz\u0103. Mai jos voi descrie drumul pe care urma s\u0103-l str\u0103bat p\u00e2n\u0103 s\u0103 ajung \u00een acest deosebit sobor, punctul final al c\u0103l\u0103toriei mele.<\/strong><\/p>\n<p>M\u0103 mir, cum am ajuns iar, de aceast\u0103 dat\u0103 \u00eentr-un sf\u00e2r\u0219it de ianuarie, \u00een aeroportul seral din Chi\u0219in\u0103u. \u00cen a\u0219teptarea p\u0103rintelui Nicolae Cioclu, colegului meu de la Academia de Teologie, s-au apropiat de mine \u00een holul mai mult pustiu al aeroportului: un georgian, ca s\u0103 cear\u0103 binecuv\u00e2ntare, dup\u0103 aceea un azer, care a dorit s\u0103 stea de vorb\u0103 cu un \u201esf\u00e2nt p\u0103rinte\u201d (de\u0219i i-am zis c\u0103 p\u00e2n\u0103 la sfin\u021benie mai am oleac\u0103), \u0219i ulterior o ucraineanc\u0103 odesit\u0103 ce pleca \u00een Irlanda \u0219i care mi-a povestit un pic despre via\u021ba ei pripeag\u0103, dorind s\u0103 o pomenesc \u00een rug\u0103ciunile mele liturgice.<\/p>\n<p>Prima dat\u0103 la Moscova am fost la \u00eenceputul anilor dou\u0103 mii, la mijloc de februarie \u0219i cu o echip\u0103 de handbali\u0219ti. Autobuzul a fost de neuitat: LAZ-699, cu un cuptor semi-defect, fum negru \u00een salon \u0219i o roat\u0103 de rezerv\u0103 ce proptea orizontal u\u0219a din spate \u0219i ce era folosit\u0103 drept culcu\u0219. Din acea c\u0103l\u0103torie \u00eemi aduc aminte de mumia ca de cear\u0103 a lui Lenin, accentul deosebit al limbii moscovi\u021bilor \u0219i bun\u0103voin\u021ba c\u00e2t Rusia de mare a localnicilor v\u00e2rstnici. A doua oar\u0103, dup\u0103 dou\u0103zeci \u0219i ceva de ani, cu un grup de preo\u021bi la invita\u021bia Patriarhiei. Despre aceast\u0103 c\u0103l\u0103torie-pelerinaj am mai <a href=\"https:\/\/traditia.md\/ro\/pelerinaj-la-moscova-prin-tbilisi-si-suzdal\/\"><strong><em>scris<\/em><\/strong><\/a><strong><em>,<\/em><\/strong>  de\u0219i ea a fost centrat\u0103 mai mult pe or\u0103\u0219elul Suzdal.<\/p>\n<p>De aceast\u0103 dat\u0103 am fost \u00eenvrednicit s\u0103 fiu invitat la o <a href=\"https:\/\/priest.today\/news\/konferenc_priest_favor\"><strong><em>conferin\u021b\u0103<\/em><\/strong><\/a> inedit\u0103, organizat\u0103 de Universitatea Ortodox\u0103 Umanistic\u0103 \u201eSf\u00e2ntul Ierarh Tihon\u201d (<a href=\"https:\/\/pstgu.ru\/\"><strong><em>\u041f\u0421\u0422\u0413\u0423<\/em><\/strong><\/a>), redac\u021bia portalului <strong><em>\u201e<\/em><\/strong><a href=\"https:\/\/priest.today\/\"><strong><em>P\u0103storul<\/em><\/strong><\/a><strong><em>\u201d<\/em><\/strong> \u0219i centrul cultural <strong><em>\u201e<\/em><\/strong><a href=\"https:\/\/favorplace.ru\"><strong><em>Tabor<\/em><\/strong><\/a><strong><em>\u201d<\/em><\/strong><strong><em>,<\/em><\/strong> numit\u0103: <strong><em>\u201eMemoria \u0219i experien\u021ba duhovniceasc\u0103 a genera\u021biilor sub aspect pastoral\u201d<\/em>.<\/strong><\/p>\n<p>Anun\u021bul conferin\u021bei l-am descoperit \u00eent\u00e2mpl\u0103tor pe un canal telegramic. Organizatorii chemau spre participare preo\u021bi tineri, care au fost hirotoni\u021bi nu mai mult de \u0219ase ani \u00een urm\u0103 \u0219i care slujesc \u00een afara Moscovei. Am completat ancheta propus\u0103 f\u0103r\u0103 s\u0103 am mari a\u0219tept\u0103ri, \u021bin\u00e2nd cont de drumul, cu p\u0103rere de r\u0103u, anevoios de la Chi\u0219in\u0103u p\u00e2n\u0103 la Moscova. Acela\u0219i lucru i-am propus \u0219i p\u0103rintelui Nicolae, \u0219i el preot t\u00e2n\u0103r care se \u00eencadra \u00een condi\u021biile cerute. Am completat \u0219i am uitat, vorba ceea. Nu \u0219tiu dac\u0103 organizatorii se a\u0219teptau la preo\u021bi din afara grani\u021belor Federa\u021biei Ruse. Totu\u0219i peste ceva timp am primit un email de la organizatori, care ne rugau s\u0103 confirm\u0103m disponibilitatea noastr\u0103 pentru a ateriza \u0219i a ne afla la Moscova \u00een perioada cerut\u0103. Dup\u0103 aceasta a urmat un interviu internetic cu p\u0103rintele profesor Alexei Ciorn\u00e2i \u0219i, bucuria noastr\u0103, am fost lua\u021bi la bord.<\/p>\n<p>Conferin\u021ba urma s\u0103 dureze cinci zile dintre care dou\u0103 au fost preconizate pentru aflarea noastr\u0103 la schitul Schimb\u0103rii la Fa\u021b\u0103 a M\u0103n\u0103stirii de c\u0103lug\u0103ri \u201eSf\u00e2ntul Daniel al Moscovei\u201d. Ideea central\u0103 a conferin\u021bei e \u00een schimbul de experien\u021b\u0103 dintre preo\u021bii tineri, veni\u021bi din diferite eparhii nemoscovite ai Bisericii Ruse, cu ierarhi, preo\u021bi mai v\u00e2rstnici cu o experien\u021b\u0103 pastoral\u0103 \u00eenaintat\u0103 \u0219i profesori-teologi de la universitatea sus-men\u021bionat\u0103.<\/p>\n<p>Dup\u0103 o noapte nedormit\u0103 \u00een aeroportul din Istanbul am decolat spre Moscova \u00eentr-o aeronav\u0103 turceasc\u0103. \u00cen fa\u021ba fiec\u0103rui scaun sta lipit un ecran informa\u021bional la care po\u021bi conecta c\u0103\u0219ti \u0219i privi careva filme propuse, asculta muzic\u0103, citi Coranul \u0219i afla datele precise privind zborul efectuat (\u00een\u0103l\u021bimea, viteza, distan\u021ba, ora\u0219ele deasupra c\u0103rora se zboar\u0103, <em>qibla<\/em>, adic\u0103 direc\u021bia unde se afl\u0103 Kaaba, etc.). \u00cen avion m-a abordat un steward turc \u0219i m-a \u00eentrebat \u00een limba englez\u0103 dac\u0103 suntem preo\u021bi cre\u0219tini (p. Nicolae deja a\u021bipise pe scaunul de al\u0103turi) \u0219i dac\u0103 a\u0219 putea s\u0103-i dedic ceva timp pentru a-i r\u0103spunde la c\u00e2teva \u00eentreb\u0103ri. De\u0219i extenuat, am acceptat f\u0103r\u0103 ezitare. Urma s\u0103 revin\u0103 peste c\u00e2teva minute, dup\u0103 ce termina de turnat sucuri la pasageri. M\u0103 rugasem Maicii Domnului s\u0103-mi lumineze mintea beteag\u0103 \u0219i s\u0103-mi dea cuv\u00e2nt bun pentru acest om.<\/p>\n<p>Dup\u0103 ce revenise, i-am propus s\u0103 mergem \u00een coada avionului unde erau c\u00e2teva locuri libere. Zis \u0219i f\u0103cut. El s-a prezentat drept un musulman nepracticant, \u0219i a vrut sincer s\u0103 afle mai multe despre credin\u021ba cre\u0219tin-ortodox\u0103. \u00cen spe\u021b\u0103, ceea ce \u021bine de Sf\u00e2nta Treime, soarta postum\u0103 a sufletelor musulmanilor, \u0219i \u00een general despre ortodoxie. L-a uluit c\u00e2ndva un prieten de-al s\u0103u dintr-o \u021bar\u0103 balcanic\u0103, \u0219optindu-i c\u0103 musulmanii nu se vor duce \u00een rai. I-am explicat c\u0103 prerogativa deciziei cine \u0219i unde va ajunge \u00een via\u021ba de dup\u0103 moarte \u00eei apar\u021bine exclusiv lui Dumnezeu \u0219i noi nu avem niciun drept s\u0103 ne punem \u00een postura judec\u0103torilor \u0219i s\u0103 decidem amplasamentul postum al sufletului vreunui om. \u0218tiu sigur c\u0103 Dumnezeu vrea ca tot omul s\u0103 se m\u00e2ntuiasc\u0103 \u0219i la cuno\u0219tin\u021ba adev\u0103rului s\u0103 vin\u0103. \u0218i nimeni nu poate s\u0103 \u0219tie ce se va \u00eent\u00e2mpla, \u00een privin\u021ba cunoa\u0219terii adev\u0103rului hristic, \u00een cele c\u00e2teva clipe \u00eenainte de Parusia.<\/p>\n<p>Tema misterului Sfintei Treimi e una central\u0103 \u00een discu\u021bia cu un musulman, pentru ea preotul misionar trebuie s\u0103 cunoasc\u0103 tradi\u021bia musulman\u0103 \u0219i Coranul, care afirm\u0103 printre altele c\u0103 nu pot fi trei dumnezei, cum ar fi spus \u201ecre\u0219tinii\u201d (ceea ce reprezint\u0103 la musulmani p\u0103catul capital numit <em>\u0219irk<\/em>, atunci c\u00e2nd \u00eei creezi lui Dumnezeu asocia\u021bi). Dar acest lucru \u00eel afirm\u0103m de fapt \u0219i noi, cre\u0219tinii. C\u0103ci e un singur Dumnezeu, dar \u00eentreit \u00een Fe\u021be. Dup\u0103 p\u0103rerea mea, \u00een\u021belegerea la ei a firii dumnezeie\u0219ti a lui Mesia este totu\u0219i superficial\u0103 \u0219i grosolan\u0103 (de ce? pare a fi o enigm\u0103 la mijloc), \u0219i care trebuie\u0219te lor explicat\u0103 \u00een primul r\u00e2nd prin ideea de-o-fiin\u021bimei a Fiului cu Tat\u0103l (<em>homoousia<\/em>), a Cuv\u00e2ntului lui Dumnezeu cu Dumnezeu. Pe l\u00e2ng\u0103 altele, Coranul <a href=\"https:\/\/azbyka.ru\/otechnik\/Ioann_Damaskin\/saracin\/\"><strong><em>afirm\u0103<\/em><\/strong><\/a> c\u0103 Iisus este Duhul \u0219i Cuv\u00e2ntul lui Dumnezeu, ceea ce deja implic\u0103 ideea de-o-fiin\u021bimei (ca \u0219i-n Ps. 32:6, bun\u0103oar\u0103).<\/p>\n<p>Ei bine, nu voi pune aici tot ce am discutat cu el, dar pot s\u0103 afirm c\u0103 el \u00eentradev\u0103r se sim\u021bea atras de ortodoxie, i-am recomandat s\u0103 se ad\u00e2nceasc\u0103 de sine st\u0103t\u0103tor, prin lectur\u0103 de carte \u00een primul r\u00e2nd. S\u0103 v\u0103 spun c\u0103 acest t\u00e2n\u0103r nu a fost ultimul musulman ce ne-a abordat \u00een timpul c\u0103l\u0103toriei, au mai fost, plus \u0219i c\u00e2\u021biva ucraineni\u2026<\/p>\n<p>Am fost caza\u021bi la un hotel din centrul Moscovei, nu departe de M\u0103n\u0103stirea de c\u0103lug\u0103ri \u201e\u00cent\u00e2mpinarea Icoanei Maicii Domnului din Vladimir\u201d (\u0421\u0440\u0435\u0442\u0435\u043d\u0441\u043a\u0438\u0439 \u043c\u043e\u043d\u0430\u0441\u0442\u044b\u0440\u044c), ce dispune de o <a href=\"https:\/\/sdamp.ru\/\">Academie Teologic\u0103<\/a> \u0219i un imens <a href=\"https:\/\/sretenie.com\/\"><strong><em>magazin<\/em><\/strong><\/a> de carte ortodox\u0103, din care am reu\u0219it s\u0103 ies la sf\u00e2r\u0219itul c\u0103l\u0103toriei cu o geant\u0103 de c\u0103r\u021bi, care la noi sunt mult mai scumpe sau cel mai des de neg\u0103sit.<\/p>\n<p>Preo\u021bii au fost veni\u021bi din multe regiuni ale Rusiei, \u0219i din p\u0103r\u021bile Uralului, Samarei, din Ufa, Pskov, Crimeea, etc. Din Moldova am fost doar noi doi. \u00cen total, \u0219aptesprezece preo\u021bi tineri \u0219i binevoitori.<\/p>\n<p>Luni diminea\u021ba conferin\u021ba a fost deschis\u0103 la centrul \u201eTabor\u201d de p\u0103rintele Fiodor Borodin, cunoscut <a href=\"https:\/\/www.youtube.com\/@protFBor\/\"><strong><em>paroh<\/em><\/strong><\/a> moscovit, scriitor \u0219i tat\u0103 a opt copii, cu o foarte interesant\u0103 relatare despre \u201evia\u021ba duhovniceasc\u0103 a familiei preotului\u201d, dup\u0103 care s-a iscat un dialog viu. Dup\u0103 aceea a urmat o expunere despre: conceptul \u201eleg\u0103turilor harice\u201d \u00een lucr\u0103rile Sf. Sfin\u021bit Mucenic Damaschin Cedric, facut\u0103 de p\u0103rintele profesor Pavel Ermilov, \u0219i \u201eConceptul m\u0103n\u0103stirii \u00een lume\u201d f\u0103cut\u0103 de profesorul de la Catedra de teologie sistematic\u0103 \u0219i patrologie al Universit\u0103\u021bii sus-men\u021bionate \u2013 Veaceaslav Iacimenic.<\/p>\n<p><img fetchpriority=\"high\" decoding=\"async\" class=\"alignnone size-full wp-image-33317\" src=\"https:\/\/traditia.md\/wp-content\/uploads\/2025\/03\/conferinta12.jpg\" alt=\"Conferin\u021ba12\" width=\"750\" height=\"422\" srcset=\"https:\/\/traditia.md\/wp-content\/uploads\/2025\/03\/conferinta12.jpg 750w, https:\/\/traditia.md\/wp-content\/uploads\/2025\/03\/conferinta12-300x169.jpg 300w, https:\/\/traditia.md\/wp-content\/uploads\/2025\/03\/conferinta12-585x329.jpg 585w\" sizes=\"(max-width: 750px) 100vw, 750px\" \/><\/p>\n<p>Absolut toate conferin\u021bele au fost \u00eenso\u021bite la sf\u00e2r\u0219it de o serie de \u00eentreb\u0103ri \u0219i r\u0103spunsuri, ceea ce a dat o not\u0103 energic\u0103 contactului nostru, adic\u0103 a preo\u021bilor tineri cu vorbitorii invita\u021bi. Tot \u00een aceea\u0219i zi am mers la Universitatea Sf\u00e2ntului Tihon, unde am avut o \u00eent\u00e2lnire cu totul deosebit\u0103, ce a durat aproximativ trei ore \u2013 cu p\u0103rintele Vladimir Vorobiov. Probabil unul din cei mai cunoscu\u021bi \u0219i eminen\u021bi preo\u021bi moscovi\u021bi, fost rector, actual pre\u0219edinte al Universit\u0103\u021bii Sf\u00e2ntului Tihon. Scriitor \u0219i profesor <a href=\"https:\/\/pstgu.ru\/people\/vorobyev-vladimir-nikolaevich\/\"><strong><em>emerit<\/em><\/strong><\/a><strong><em>,<\/em><\/strong> ucenicul p\u0103rintelui Vsevolod \u0218piler, cunoscut duhovnic din perioada sovietic\u0103.<\/p>\n<p>Universitatea ortodox\u0103 a Sf\u00e2ntului Tihon se afl\u0103 \u00een m\u0103iestuoasa cl\u0103dire de culoarea ro\u0219ie a Casei Eparhiale, aflate pe stradela Lihov, \u00een centrul Moscovei. Pentru ca aceast\u0103 cl\u0103dire s\u0103 fie \u00eenapoiat\u0103 Bisericii Ruse am aflat c\u0103 s-a dus o lupta acerb\u0103, care s-a \u00eencheiat cu succes \u00een anul 2005. Dup\u0103 care a urmat o repara\u021bie capital\u0103, c\u0103ci \u00een timpul sovietelor cl\u0103direa a fost adus\u0103 \u00eentr-o stare deplorabil\u0103. Este important de men\u021bionat c\u0103 \u00een ea a avut loc memorabilul Sinod al Bisericii Ortodoxe Ruse din anii 1917-1918, unde s-a decis re\u00eenfiin\u021barea patriarhiei \u0219i ulterior alegerea Mitropolitului Tihon (Belavin) drept Patriarh al Moscovei \u0219i a toat\u0103 Rusia (canonizat \u00een 1989). Ast\u0103zi este probabil cea mai mare universitate ortodox\u0103 din \u021bar\u0103.<\/p>\n<p>Mar\u021bi diminea\u021ba am slujit Sf\u00e2nta Liturghie la Biserica de sus a universit\u0103\u021bii, ce poart\u0103 hramul Sf\u00e2ntului Cneaz Vladimir \u0219i este practic unit\u0103 cu imensa \u0219i frumoasa sal\u0103 a Palatului Sinodal. Slujba a fost condus\u0103 de rectorul universit\u0103\u021bii \u2013 Episcopul Metodie (Zinkovskii), fratele geam\u0103n al Episcopului Chiril \u2013 rectorul Academiei de Teologie din Moscova. Dup\u0103 care a urmat o agap\u0103 fr\u0103\u021beasc\u0103 \u0219i ulterior o conferin\u021b\u0103 cu vladica Metodie \u0219i preo\u021bi-profesori emeri\u021bi ai universit\u0103\u021bii: prorectorul Nicolae Emelianov, un <a href=\"https:\/\/pstgu.ru\/faculties\/theological\/cathedras\/patrologia\/nikolay-nikolaevich-emelyanov\/\"><strong><em>preot<\/em><\/strong><\/a> cu o verv\u0103 pastoral\u0103 deosebit\u0103, \u0219i el tat\u0103 a opt copii, ce ne-a prezentat un studiu amplu despre \u201eEtapele vie\u021bii unui preot\u201d (nu voi uita cuvintele sale: \u201eun preot priceput este cel care a trecut prin suferin\u021b\u0103\u201d); p\u0103rintele <a href=\"https:\/\/azbyka.ru\/otechnik\/Pavel_Hondzinskij\/\"><strong><em>profesor<\/em><\/strong><\/a> Pavel Hondzinskii cu un studiu despre fenomenul comunita\u021bii biserice\u0219ti din Maroseica ce a fost organizat\u0103 de Sf\u00e2ntul Sfin\u021bit Mucenic Serghei Meceov (fiul cunoscutul duhovnic rus Alexei Meceov, canonizat \u00een anul 2000) \u0219i, \u00een sf\u00e2r\u0219it, p\u0103rintele <a href=\"https:\/\/pstgu.ru\/faculties\/theological\/cathedras\/kafedra-prakticheskogo-bogosloviya\/chernyy-aleksey-ivanovich\/\"><strong><em>profesor<\/em><\/strong><\/a> Alexei Ciorn\u00e2i, la fel tat\u0103 de mul\u021bi copii, ne-a prezentat o lucrare despre via\u021ba duhovniceasc\u0103 a preotului, baz\u00e2ndu-se pe jurnalele Sf\u00e2ntului Ioan de Kronstadt. Dup\u0103 toate acestea a urmat o excursie bine ghidat\u0103 prin <a href=\"http:\/\/museum.lihov6.ru\/\"><strong><em>Muzeul<\/em><\/strong><\/a> universit\u0103\u021bii, dedicat memoriei noilor mucenici \u0219i m\u0103rturisitori ru\u0219i \u0219i Soborului bisericesc din 1917-1918.<\/p>\n<p>Seara, dup\u0103 cin\u0103, a urmat o mas\u0103 rotund\u0103 \u0219i o vorb\u0103 de duh cu p\u0103rintele Nicolae Emelianov. Dup\u0103 care am reu\u0219it s\u0103 m\u0103 plimb prin ora\u0219 \u0219i s\u0103 beau un ceai \u00eentr-o cofet\u0103rie popular\u0103. Moscova mi s-a p\u0103rut un ora\u0219 viu, curat \u0219i prosper, cu mul\u021bi tineri plimb\u00e2ndu-se, localuri \u0219i cafenele la fiece pas \u0219i cu pre\u021buri foarte rezonabile.<\/p>\n<p>Urm\u0103toarea zi urma s\u0103 plec\u0103m la M\u0103n\u0103stirea \u201eSf\u00e2ntul Daniel al Moscovei\u201d, dup\u0103 care, spre sear\u0103, s\u0103 ne caz\u0103m la unul din schiturile acestei m\u0103n\u0103stiri, aflat \u00een mijlocul unei p\u0103duri, la dou\u0103 ore distan\u021b\u0103 de la ora\u0219. O schimbare de fond neobi\u0219nuit\u0103.<\/p>\n<p style=\"text-align: right;\"><strong><em>Iereu Anatolie Juraveli<\/em><\/strong><\/p>\n<p style=\"text-align: center;\"><em>Va urma.<\/em><\/p>\n","protected":false},"excerpt":{"rendered":"<p>Fiul cel mai mare mi-a spus tran\u0219ant: \u201eTat\u0103, s\u0103 mergi te rog \u00een Biserica lui Vasile Blajinul \u0219i s\u0103-mi aduci ceva de&hellip;<\/p>\n","protected":false},"author":3,"featured_media":33315,"comment_status":"open","ping_status":"closed","sticky":false,"template":"","format":"standard","meta":{"_lmt_disableupdate":"","_lmt_disable":"","slim_seo":{"title":"Universitatea Sf\u00e2ntului Tihon \u0219i drumul spre Biserica Sf\u00e2ntului Vasile Blajinul (I) - traditia.md","description":"Fiul cel mai mare mi-a spus tran\u0219ant: \u201eTat\u0103, s\u0103 mergi te rog \u00een Biserica lui Vasile Blajinul \u0219i s\u0103-mi aduci ceva de acolo.\u201d I-am spus \u00een glum\u0103 c\u0103-i voi aduce o"},"footnotes":""},"categories":[1722,39,45,38],"tags":[],"class_list":["post-33439","post","type-post","status-publish","format-standard","has-post-thumbnail","hentry","category-anatolie-juraveli","category-biserica-si-societatea","category-bloguri","category-stiri"],"_links":{"self":[{"href":"https:\/\/traditia.md\/ro\/wp-json\/wp\/v2\/posts\/33439","targetHints":{"allow":["GET"]}}],"collection":[{"href":"https:\/\/traditia.md\/ro\/wp-json\/wp\/v2\/posts"}],"about":[{"href":"https:\/\/traditia.md\/ro\/wp-json\/wp\/v2\/types\/post"}],"author":[{"embeddable":true,"href":"https:\/\/traditia.md\/ro\/wp-json\/wp\/v2\/users\/3"}],"replies":[{"embeddable":true,"href":"https:\/\/traditia.md\/ro\/wp-json\/wp\/v2\/comments?post=33439"}],"version-history":[{"count":0,"href":"https:\/\/traditia.md\/ro\/wp-json\/wp\/v2\/posts\/33439\/revisions"}],"wp:featuredmedia":[{"embeddable":true,"href":"https:\/\/traditia.md\/ro\/wp-json\/wp\/v2\/media\/33315"}],"wp:attachment":[{"href":"https:\/\/traditia.md\/ro\/wp-json\/wp\/v2\/media?parent=33439"}],"wp:term":[{"taxonomy":"category","embeddable":true,"href":"https:\/\/traditia.md\/ro\/wp-json\/wp\/v2\/categories?post=33439"},{"taxonomy":"post_tag","embeddable":true,"href":"https:\/\/traditia.md\/ro\/wp-json\/wp\/v2\/tags?post=33439"}],"curies":[{"name":"wp","href":"https:\/\/api.w.org\/{rel}","templated":true}]}}