{"id":33435,"date":"2025-03-11T13:11:17","date_gmt":"2025-03-11T11:11:17","guid":{"rendered":"https:\/\/traditia.md\/?p=33435"},"modified":"2025-03-11T13:12:33","modified_gmt":"2025-03-11T11:12:33","slug":"postul-un-timp-pentru-bucurie","status":"publish","type":"post","link":"https:\/\/traditia.md\/ro\/postul-un-timp-pentru-bucurie\/","title":{"rendered":"Postul &#8211; un timp pentru bucurie"},"content":{"rendered":"<p>Postul Mare este un timp al smereniei, poc\u0103in\u021bei \u0219i \u00eennoirii spirituale. Dar \u00eenseamn\u0103 oare aceasta c\u0103 un cre\u0219tin trebuie s\u0103 renun\u021be la bucurie?<\/p>\n<p>\u201e\u00cemplinirea unei porunci cu bucurie, spre slava lui Dumnezeu \u2013 aceasta este bucuria \u00een Domnul\u201d, spunea Cuviosul Antonie cel Mare.<\/p>\n<p>\u00cens\u0103 nu doar \u00eemplinirea poruncilor poate fi o surs\u0103 de bucurie pentru om. Frumuse\u021bea naturii, vremea frumoas\u0103, mirosul florilor&#8230; Ar trebui oare omul s\u0103-\u0219i \u00een\u0103bu\u0219e manifestarea bucuriei \u00een timpul postului?<\/p>\n<p style=\"text-align: right;\"><em>Sursa: <a href=\"https:\/\/t.me\/sare_si_lumina\">Sare \u0219i lumin\u0103<\/a><\/em><\/p>\n","protected":false},"excerpt":{"rendered":"<p>Postul Mare este un timp al smereniei, poc\u0103in\u021bei \u0219i \u00eennoirii spirituale. Dar \u00eenseamn\u0103 oare aceasta c\u0103 un cre\u0219tin trebuie s\u0103 renun\u021be la&hellip;<\/p>\n","protected":false},"author":3,"featured_media":33433,"comment_status":"open","ping_status":"closed","sticky":false,"template":"","format":"standard","meta":{"_lmt_disableupdate":"","_lmt_disable":"","slim_seo":{"title":"Postul - un timp pentru bucurie - traditia.md","description":"Postul Mare este un timp al smereniei, poc\u0103in\u021bei \u0219i \u00eennoirii spirituale. Dar \u00eenseamn\u0103 oare aceasta c\u0103 un cre\u0219tin trebuie s\u0103 renun\u021be la bucurie? \u201e\u00cemplinirea unei"},"footnotes":""},"categories":[39,38],"tags":[],"class_list":["post-33435","post","type-post","status-publish","format-standard","has-post-thumbnail","hentry","category-biserica-si-societatea","category-stiri"],"_links":{"self":[{"href":"https:\/\/traditia.md\/ro\/wp-json\/wp\/v2\/posts\/33435","targetHints":{"allow":["GET"]}}],"collection":[{"href":"https:\/\/traditia.md\/ro\/wp-json\/wp\/v2\/posts"}],"about":[{"href":"https:\/\/traditia.md\/ro\/wp-json\/wp\/v2\/types\/post"}],"author":[{"embeddable":true,"href":"https:\/\/traditia.md\/ro\/wp-json\/wp\/v2\/users\/3"}],"replies":[{"embeddable":true,"href":"https:\/\/traditia.md\/ro\/wp-json\/wp\/v2\/comments?post=33435"}],"version-history":[{"count":0,"href":"https:\/\/traditia.md\/ro\/wp-json\/wp\/v2\/posts\/33435\/revisions"}],"wp:featuredmedia":[{"embeddable":true,"href":"https:\/\/traditia.md\/ro\/wp-json\/wp\/v2\/media\/33433"}],"wp:attachment":[{"href":"https:\/\/traditia.md\/ro\/wp-json\/wp\/v2\/media?parent=33435"}],"wp:term":[{"taxonomy":"category","embeddable":true,"href":"https:\/\/traditia.md\/ro\/wp-json\/wp\/v2\/categories?post=33435"},{"taxonomy":"post_tag","embeddable":true,"href":"https:\/\/traditia.md\/ro\/wp-json\/wp\/v2\/tags?post=33435"}],"curies":[{"name":"wp","href":"https:\/\/api.w.org\/{rel}","templated":true}]}}