{"id":32987,"date":"2025-02-19T18:01:40","date_gmt":"2025-02-19T16:01:40","guid":{"rendered":"https:\/\/traditia.md\/?p=32987"},"modified":"2025-02-19T20:56:11","modified_gmt":"2025-02-19T18:56:11","slug":"se-apropie-saptamana-alba-ultima-inainte-de-postul-mare","status":"publish","type":"post","link":"https:\/\/traditia.md\/ro\/se-apropie-saptamana-alba-ultima-inainte-de-postul-mare\/","title":{"rendered":"Se apropie S\u0103pt\u0103m\u00e2na Alb\u0103 &#8211; ultima \u00eenainte de Postul Mare"},"content":{"rendered":"<p>S\u0103pt\u0103m\u00e2na Alb\u0103 este aproape, cur\u00e2nd mul\u021bi vor \u00eencepe s\u0103 pr\u0103jeasc\u0103 cl\u0103tite, iar unii chiar vor merge s\u0103 ard\u0103 o p\u0103pu\u0219\u0103. Pentru unii credincio\u0219i, tradi\u021biile populare provoac\u0103 uluire \u0219i team\u0103. \u00cens\u0103, pentru un cre\u0219tin, cel mai important lucru \u00een s\u0103pt\u0103m\u00e2na ce urmeaz\u0103 nu sunt nici cl\u0103titele, nici p\u0103pu\u0219a \u0219i nici disputele legate de arderea ei, dar Cinul Iert\u0103rii \u0219i apropiatul \u00eenceput al Postului Mare.<\/p>\n<p>Despre atitudinea cre\u0219tinilor fa\u021b\u0103 de Masleni\u021ba \u0219i tradi\u021biile populare explic\u0103m simplu \u0219i la subiect \u00een videoclipul nostru scurt.<\/p>\n<p>Abona\u021bi-v\u0103 pentru a nu rata videoclipuri care fac Ortodoxia mai u\u0219or de \u00een\u021beles.<\/p>\n","protected":false},"excerpt":{"rendered":"<p>S\u0103pt\u0103m\u00e2na Alb\u0103 este aproape, cur\u00e2nd mul\u021bi vor \u00eencepe s\u0103 pr\u0103jeasc\u0103 cl\u0103tite, iar unii chiar vor merge s\u0103 ard\u0103 o p\u0103pu\u0219\u0103. Pentru unii&hellip;<\/p>\n","protected":false},"author":3,"featured_media":32986,"comment_status":"open","ping_status":"closed","sticky":false,"template":"","format":"video","meta":{"_lmt_disableupdate":"no","_lmt_disable":"","slim_seo":{"title":"Se apropie S\u0103pt\u0103m\u00e2na Alb\u0103 - ultima \u00eenainte de Postul Mare - traditia.md","description":"S\u0103pt\u0103m\u00e2na Alb\u0103 este aproape, cur\u00e2nd mul\u021bi vor \u00eencepe s\u0103 pr\u0103jeasc\u0103 cl\u0103tite, iar unii chiar vor merge s\u0103 ard\u0103 o p\u0103pu\u0219\u0103. Pentru unii credincio\u0219i, tradi\u021biile popula"},"footnotes":""},"categories":[39,38],"tags":[],"class_list":["post-32987","post","type-post","status-publish","format-video","has-post-thumbnail","hentry","category-biserica-si-societatea","category-stiri","post_format-post-format-video"],"_links":{"self":[{"href":"https:\/\/traditia.md\/ro\/wp-json\/wp\/v2\/posts\/32987","targetHints":{"allow":["GET"]}}],"collection":[{"href":"https:\/\/traditia.md\/ro\/wp-json\/wp\/v2\/posts"}],"about":[{"href":"https:\/\/traditia.md\/ro\/wp-json\/wp\/v2\/types\/post"}],"author":[{"embeddable":true,"href":"https:\/\/traditia.md\/ro\/wp-json\/wp\/v2\/users\/3"}],"replies":[{"embeddable":true,"href":"https:\/\/traditia.md\/ro\/wp-json\/wp\/v2\/comments?post=32987"}],"version-history":[{"count":0,"href":"https:\/\/traditia.md\/ro\/wp-json\/wp\/v2\/posts\/32987\/revisions"}],"wp:featuredmedia":[{"embeddable":true,"href":"https:\/\/traditia.md\/ro\/wp-json\/wp\/v2\/media\/32986"}],"wp:attachment":[{"href":"https:\/\/traditia.md\/ro\/wp-json\/wp\/v2\/media?parent=32987"}],"wp:term":[{"taxonomy":"category","embeddable":true,"href":"https:\/\/traditia.md\/ro\/wp-json\/wp\/v2\/categories?post=32987"},{"taxonomy":"post_tag","embeddable":true,"href":"https:\/\/traditia.md\/ro\/wp-json\/wp\/v2\/tags?post=32987"}],"curies":[{"name":"wp","href":"https:\/\/api.w.org\/{rel}","templated":true}]}}