{"id":32428,"date":"2025-01-27T09:21:33","date_gmt":"2025-01-27T07:21:33","guid":{"rendered":"https:\/\/traditia.md\/?p=32428"},"modified":"2025-01-27T09:21:33","modified_gmt":"2025-01-27T07:21:33","slug":"ce-va-face-omul-cand-va-ajunge-la-judecata-cea-de-sus","status":"publish","type":"post","link":"https:\/\/traditia.md\/ro\/ce-va-face-omul-cand-va-ajunge-la-judecata-cea-de-sus\/","title":{"rendered":"Ce va face omul c\u00e2nd va ajunge la Judecata cea de Sus?"},"content":{"rendered":"<p><strong>Zilele trec \u0219i nici nu \u0219tii cum \u00eentr-o zi te treze\u0219ti cu diferite situa\u021bii imprevizibile \u2013 calamit\u0103\u021bi naturale, ploi toren\u021biale, furtuni, cutremure, accidente \u0219i altele. Cum se preg\u0103te\u0219te omul de aceste momente, de aceste situa\u021bii nea\u0219teptate? <\/strong><\/p>\n<p>La to\u021bi le pare c\u0103 trecerea de la o zi la alta e pur \u0219i simplu \u201em-am culcat, m-am trezit \u0219i totul se face bine \u0219i frumos\u201d. Dac\u0103 ar \u0219ti omul c\u00e2t\u0103\u00a0 grij\u0103, putere, munc\u0103 depune \u00cemp\u0103r\u0103\u021bia Cereasc\u0103 pentru el, omul?! \u00cen lumea nev\u0103zut\u0103 se petrece o lupt\u0103 nemaipomenit\u0103 pentru grija sufletelor\u00a0 oamenilor de pe p\u0103m\u00e2nt. Ce munc\u0103 colosal\u0103 au pe umerii lor \u00eengerii, care str\u0103juiesc \u0219i vegheaz\u0103 fiecare om \u00een parte \u0219i care-i poart\u0103 de grij\u0103 o via\u021b\u0103 \u00eentreag\u0103.<\/p>\n<p>M\u0103 \u00eentreb, cum omul trece dintr-o zi \u00een alta f\u0103r\u0103 s\u0103 se roage? C\u00e2nd omul se treze\u0219te diminea\u021ba, trebuie s\u0103-i mul\u021bumeasc\u0103 Lui Dumnezeu pentru noaptea ce a trecut \u0219i, paralel, trebuie chiar diminea\u021ba s\u0103 se roage pentru toat\u0103 ziua ca s\u0103 fie p\u0103zit de orice pericol. Apoi, seara omul se roag\u0103\u00a0 pentru timpul de noapte, citind astfel diferite rug\u0103ciuni, acatiste etc.<\/p>\n<p>Ce va face omul, c\u00e2nd va ajunge la Judecata cea de Sus?.. \u00cei vor ajunge omului faptele bune pe care le face pe p\u0103m\u00e2nt ca s\u0103 recupereze toate p\u0103catele f\u0103cute \u00een timpul vie\u021bii?&#8230;<\/p>\n<p style=\"text-align: right;\"><strong><em>Raisa Pl\u0103ie\u0219u,<\/em><\/strong><strong><em> <br \/>\npentru Traditia.md<\/em><\/strong><\/p>\n","protected":false},"excerpt":{"rendered":"<p>Zilele trec \u0219i nici nu \u0219tii cum \u00eentr-o zi te treze\u0219ti cu diferite situa\u021bii imprevizibile \u2013 calamit\u0103\u021bi naturale, ploi toren\u021biale, furtuni, cutremure,&hellip;<\/p>\n","protected":false},"author":3,"featured_media":32429,"comment_status":"open","ping_status":"closed","sticky":false,"template":"","format":"standard","meta":{"_lmt_disableupdate":"","_lmt_disable":"","slim_seo":{"title":"Ce va face omul c\u00e2nd va ajunge la Judecata cea de Sus? - traditia.md","description":"Zilele trec \u0219i nici nu \u0219tii cum \u00eentr-o zi te treze\u0219ti cu diferite situa\u021bii imprevizibile \u2013 calamit\u0103\u021bi naturale, ploi toren\u021biale, furtuni, cutremure, accidente \u0219"},"footnotes":""},"categories":[40,38],"tags":[],"class_list":["post-32428","post","type-post","status-publish","format-standard","has-post-thumbnail","hentry","category-apararea-credintei","category-stiri"],"_links":{"self":[{"href":"https:\/\/traditia.md\/ro\/wp-json\/wp\/v2\/posts\/32428","targetHints":{"allow":["GET"]}}],"collection":[{"href":"https:\/\/traditia.md\/ro\/wp-json\/wp\/v2\/posts"}],"about":[{"href":"https:\/\/traditia.md\/ro\/wp-json\/wp\/v2\/types\/post"}],"author":[{"embeddable":true,"href":"https:\/\/traditia.md\/ro\/wp-json\/wp\/v2\/users\/3"}],"replies":[{"embeddable":true,"href":"https:\/\/traditia.md\/ro\/wp-json\/wp\/v2\/comments?post=32428"}],"version-history":[{"count":0,"href":"https:\/\/traditia.md\/ro\/wp-json\/wp\/v2\/posts\/32428\/revisions"}],"wp:featuredmedia":[{"embeddable":true,"href":"https:\/\/traditia.md\/ro\/wp-json\/wp\/v2\/media\/32429"}],"wp:attachment":[{"href":"https:\/\/traditia.md\/ro\/wp-json\/wp\/v2\/media?parent=32428"}],"wp:term":[{"taxonomy":"category","embeddable":true,"href":"https:\/\/traditia.md\/ro\/wp-json\/wp\/v2\/categories?post=32428"},{"taxonomy":"post_tag","embeddable":true,"href":"https:\/\/traditia.md\/ro\/wp-json\/wp\/v2\/tags?post=32428"}],"curies":[{"name":"wp","href":"https:\/\/api.w.org\/{rel}","templated":true}]}}