{"id":32408,"date":"2025-01-26T10:12:06","date_gmt":"2025-01-26T08:12:06","guid":{"rendered":"https:\/\/traditia.md\/?p=32408"},"modified":"2026-01-24T14:57:23","modified_gmt":"2026-01-24T12:57:23","slug":"duminica-dupa-botezul-domnului","status":"publish","type":"post","link":"https:\/\/traditia.md\/ro\/duminica-dupa-botezul-domnului\/","title":{"rendered":"Duminica dup\u0103 Botezul Domnului"},"content":{"rendered":"<blockquote>\n<p style=\"text-align: right;\"><strong><em>\u201eDe atunci a \u00eenceput Iisus s\u0103 propov\u0103duiasc\u0103 \u015fi s\u0103 spun\u0103: Poc\u0103i\u0163i-v\u0103, <br \/>\nc\u0103ci s-a apropiat \u00eemp\u0103r\u0103\u0163ia cerurilor.\u201d<\/em><\/strong> <br \/>\n(Matei 4:12-17)<\/p>\n<\/blockquote>\n<p>Cu acelea\u0219i cuvinte propov\u0103duia \u00een pustia Iudeii \u0219i Ioan Botez\u0103torul (Matei 3:2), ceea ce indic\u0103 o direct\u0103 continuitate \u00eentre slujirea prorocului \u0219i cea a M\u00e2ntuitorului, care a preluat \u0219i a urmat calea prop\u0103v\u0103duirii \u00cemp\u0103r\u0103\u021biei preg\u0103tit\u0103 de \u00cenaintemerg\u0103torul S\u0103u, dup\u0103 ce acesta a fost \u00eentemni\u021bat de regele Irod Antipa (Marcu 6:17). Aceast\u0103 jonc\u021biune mistic\u0103 \u00eentre Vechiul \u0219i Noul Testament, \u00eentre cerul ce s-a supus smerit p\u0103m\u00e2ntului <em>\u201eca s\u0103 \u00eemplineasc\u0103 toat\u0103 dreptatea\u201d<\/em> (Matei 3:15), \u00eentre prorocul Ioan, cel mai mare om n\u0103scut din femei (Matei 11:11) \u0219i Iisus M\u00e2ntuitorul, Fiul lui Dumnezeu, s-a produs la Botezul \u0219i Ar\u0103tarea Domnului de la r\u00e2ul Iordan.<\/p>\n<p>Duminica de dup\u0103 Botezul Domnului este dedicat\u0103 \u00eenceputului predicii hristice (simbolizat\u0103, conform unei interpret\u0103ri, de Vohodul mic de la Sf\u00e2nta Liturghie). Dup\u0103 ce a fost botezat \u00een Iordan de c\u0103tre \u00cenaintemerg\u0103torul \u0219i Botez\u0103torul Ioan, \u0219i ulterior trec\u00e2nd prin ispitirea lui Satan \u00een pustie, M\u00e2ntuitorul Iisus \u00eencepe s\u0103 prop\u0103v\u0103duiasc\u0103 \u00een Galileea <em>\u201eEvanghelia \u00cemp\u0103r\u0103\u021biei lui Dumnezeu\u201d<\/em> (Marcu 1:14), chem\u00e2nd poporul la poc\u0103in\u021b\u0103 \u0219i credin\u021b\u0103.<\/p>\n<p><em>\u201e\u015ei zic\u00e2nd: S-a \u00eemplinit vremea \u015fi s-a apropiat \u00eemp\u0103r\u0103\u0163ia lui Dumnezeu. Poc\u0103i\u0163i-v\u0103 \u015fi crede\u0163i \u00een Evanghelie.\u201d <\/em>(Marcu 1:15)<\/p>\n<p>\u00cemp\u0103r\u0103\u021bia s-a apropiat, fiindc\u0103 Dumnezeu s-a apropiat de noi prin \u00eentruparea Sa \u00een Iisus Hristos, M\u00e2ntuitorul a\u0219teptat. Iar la aceast\u0103 apropiere este nevoie \u0219i de o apropiere din partea noastr\u0103, adic\u0103 de o \u00eent\u00e2mpinare, care se efectueaz\u0103 \u00een primul r\u00e2nd prin cur\u0103\u021birea sufletului, adic\u0103 prin poc\u0103in\u021b\u0103. Ceea ce reprezint\u0103 \u00een esen\u021ba sa schimbarea min\u021bii sau a felului de a g\u00e2ndi (<em>metanoia<\/em>), prin \u00eendep\u0103rtarea definitiv\u0103 fa\u021b\u0103 de p\u0103cat, practicarea virtu\u021bii \u0219i dezicerea de <em>\u201elumea care zace sub puterea celui r\u0103u\u201d<\/em> (I Ioan 5:19).<\/p>\n<p>\u201eVederea propriului p\u0103cat \u0219i poc\u0103in\u021ba n\u0103scut\u0103 din aceasta sunt faceri ce nu au un sf\u00e2r\u0219it pe p\u0103m\u00e2nt\u201d, spunea Sf\u00e2ntul Ierarh Ignatie (Briancianinov).<\/p>\n<p>Adev\u0103rata poc\u0103in\u021b\u0103 este o \u00eenviere a sufletului din moartea p\u0103catului \u0219i o \u00eendep\u0103rtare fa\u021b\u0103 de patima ucig\u0103toare, ea este o condi\u021bie prim\u0103 pentru ad\u00e2ncirea \u00een taina cunoa\u0219terii lui Dumnezeu. C\u0103ci \u00cemp\u0103r\u0103\u021bia Domnului, ce se ia prin str\u0103duin\u021b\u0103 (Matei 11:12), nu este din lumea aceasta (Ioan 18:36). \u0218i orice impregnare a vie\u021bii noastre cu vremelnicia acestei lumi necesit\u0103 activarea vizibil\u0103 a unui r\u0103zboi nev\u0103zut cu cele rele la care am devenit p\u0103rta\u0219i.<\/p>\n<p><em>\u201eNelegiuirile voastre au pus desp\u0103r\u0163ire \u00eentre voi \u015fi Dumnezeul vostru \u015fi p\u0103catele voastre L-au f\u0103cut s\u0103-\u015ei ascund\u0103 fa\u0163a ca s\u0103 nu v\u0103 aud\u0103.\u201d<\/em> (Isaia 59:2)<\/p>\n<p>Ca s\u0103 te concentrezi pe centrul existen\u021bial \u0219i via\u021ba ve\u0219nic\u0103, este nevoie de poc\u0103in\u021b\u0103 (\u201edef\u0103imarea de sine adun\u0103 g\u00e2ndurile \u00eempr\u0103\u0219tiate prin toat\u0103 lumea \u00een lucrarea poc\u0103in\u021bei\u201d \u2013 \u00a0Sf\u00e2ntul Ierarh Ignatie (Briancianinov)); ca postul \u0219i rug\u0103ciunea s\u0103 devin\u0103 \u201efructifiante\u201d, este nevoie de poc\u0103in\u021b\u0103; ca s\u0103 devii vas al harului, este nevoie de poc\u0103in\u021b\u0103; ca s\u0103 crezi \u00een Evanghelia lui Hristos \u0219i s\u0103 te men\u021bii \u00een aceast\u0103 credin\u021b\u0103, este nevoie de poc\u0103in\u021b\u0103. Unde nu te-ai \u00eentoarce, poc\u0103in\u021ba este cheia de aur, leacul ceresc, catapulta \u00eentru via\u021ba adev\u0103rului. Ca s\u0103 sim\u021bi necesitatea strigent\u0103 a Doctorului este mai \u00eent\u00e2i nevoie s\u0103-\u021bi vezi bolile (Luca 5:31-32).<\/p>\n<p>Dumnezeu a f\u0103cut totul pentru noi, dar totu\u0219i o sfor\u021bare este necesar\u0103 \u0219i din partea noastr\u0103. Pentru c\u0103 darul ce-l vom primi, \u0219i anume intrarea discret\u0103 \u00een \u00cemp\u0103r\u0103\u021bia Duhului, s\u0103 fie pre\u021buit \u0219i s\u0103 devin\u0103 cel mai valoros lucru, unicul cu adev\u0103rat necesar <em>(\u201eC\u0103uta\u0163i mai \u00eent\u00e2i \u00eemp\u0103r\u0103\u0163ia lui Dumnezeu \u015fi dreptatea Lui.\u201d<\/em> Matei 6:33). Care neap\u0103rat trebuie\u0219te p\u0103strat, prin ceea ce se nume\u0219te poc\u0103in\u021b\u0103.<\/p>\n<p>Ce este poc\u0103in\u021ba? Sf\u00e2ntul Isaac Sirul: \u201eInima \u00eenfr\u00e2nt\u0103 \u0219i smerit\u0103.\u201d<\/p>\n<p>Hristos a \u00eenviat!<\/p>\n<p style=\"text-align: right;\"><strong><em>Iereu Anatolie Juraveli<\/em><\/strong><\/p>\n","protected":false},"excerpt":{"rendered":"<p>\u201eDe atunci a \u00eenceput Iisus s\u0103 propov\u0103duiasc\u0103 \u015fi s\u0103 spun\u0103: Poc\u0103i\u0163i-v\u0103, c\u0103ci s-a apropiat \u00eemp\u0103r\u0103\u0163ia cerurilor.\u201d (Matei 4:12-17) Cu acelea\u0219i cuvinte propov\u0103duia&hellip;<\/p>\n","protected":false},"author":3,"featured_media":32406,"comment_status":"open","ping_status":"closed","sticky":false,"template":"","format":"standard","meta":{"_lmt_disableupdate":"no","_lmt_disable":"","slim_seo":{"title":"Duminica dup\u0103 Botezul Domnului - traditia.md","description":"\u201eDe atunci a \u00eenceput Iisus s\u0103 propov\u0103duiasc\u0103 \u015fi s\u0103 spun\u0103: Poc\u0103i\u0163i-v\u0103, c\u0103ci s-a apropiat \u00eemp\u0103r\u0103\u0163ia cerurilor.\u201d (Matei 4:12-17) Cu acelea\u0219i cuvinte propov\u0103duia \u00een"},"footnotes":""},"categories":[1722,40,45,38],"tags":[],"class_list":["post-32408","post","type-post","status-publish","format-standard","has-post-thumbnail","hentry","category-anatolie-juraveli","category-apararea-credintei","category-bloguri","category-stiri"],"_links":{"self":[{"href":"https:\/\/traditia.md\/ro\/wp-json\/wp\/v2\/posts\/32408","targetHints":{"allow":["GET"]}}],"collection":[{"href":"https:\/\/traditia.md\/ro\/wp-json\/wp\/v2\/posts"}],"about":[{"href":"https:\/\/traditia.md\/ro\/wp-json\/wp\/v2\/types\/post"}],"author":[{"embeddable":true,"href":"https:\/\/traditia.md\/ro\/wp-json\/wp\/v2\/users\/3"}],"replies":[{"embeddable":true,"href":"https:\/\/traditia.md\/ro\/wp-json\/wp\/v2\/comments?post=32408"}],"version-history":[{"count":3,"href":"https:\/\/traditia.md\/ro\/wp-json\/wp\/v2\/posts\/32408\/revisions"}],"predecessor-version":[{"id":38200,"href":"https:\/\/traditia.md\/ro\/wp-json\/wp\/v2\/posts\/32408\/revisions\/38200"}],"wp:featuredmedia":[{"embeddable":true,"href":"https:\/\/traditia.md\/ro\/wp-json\/wp\/v2\/media\/32406"}],"wp:attachment":[{"href":"https:\/\/traditia.md\/ro\/wp-json\/wp\/v2\/media?parent=32408"}],"wp:term":[{"taxonomy":"category","embeddable":true,"href":"https:\/\/traditia.md\/ro\/wp-json\/wp\/v2\/categories?post=32408"},{"taxonomy":"post_tag","embeddable":true,"href":"https:\/\/traditia.md\/ro\/wp-json\/wp\/v2\/tags?post=32408"}],"curies":[{"name":"wp","href":"https:\/\/api.w.org\/{rel}","templated":true}]}}