{"id":32377,"date":"2025-01-24T10:52:24","date_gmt":"2025-01-24T08:52:24","guid":{"rendered":"https:\/\/traditia.md\/?p=32377"},"modified":"2025-01-24T10:52:24","modified_gmt":"2025-01-24T08:52:24","slug":"sa-cinstim-mai-intai-sarbatorile-ceresti-apoi-cele-pamantesti","status":"publish","type":"post","link":"https:\/\/traditia.md\/ro\/sa-cinstim-mai-intai-sarbatorile-ceresti-apoi-cele-pamantesti\/","title":{"rendered":"S\u0103 cinstim mai \u00eent\u00e2i s\u0103rb\u0103torile cere\u0219ti, apoi cele p\u0103m\u00e2nte\u0219ti"},"content":{"rendered":"<p><strong>S\u0103rb\u0103torile cre\u0219tine sunt ni\u0219te file din calendarul cre\u0219tin-ortodox ale zilelor vie\u021bii noastre, care trebuie respectate \u0219i cinstite de to\u021bi oamenii, indiferent ce func\u021bie ar avea pe p\u0103m\u00e2nt. Nici Parlamentul Republicii Moldova, nici legislativele altor \u021b\u0103ri nu au prev\u0103zut s\u0103 introduc\u0103 \u00een legile sale \u00eent\u00e2i \u0219i-\u00eent\u00e2i s\u0103rb\u0103torile religioase din \u00eentregul an bisericesc, ca oamenii s\u0103 aib\u0103 posibilitate s\u0103 se duc\u0103 la biseric\u0103 ca s\u0103 asiste la sfintele liturghii, s\u0103 se reg\u0103seasc\u0103 prin rug\u0103cinile sufletului s\u0103u.<\/strong><\/p>\n<p>Au fost trecute prin oglinda legilor de stat \u0219i interna\u021bionale doar c\u00e2teva s\u0103rb\u0103tori cre\u0219tine: <em>\u00cenvierea Domnului, Pa\u0219tele Blajinilor \u0219i Cr\u0103ciunul.<\/em> Dac\u0103 \u021bara nu este cu Dumnezeu \u0219i nu le permite oamenilor ca s\u0103 cinsteasc\u0103 \u0219i alte s\u0103rb\u0103tori cre\u0219tine, atunci s\u0103 ne \u00eentreb\u0103m: \u201eCe fel de via\u021b\u0103, ce fel de stabilitate, de pace \u0219i \u00eenflorire poate avea o \u021bar\u0103, dac\u0103 nu-L cinstim pe Dumnezeu, nu cinstim s\u0103rb\u0103torile cre\u0219tine?\u201d<\/p>\n<p>Mereu a\u0219a a fost c\u0103 oamenii se concentreaz\u0103 \u00een timpul zilelor s\u0103rb\u0103torilor cre\u0219tine cum s\u0103 c\u00e2\u0219tige\u00a0 mai mul\u021bi bani pentru existen\u021b\u0103, adic\u0103 s\u0103-\u0219i \u00eendeplineasc\u0103 orele de serviciu sau s\u0103 v\u00e2nd\u0103 la pia\u021b\u0103, dar nu s\u0103 se reg\u0103seasc\u0103 moral \u00een decursul acestor s\u0103rb\u0103tori religioase. \u0218i ce fel de stabilitate \u0219i via\u021b\u0103 mai \u00eenfloritoare poate avea Moldova, dac\u0103 nu se d\u0103 aten\u021bie la cinstirea s\u0103rb\u0103torilor cre\u0219tine? \u0218i cum omul s\u0103 cinsteasc\u0103 zilele acestor s\u0103rb\u0103tori, dac\u0103 tot omul e nevoit s\u0103 se duc\u0103 la serviciu, s\u0103-\u0219i fac\u0103 obligatoriu orele de munc\u0103?&#8230;<\/p>\n<p>\u00cen calendarul civil al lumii se cinstesc fel de fel de s\u0103rb\u0103tori inutile, care le clasific\u0103 \u00een: decenii, ani, s\u0103pt\u0103m\u00e2ni, anivers\u0103ri, s\u0103rb\u0103tori tradi\u021bionale, na\u021bionale, zile interna\u021bionale sau mondiale, comemorative, profesionale etc. Toate aceste clasific\u0103ri sunt declarate de ONU. \u00cen fiecare an, \u00een calendarul lumii po\u021bi \u00eent\u00e2lni: 10 decenii cu diferite tematici; 12 s\u0103pt\u0103m\u00e2ni \u0219i luni tematice ale ONU; 29 de zile europene; 90 de s\u0103rb\u0103tori na\u021bionale, profesionale, comemorative; 319 de zile cu s\u0103rb\u0103tori mondiale \u0219i interna\u021bionale. Dar de s\u0103rb\u0103torile cre\u0219tine din timpul anului s-au uitat, sunt pomenite doar 2-3 s\u0103rb\u0103tori.<\/p>\n<p>ONU nu poate fi Dumnezeu, c\u0103 nu ea a creat lumea, ci Dumnezeu a creat omul \u0219i natura din jur! \u00cen tot ce se face \u00een via\u021b\u0103 trebuie s\u0103 se \u021bin\u0103 cont \u00een primul r\u00e2nd de Dumnezeu, c\u0103 doar numai El poate da adev\u0103rat\u0103 binecuv\u00e2ntare la tot ce se petrece pe p\u0103m\u00e2nt. Ce s\u0103 mai vorbim de alte manifest\u0103ri na\u021bionale, populare basarabene: s\u0103rb\u0103toarea vinului, bostanului, p\u0103pu\u0219oiului, cartofului, c\u00e2inilor, pisicilor etc. De ce nu se organizeaz\u0103 mai multe manifest\u0103ri cre\u0219tine, dar ne oprim la aceste nimicuri?..<\/p>\n<p>La ce nivel a cobor\u00e2t omenirea ast\u0103zi?! Nimeni \u00eenc\u0103 nu a \u00een\u021beles, cine aprinde \u00een ochii omului lumina zilei? Cine \u00eel ridic\u0103 pe om \u00een fiece zi \u0219i p\u0103\u0219e\u0219te mai departe? Cine \u00eei revars\u0103 lumina g\u00e2ndurilor de via\u021b\u0103? Cine \u00eei d\u0103 putere de via\u021b\u0103?.. Doar numai Dumnezeu este acel ce face totul \u00eentre cer \u0219i p\u0103m\u00e2nt.<\/p>\n<p>\u00cemi amintesc un caz pe care mi l-a povestit o doamn\u0103, cum pentru absen\u021b\u0103 la serviciu timp de\u00a0 o jum\u0103tate de zi \u2013 a fost la Sf\u00e2nta Liturghie \u0219i a cinstit o s\u0103rb\u0103toare mare cre\u0219tin\u0103 \u2013 a fost pedepsit\u0103. A fost avertizat\u0103 \u0219i pre\u00eent\u00e2mpinat\u0103 c\u0103 va fi eliberat\u0103 din serviciu, dac\u0103 se vor mai repeta asemenea cazuri. M\u0103 \u00eentreb, de ce pe p\u0103m\u00e2nt se petrece at\u00e2ta violen\u021b\u0103 \u0219i omul a devenit foarte r\u0103u? De ce nu se sf\u00e2r\u0219esc r\u0103zboaiele?..<\/p>\n<p>De ce nu se cinstesc mai \u00eent\u00e2i s\u0103rb\u0103torile religioase \u0219i doar apoi cele civile? Oare avem nevoie de 319 de zile cu s\u0103rb\u0103tori mondiale \u0219i interna\u021bionale ca s\u0103 se s\u0103rb\u0103toreasc\u0103 \u00eentr-un singur an? De ce nu se pred\u0103 religia de la gr\u0103dini\u021b\u0103 \u0219i p\u00e2n\u0103 la universitate? Cred ar fi bine c\u0103 omul s\u0103 se supun\u0103 mai \u00eent\u00e2i legilor cere\u0219ti, apoi celor p\u0103m\u00e2nte\u0219ti! \u0218i \u00een privin\u021ba tuturor legilor p\u0103m\u00e2nte\u0219ti care se elaboreaz\u0103 trebuie s\u0103 se \u021bin\u0103 cont mai \u00eent\u00eei de cele legate de credin\u021b\u0103 \u0219i apoi cele de stat!<\/p>\n<p>\u00cen trecut oamenii erau mai credincio\u0219i, duminica aveau to\u021bi o tradi\u021bie de a pleca cu toat\u0103 familia la biseric\u0103. Oamenii se rugau unul pentru altul \u0219i erau mai s\u0103n\u0103to\u0219i. Copii erau educa\u021bi \u00een familie \u00een alt stil de via\u021b\u0103, chiar de erau mai s\u0103raci. \u00cen institu\u021biile de \u00eenv\u0103\u021b\u0103m\u00e2nt copiii studiau: matematica, Biblia, \u0219tiin\u021bele naturii, Psaltirea, filosofia, oratorica, limba latin\u0103, religia\u2026 Fe\u021bele biserice\u0219ti \u0219i m\u0103n\u0103stire\u0219ti, dasc\u0103lii de \u0219coal\u0103 erau respecta\u021bi \u0219i stima\u021bi peste tot. Copiii citeau mai multe c\u0103r\u021bi, \u00eenv\u0103\u021bau la \u0219coal\u0103 bine etc.<\/p>\n<p>Ast\u0103zi omul a intrat \u00een veacul digital \u0219i nu se dezlipe\u0219te de mobil, calculator, internet, diferite aparate, metode, forme, programe digitale, care cresc ca ciupercile dup\u0103 ploaie, care \u00eel atrag tot mai mult \u0219i nu se \u0219tie unde \u00eel duc, \u00eel captiveaz\u0103 pe zi ce trece, dar nu se \u00een\u021belege c\u0103 este o\u00a0 lucrarea diavoleasc\u0103 care \u00eel duce pe om \u00een alt\u0103 direc\u021bie. Dependen\u021ba oamenilor de aparatele digitale \u00een fiecare zi pe strad\u0103, \u00een toate felurile de transport, \u00een diferite g\u0103ri \u0219i aeroporturi, \u00een metrouri, \u00een timpul orelor de studii, peste tot\u2026 \u0218i despre ce ne vorbe\u0219te aceast\u0103 dependen\u021b\u0103 digital\u0103 a omului?<\/p>\n<p>De ce omul nu este dependent de credin\u021b\u0103, de iubirea fa\u021b\u0103 de Dumnezeu?.. De ce omul cinste\u0219te mai mult credin\u021ba digital\u0103, dec\u00e2t credi\u021ba \u00een Dumnezeu? Michelle Rosenberg spunea: \u201e\u00cen era digital\u0103, asist\u0103m tot mai des la manifestarea optimismului siliconat, fals, for\u0163at \u00een care oamenii imorali fac parad\u0103 cu fericirea \u015fi agoniseala lor teluric\u0103.\u201d Deja se vorbe\u0219te despre digitalizarea fiin\u021bei umane \u0219i chiar despre internetul interuman. Unde ne ducem?&#8230;<\/p>\n<p style=\"text-align: right;\"><strong><em>Raisa Pl\u0103ie\u0219u, <br \/>\n<\/em><\/strong><strong><em>pentru Traditia.md<\/em><\/strong><\/p>\n","protected":false},"excerpt":{"rendered":"<p>S\u0103rb\u0103torile cre\u0219tine sunt ni\u0219te file din calendarul cre\u0219tin-ortodox ale zilelor vie\u021bii noastre, care trebuie respectate \u0219i cinstite de to\u021bi oamenii, indiferent ce&hellip;<\/p>\n","protected":false},"author":3,"featured_media":32378,"comment_status":"open","ping_status":"closed","sticky":false,"template":"","format":"standard","meta":{"_lmt_disableupdate":"","_lmt_disable":"","slim_seo":{"title":"S\u0103 cinstim mai \u00eent\u00e2i s\u0103rb\u0103torile cere\u0219ti, apoi cele p\u0103m\u00e2nte\u0219ti - traditia.md","description":"S\u0103rb\u0103torile cre\u0219tine sunt ni\u0219te file din calendarul cre\u0219tin-ortodox ale zilelor vie\u021bii noastre, care trebuie respectate \u0219i cinstite de to\u021bi oamenii, indiferent"},"footnotes":""},"categories":[44,38],"tags":[],"class_list":["post-32377","post","type-post","status-publish","format-standard","has-post-thumbnail","hentry","category-actualitate","category-stiri"],"_links":{"self":[{"href":"https:\/\/traditia.md\/ro\/wp-json\/wp\/v2\/posts\/32377","targetHints":{"allow":["GET"]}}],"collection":[{"href":"https:\/\/traditia.md\/ro\/wp-json\/wp\/v2\/posts"}],"about":[{"href":"https:\/\/traditia.md\/ro\/wp-json\/wp\/v2\/types\/post"}],"author":[{"embeddable":true,"href":"https:\/\/traditia.md\/ro\/wp-json\/wp\/v2\/users\/3"}],"replies":[{"embeddable":true,"href":"https:\/\/traditia.md\/ro\/wp-json\/wp\/v2\/comments?post=32377"}],"version-history":[{"count":0,"href":"https:\/\/traditia.md\/ro\/wp-json\/wp\/v2\/posts\/32377\/revisions"}],"wp:featuredmedia":[{"embeddable":true,"href":"https:\/\/traditia.md\/ro\/wp-json\/wp\/v2\/media\/32378"}],"wp:attachment":[{"href":"https:\/\/traditia.md\/ro\/wp-json\/wp\/v2\/media?parent=32377"}],"wp:term":[{"taxonomy":"category","embeddable":true,"href":"https:\/\/traditia.md\/ro\/wp-json\/wp\/v2\/categories?post=32377"},{"taxonomy":"post_tag","embeddable":true,"href":"https:\/\/traditia.md\/ro\/wp-json\/wp\/v2\/tags?post=32377"}],"curies":[{"name":"wp","href":"https:\/\/api.w.org\/{rel}","templated":true}]}}