{"id":32064,"date":"2025-01-12T09:28:36","date_gmt":"2025-01-12T07:28:36","guid":{"rendered":"https:\/\/traditia.md\/?p=32064"},"modified":"2025-01-12T09:29:23","modified_gmt":"2025-01-12T07:29:23","slug":"duminica-a-xxix-a-dupa-cincizecime-fuga-in-egipt","status":"publish","type":"post","link":"https:\/\/traditia.md\/ro\/duminica-a-xxix-a-dupa-cincizecime-fuga-in-egipt\/","title":{"rendered":"Duminica a XXIX-a dup\u0103 Cincizecime. Fuga \u00een Egipt"},"content":{"rendered":"<blockquote>\n<p><em>\u201eIar lu\u00e2nd \u00een\u015ftiin\u0163are \u00een vis s\u0103 nu se mai \u00eentoarc\u0103 la Irod, pe alt\u0103 cale s-au dus \u00een \u0163ara lor. Dup\u0103 plecarea magilor, iat\u0103 \u00eengerul Domnului se arat\u0103 \u00een vis lui Iosif, zic\u00e2nd: Scoal\u0103-te, ia Pruncul \u015fi pe mama Lui \u015fi fugi \u00een Egipt \u015fi stai acolo p\u00e2n\u0103 ce-\u0163i voi spune, fiindc\u0103 Irod are s\u0103 caute Pruncul ca s\u0103-L ucid\u0103.\u201d<\/em> (Matei 2:12-13)<\/p>\n<\/blockquote>\n<p>Dup\u0103 \u00eenchinare magii-regi pleac\u0103 pe alt drum, ca s\u0103 nu fie ispiti\u021bi de Irod \u0219i s\u0103 afle regele viclean cine este Pruncul. \u00cen acest timp dreptul Iosif, p\u0103zitorul Maicii Domnului, prime\u0219te porunc\u0103 prin vis de la \u00eengerul Domnului s\u0103 fug\u0103 \u00eempreun\u0103 cu Pruncul \u0219i mama Lui \u00een Egipt, pentru a se ascunde de m\u00e2nia regelui, care va ucide pe to\u021bi pruncii cu v\u00e2rsta de p\u00e2n\u0103 la doi ani din Betleem \u0219i din \u00eemprejurimele sale, \u00een speran\u021ba oarb\u0103 c\u0103 va fi omor\u00e2t \u0219i micu\u021bul Mesia, Cuv\u00e2ntul \u0219i Fiul lui Dumnezeu prin care s-a f\u0103cut tot universul. Dumnezeu devenit om gust\u0103 de mic copil toate sc\u00e2rn\u0103viile lumii umane \u00een care a pogor\u00e2t, nici nu a reu\u0219it s\u0103 se iveasc\u0103 pe lume, c\u0103 r\u0103utatea omeneasc\u0103 deja \u00cel \u00eenconjoar\u0103.<\/p>\n<p>Acest Prunc sf\u00e2nt a\u0219teptat de c\u0103tre poporul iudeu, \u0219i nu numai, promis de Dumnezeu pentru a sc\u0103pa omenirea din st\u0103p\u00e2nirea diavolului, ajunge s\u0103 fie ur\u00e2t din primele momente ale vie\u021bii sale \u0219i deloc a\u0219teptat de c\u0103tre conduc\u0103torii \u00eentuneca\u021bi la minte ai Israelului. Care \u00een loc s\u0103 preg\u0103teasc\u0103 poporul pentru \u00eent\u00e2mpinarea celui pogor\u00e2t de la Dumnezeu (ca ni\u0219te slujitori credincio\u0219i \u0219i \u00een\u021belep\u021bi ce-\u0219i a\u0219teapt\u0103 st\u0103p\u00e2nul \u2013 Mt. 24:45-51) ajung s\u0103 vad\u0103 \u00een El un rival, un concurent la puterea lor mizer\u0103 \u0219i p\u0103m\u00e2nteasc\u0103. De parc\u0103 tu, un g\u00e2nd\u0103cel beteag \u0219i \u00eenfumurat, po\u021bi mi\u0219ca muntele dumnezeiesc al voii Sale. Un absurd caracteristic lumii, ce zace sub puterea celui r\u0103u (I Ioan 5:19), \u0219i care nu poate percepe nicicum \u00cemp\u0103ra\u021bia cerurilor, care este pentru ea ca \u0219i inexistent\u0103.<\/p>\n<p>Prorocirile se \u00eemplinesc \u0219i se tot \u00eemplinesc. \u0218i copila\u0219ii Betleemului devin primii martiri ai lui Hristos. La fel cum \u0219i p\u0103m\u00e2ntul Egiptului devine primul loc sfin\u021bit din care va porni via\u021ba monahal\u0103. \u0218i fuga M\u00e2ntuitorului \u00een acest p\u0103m\u00e2nt p\u0103g\u00e2n este un prim semn al includerii \u0219i neamurilor, adic\u0103 a neiudeilor, \u00een iconomia minunat\u0103 a m\u00e2ntuirii Sale. Acest p\u0103m\u00e2nt dispre\u021buit de c\u0103tre poporul ales, dar care primul s-a \u00eenvrednicit s\u0103-L ad\u0103posteasc\u0103 pe Mesia mult a\u0219teptat, l-a ad\u0103postit c\u00e2ndva \u0219i pe Iosif, cel tr\u0103dat de fra\u021bii s\u0103i, dar \u0219i pe Moise, conduc\u0103torul \u0219i eliberatorul de c\u00e2ndva a poporului israelit. Astfel mai multe implica\u021bii simbolice pot fi g\u0103site \u00een aceast\u0103 fug\u0103 egiptean\u0103.<\/p>\n<p style=\"text-align: right;\"><strong><em>Iereu Anatolie Juraveli<\/em><\/strong><\/p>\n","protected":false},"excerpt":{"rendered":"<p>\u201eIar lu\u00e2nd \u00een\u015ftiin\u0163are \u00een vis s\u0103 nu se mai \u00eentoarc\u0103 la Irod, pe alt\u0103 cale s-au dus \u00een \u0163ara lor. Dup\u0103 plecarea&hellip;<\/p>\n","protected":false},"author":3,"featured_media":32062,"comment_status":"open","ping_status":"closed","sticky":false,"template":"","format":"standard","meta":{"_lmt_disableupdate":"","_lmt_disable":"","slim_seo":{"title":"Duminica a XXIX-a dup\u0103 Cincizecime. Fuga \u00een Egipt - traditia.md","description":"\u201eIar lu\u00e2nd \u00een\u015ftiin\u0163are \u00een vis s\u0103 nu se mai \u00eentoarc\u0103 la Irod, pe alt\u0103 cale s-au dus \u00een \u0163ara lor. Dup\u0103 plecarea magilor, iat\u0103 \u00eengerul Domnului se arat\u0103 \u00een vis lui"},"footnotes":""},"categories":[1722,40,45,38],"tags":[],"class_list":["post-32064","post","type-post","status-publish","format-standard","has-post-thumbnail","hentry","category-anatolie-juraveli","category-apararea-credintei","category-bloguri","category-stiri"],"_links":{"self":[{"href":"https:\/\/traditia.md\/ro\/wp-json\/wp\/v2\/posts\/32064","targetHints":{"allow":["GET"]}}],"collection":[{"href":"https:\/\/traditia.md\/ro\/wp-json\/wp\/v2\/posts"}],"about":[{"href":"https:\/\/traditia.md\/ro\/wp-json\/wp\/v2\/types\/post"}],"author":[{"embeddable":true,"href":"https:\/\/traditia.md\/ro\/wp-json\/wp\/v2\/users\/3"}],"replies":[{"embeddable":true,"href":"https:\/\/traditia.md\/ro\/wp-json\/wp\/v2\/comments?post=32064"}],"version-history":[{"count":0,"href":"https:\/\/traditia.md\/ro\/wp-json\/wp\/v2\/posts\/32064\/revisions"}],"wp:featuredmedia":[{"embeddable":true,"href":"https:\/\/traditia.md\/ro\/wp-json\/wp\/v2\/media\/32062"}],"wp:attachment":[{"href":"https:\/\/traditia.md\/ro\/wp-json\/wp\/v2\/media?parent=32064"}],"wp:term":[{"taxonomy":"category","embeddable":true,"href":"https:\/\/traditia.md\/ro\/wp-json\/wp\/v2\/categories?post=32064"},{"taxonomy":"post_tag","embeddable":true,"href":"https:\/\/traditia.md\/ro\/wp-json\/wp\/v2\/tags?post=32064"}],"curies":[{"name":"wp","href":"https:\/\/api.w.org\/{rel}","templated":true}]}}