{"id":31993,"date":"2025-01-07T08:44:20","date_gmt":"2025-01-07T06:44:20","guid":{"rendered":"https:\/\/traditia.md\/?p=31993"},"modified":"2025-01-07T08:46:02","modified_gmt":"2025-01-07T06:46:02","slug":"nasterea-domnului","status":"publish","type":"post","link":"https:\/\/traditia.md\/ro\/nasterea-domnului\/","title":{"rendered":"Na\u0219terea Domnului"},"content":{"rendered":"<p style=\"text-align: center;\"><span style=\"font-size: 14pt; color: #ff0000;\"><strong><em>Hristos S-a n\u0103scut, sl\u0103vi\u021bi-L!<\/em><\/strong><\/span><\/p>\n<p>Dragi cre\u0219tini, apropia\u021bi-v\u0103 cu mintea de ieslea M\u00e2ntuitorului! \u00cen jurul c\u0103reia s-a str\u00e2ns toat\u0103 creatura, \u0219i cea omeneasc\u0103, \u0219i cea animalic\u0103, \u0219i cea \u00eengereasc\u0103. \u00cen jurul iubirii lui Dumnezeu ce S-a pogor\u00e2t \u0219i a intrat sub piele de om ca s\u0103 scape toat\u0103 creatura de st\u0103p\u00e2nirea vr\u0103jma\u0219ului vie\u021bii \u0219i de p\u0103catul ucig\u0103tor. \u00cen jurul ieslei \u00een care s-a n\u0103scut Noul Adam.<\/p>\n<p>Am petrecut \u00eennoitorul post spre a ne preg\u0103ti trupul \u0219i a cur\u0103\u021bi sufletul, centrul c\u0103rora reprezint\u0103 inima, care este un staul, o pe\u0219ter\u0103, o poart\u0103, \u00een care se na\u0219te prin minune nemaiv\u0103zut\u0103 \u0219i nemaiauzit\u0103 Izb\u0103virea noastr\u0103, Fiul lui Dumnezeu, Unul-n\u0103scut, Domnul nostru Iisus Hristos, s\u0103m\u00e2n\u021ba nemuririi, cel care are puterea s\u0103 ne scoat\u0103 din gura mor\u021bii \u0219i s\u0103 ne d\u0103ruiasc\u0103 prin Sine Calea \u0219i U\u0219a spre Patria noastr\u0103 cereasc\u0103.<\/p>\n<p>Fra\u021bilor, via\u021ba nu are niciun sens dac\u0103 ea nu va primi \u00een bra\u021bele sale pe minunatul prunc, care prin vocea Sa bl\u00e2nd\u0103 zguduie mun\u021bii \u0219i cutremur\u0103 ad\u00e2ncurile. S\u0103 arunc\u0103m din noi, pentru totdeauna \u2013\u00a0 frica \u0219i necredin\u021ba, ur\u00e2ciunea \u0219i dezn\u0103dejdea \u0219i s\u0103 ciulim urechea la t\u0103cerea sf\u00e2nt\u0103 a p\u0103m\u00e2ntului \u0219i a p\u0103durii care la fel ca \u0219i noi se mir\u0103 de na\u0219terea sf\u00e2nt\u0103 a \u00cemp\u0103ratului \u0219i St\u0103p\u00e2nului tuturor, de na\u0219terea Sa \u00een lumea \u00eenrobirii \u0219i uit\u0103rii \u0219i care ne va spune: <em>\u201eVeni\u021bi la Mine, to\u021bi cei osteni\u021bi \u0219i \u00eempov\u0103ra\u021bi, \u0219i Eu v\u0103 voi odihni.\u201d<\/em> El \u2013 care este unirea noastr\u0103 tainic\u0103 cu Dumnezeu, \u00cemp\u0103ratul \u00eemp\u0103ra\u021bilor, St\u0103p\u00e2nul st\u0103p\u00e2nilor, Capul Bisericii, Lumina lin\u0103 \u0219i t\u0103cut\u0103 a \u00eendumnezeirii.<\/p>\n<p>S\u0103 r\u0103spundem la chemarea sf\u00e2nt\u0103 prin fapte frumoase, prin cuvinte drept-sl\u0103vitoare, prin via\u021b\u0103 curat\u0103. C\u0103ci adresa spre care se mi\u0219c\u0103 cei trei crai-magi de la R\u0103s\u0103rit, este cea a inimii noastre \u00eenfrumuse\u021bate, unde se afl\u0103 comoara de cel mai mare pre\u021b, luminat\u0103 de steaua c\u0103l\u0103uzitoare. Aceast\u0103 comoar\u0103 a schimbat cursul istoriei \u0219i ne \u00eenvie din mor\u021bi. S\u0103 nu schimb\u0103m Viflaimul cu un \u201eNew York\u201d oarecare, s\u0103 nu schimb\u0103m p\u00e2inea pe o piatr\u0103.<\/p>\n<p>At\u00e2ta ni se cere: cu adev\u0103rat s\u0103 ne bucur\u0103m de sf\u00e2nta Na\u0219tere. \u0218i s\u0103 spunem din toat\u0103 inima \u0219i centrul fiin\u021bei noastre: <strong>Slav\u0103 \u021aie, Doamne, c\u0103 S-a n\u0103scut Hristos!<\/strong><\/p>\n<p style=\"text-align: right;\"><strong><em>Iereu Anatolie Juraveli<\/em><\/strong><\/p>\n","protected":false},"excerpt":{"rendered":"<p>Hristos S-a n\u0103scut, sl\u0103vi\u021bi-L! Dragi cre\u0219tini, apropia\u021bi-v\u0103 cu mintea de ieslea M\u00e2ntuitorului! \u00cen jurul c\u0103reia s-a str\u00e2ns toat\u0103 creatura, \u0219i cea omeneasc\u0103,&hellip;<\/p>\n","protected":false},"author":3,"featured_media":31991,"comment_status":"open","ping_status":"closed","sticky":false,"template":"","format":"standard","meta":{"_lmt_disableupdate":"","_lmt_disable":"","slim_seo":{"title":"Na\u0219terea Domnului - traditia.md","description":"Hristos S-a n\u0103scut, sl\u0103vi\u021bi-L! Dragi cre\u0219tini, apropia\u021bi-v\u0103 cu mintea de ieslea M\u00e2ntuitorului! \u00cen jurul c\u0103reia s-a str\u00e2ns toat\u0103 creatura, \u0219i cea omeneasc\u0103, \u0219i c"},"footnotes":""},"categories":[1722,40,45,38],"tags":[],"class_list":["post-31993","post","type-post","status-publish","format-standard","has-post-thumbnail","hentry","category-anatolie-juraveli","category-apararea-credintei","category-bloguri","category-stiri"],"_links":{"self":[{"href":"https:\/\/traditia.md\/ro\/wp-json\/wp\/v2\/posts\/31993","targetHints":{"allow":["GET"]}}],"collection":[{"href":"https:\/\/traditia.md\/ro\/wp-json\/wp\/v2\/posts"}],"about":[{"href":"https:\/\/traditia.md\/ro\/wp-json\/wp\/v2\/types\/post"}],"author":[{"embeddable":true,"href":"https:\/\/traditia.md\/ro\/wp-json\/wp\/v2\/users\/3"}],"replies":[{"embeddable":true,"href":"https:\/\/traditia.md\/ro\/wp-json\/wp\/v2\/comments?post=31993"}],"version-history":[{"count":0,"href":"https:\/\/traditia.md\/ro\/wp-json\/wp\/v2\/posts\/31993\/revisions"}],"wp:featuredmedia":[{"embeddable":true,"href":"https:\/\/traditia.md\/ro\/wp-json\/wp\/v2\/media\/31991"}],"wp:attachment":[{"href":"https:\/\/traditia.md\/ro\/wp-json\/wp\/v2\/media?parent=31993"}],"wp:term":[{"taxonomy":"category","embeddable":true,"href":"https:\/\/traditia.md\/ro\/wp-json\/wp\/v2\/categories?post=31993"},{"taxonomy":"post_tag","embeddable":true,"href":"https:\/\/traditia.md\/ro\/wp-json\/wp\/v2\/tags?post=31993"}],"curies":[{"name":"wp","href":"https:\/\/api.w.org\/{rel}","templated":true}]}}