{"id":31844,"date":"2024-12-30T15:12:04","date_gmt":"2024-12-30T13:12:04","guid":{"rendered":"https:\/\/traditia.md\/?p=31844"},"modified":"2024-12-30T15:12:04","modified_gmt":"2024-12-30T13:12:04","slug":"ce-adunam-in-preajma-sarbatorilor-de-iarna","status":"publish","type":"post","link":"https:\/\/traditia.md\/ro\/ce-adunam-in-preajma-sarbatorilor-de-iarna\/","title":{"rendered":"Ce adun\u0103m \u00een preajma s\u0103rb\u0103torilor de iarn\u0103?"},"content":{"rendered":"<p><strong>Cutreer\u00e2nd prin magazinele comerciale de m\u0103rfuri cele mai mari din capital\u0103 \u2013 Port Mall, Molldava, DeFacto \u0219i alte centre comerciale mari \u2013 m\u0103 uit la lumea \u201egur\u0103-casc\u0103\u201d \u00eenainte de Anul Nou \u0219i nu pot \u00een\u021belege, cum po\u021bi s\u0103 tot umbli brambura prin sec\u021biile acestor magazine \u0219i s\u0103 nu-\u021bi dai seama de m\u0103rfurile ce se v\u00e2nd pe tejghelele acestor magazine. Prive\u0219ti la diferite feluri de m\u0103rfuri: blugi, pulovere, bluze, rochii, maiouri, sacouri, trenciuri, c\u0103m\u0103\u0219i etc. care sunt aduse de peste hotare \u0219i-\u021bi face impresia c\u0103 toate au fost purtate de diferi\u021bi oameni, sp\u0103late, netezite cu fierul de c\u0103lcat \u0219i puse pe umerare la v\u00e2nzare. <\/strong><\/p>\n<p>O \u00eentreb pe o doamn\u0103 v\u00e2nz\u0103toare dintr-un magazin mare comercial:<\/p>\n<p>\u2013 Doamn\u0103, de ce expune\u021bi la v\u00e2nzare m\u0103rfuri lipsite de gust estetic, demodate \u0219i le propune\u021bi oamenilor? Doar se vede c\u0103 au fost purtate deja \u0219i voi le mai vinde\u021bi, \u00eenc\u0103 \u0219i cu pre\u021buri exagerate?<\/p>\n<p>\u2013 Ce-i cu dumneavoastr\u0103, doamn\u0103, m\u0103rfurile sunt aduse de peste hotare \u0219i toate sunt noi, nu vede\u021bi c\u0103 au \u0219i etichete?!\u00a0\u00a0\u00a0\u00a0<\/p>\n<p>\u2013 Ce fel de haine noi, doamn\u0103, dac\u0103 se v\u0103d din start c\u0103 sunt cu scame \u0219i largi peste m\u0103sur\u0103, decolorate, demodate!&#8230;<\/p>\n<p><img fetchpriority=\"high\" decoding=\"async\" class=\"alignnone size-full wp-image-31849\" src=\"https:\/\/traditia.md\/wp-content\/uploads\/2024\/12\/in_preajma12_1.jpg\" alt=\"\u00cen Preajma12 1\" width=\"750\" height=\"429\" srcset=\"https:\/\/traditia.md\/wp-content\/uploads\/2024\/12\/in_preajma12_1.jpg 750w, https:\/\/traditia.md\/wp-content\/uploads\/2024\/12\/in_preajma12_1-300x172.jpg 300w, https:\/\/traditia.md\/wp-content\/uploads\/2024\/12\/in_preajma12_1-585x335.jpg 585w\" sizes=\"(max-width: 750px) 100vw, 750px\" \/><\/p>\n<p>\u2013 Cum pute\u021bi s\u0103 vorbi\u021bi a\u0219a ceva, doamn\u0103, de br\u00e2ndurile noastre? Suntem \u00een pragul s\u0103rb\u0103torilor de iarn\u0103 \u0219i majoritatea m\u0103rfurilor sunt cu reduceri la aceste m\u0103rfuri \u0219i pre\u021bul este mai convenabil, dup\u0103 buzunarul cump\u0103r\u0103torilor \u0219i fiecare ar putea cump\u0103ra cadouri de la noi.<\/p>\n<p>\u2013 \u00cemi pare r\u0103u, dar eu niciodat\u0103 nu a\u0219 cump\u0103ra a\u0219a m\u0103rfuri de calitate proast\u0103, neestetice \u0219i \u00eenc\u0103 s\u0103 fac a\u0219a cadouri!<\/p>\n<p>\u2013 Bine, duce\u021bi-v\u0103 la alte magazine, dac\u0103 nu v\u0103 place la noi s\u0103 cump\u0103ra\u021bi!<\/p>\n<p>\u2013 M\u0103rfurile noastre autohtone pe timpuri erau mai calitative, mai elegante, clasice \u0219i mai frumoase, care se produceau la noi \u00een Moldova! Cred c\u0103 nu a\u021bi auzit de Fabrica de m\u0103rfuri \u201eIonel\u201d, \u201eSteaua ro\u0219ie\u201d, Fabrica de \u00eenc\u0103l\u021b\u0103minte \u201eZorile\u201d din Chi\u0219in\u0103u?..<\/p>\n<p>\u2013 Doamn\u0103, nu m\u0103 intereseaz\u0103 m\u0103rfurile despre care vorbi\u021bi dumneavoastr\u0103!<\/p>\n<p>\u2013 Ar trebui s\u0103 fie \u00eenchise toate aceste magazine comerciale mari cu haine demodate \u0219i pre\u021buri exagerate! Duce\u021bi \u00een eroare tineretul de azi, toat\u0103 lumea\u2026 Toate vechiturile le aduce\u021bi din Europa sau de peste ocean \u0219i nu numai m\u0103rfurile, a\u0219a s-au adus \u0219i drogurile, SIDA \u0219i LGBT-urile cu tot cu m\u0103rfurile voastre! Pre\u021burile voastre exagerate au scos p\u0103rin\u021bii din cas\u0103 \u0219i i-au dus peste hotare ca s\u0103 munceasc\u0103 pentru ele, c\u0103 vezi, copiii pl\u00e2ng s\u0103 li se cumpere astfel de haine, fiindc\u0103 se copie unul pe altul sau se iau la \u00eentrecere prin purtarea acestor haine \u00een cadrul liceelor, universit\u0103\u021bilor, diferitor \u0219coli!\u00a0\u00a0\u00a0<\/p>\n<p>\u2013 Doamn\u0103, acu\u0219 chem \u0219efa oficiului nostru \u0219i o s\u0103 discuta\u021bi cu ea \u0219i toate preten\u021biile le spune\u021bi ei, nu mie!<\/p>\n<p>\u2013 Nu mai am ce discuta, c\u0103 totul este clar de unde vin toate acestea \u0219i pentru ce se petrec toate acestea! Nu mai trebuie s\u0103 intre Moldova \u00een Uniunea European\u0103, c\u0103 UE singur\u0103, nepoftit\u0103 demult a intrat deja \u00een Moldova \u0219i face ce vrea!&#8230;<\/p>\n<p>Ce puteam s\u0103-i mai zic acelei doamne care m-a enervat p\u00e2n\u0103 la culme. Mereu, c\u00e2nd trec prin aceste magazine mari comerciale, am alergie, m\u0103 enerveaz\u0103, m\u0103 dezgust\u0103 tot ce v\u0103d, ce se vinde, dar \u00een ziua aceea am r\u0103bufnit, c\u0103 nu mai puteam s\u0103 tac!<\/p>\n<p>Privesc la copiii no\u0219tri \u00een strad\u0103, la \u0219coal\u0103 cum poart\u0103 aceste haine demodate \u00een toate anotimpurile anului \u0219i lor li se pare c\u0103 ei sunt cei mai moderni, cei mai de\u0219tep\u021bi din lume. Majoritatea p\u0103rin\u021bilor sunt pleca\u021bi peste hotare \u0219i ei trimit acas\u0103 bani, dar, s\u0103rmanii, nu \u0219tiu ce\u00a0 cump\u0103r\u0103 \u0219i ce poart\u0103 fiicele, feciora\u0219ii lor. \u0218i c\u00e2te mai po\u021bi vedea \u00een jur: specul\u0103, violen\u021b\u0103, petreceri fel de fel. Au demarat s\u0103rb\u0103torile de iarn\u0103 \u0219i s\u0103 nu crezi ochilor c\u00e2te ai s\u0103 mai vezi.<\/p>\n<p>\u00cen aceast\u0103 perioad\u0103 de post l\u0103ca\u0219ele sfinte sunt pustii, \u00een schimb magazinele comerciale \u0219i alimentare, pie\u021bele, barurile sunt aglomerate de oameni care petrec, care alearg\u0103 dup\u0103 cadouri, care alearg\u0103 s\u0103-\u0219i cumpere c\u00e2t mai multe produse alimentare de Anul Nou\u2026.<\/p>\n<p><img decoding=\"async\" class=\"alignnone size-full wp-image-31847\" src=\"https:\/\/traditia.md\/wp-content\/uploads\/2024\/12\/in_preajm12a_3.jpg\" alt=\"\u00cen Preajm12a 3\" width=\"750\" height=\"497\" srcset=\"https:\/\/traditia.md\/wp-content\/uploads\/2024\/12\/in_preajm12a_3.jpg 750w, https:\/\/traditia.md\/wp-content\/uploads\/2024\/12\/in_preajm12a_3-300x199.jpg 300w, https:\/\/traditia.md\/wp-content\/uploads\/2024\/12\/in_preajm12a_3-585x388.jpg 585w, https:\/\/traditia.md\/wp-content\/uploads\/2024\/12\/in_preajm12a_3-263x175.jpg 263w\" sizes=\"(max-width: 750px) 100vw, 750px\" \/><\/p>\n<p>Dar m\u0103 \u00eentreb, cu ce hr\u0103nim sufletul nostru ast\u0103zi? Noi alerg\u0103m pentru noi, dar ce facem cu cei s\u0103raci, cu cei mai tri\u0219ti ca noi? Cred c\u0103 m\u0103car \u00een aceast\u0103 perioad\u0103 trebuie s\u0103-i ajut\u0103m, \u00een preajma s\u0103rb\u0103torilor de iarn\u0103, cu ce putem. Omul se m\u00e2ntuie\u0219te prin iertare, prin d\u0103ruire, prin ajutorul pe care \u00eel poate face pentru aproapele s\u0103u. S\u0103 ne g\u00e2ndim mai \u00eent\u00e2i la partea spiritual\u0103 a fiin\u021bei noastre, apoi la partea material\u0103!<\/p>\n<p>Iisus Hristos spune: <em>\u201eEste scris: \u201eOmul nu tr\u0103ie\u015fte numai cu p\u00e2ine, ci cu orice cuv\u00e2nt care iese din gura lui Dumnezeu.\u201d<\/em> Biblia la fel ne spune c\u0103 Dumnezeu a suflat peste om \u015fi el a devenit fiin\u0163\u0103 vie (Geneza2:7). De asemenea ne spune c\u0103 Scriptura este \u00eensuflat\u0103 de Dumnezeu (2 Timotei 3:16). Aceasta \u00eenseamn\u0103 c\u0103 atunci c\u00e2nd cite\u015fti Biblia sau ascul\u0163i Cuv\u00e2ntul lui Dumnezeu predicat, te hr\u0103ne\u015fti cu suflarea lui Dumnezeu care \u00ee\u0163i d\u0103 via\u0163\u0103. De aceea se poate ca tu s\u0103 mergi la biseric\u0103 obosit, f\u0103r\u0103 vlag\u0103, dar c\u00e2nd pleci de acolo te sim\u0163i \u00eemprosp\u0103tat \u015fi revigorat. Cuv\u00e2ntul lui Dumnezeu a suflat via\u0163\u0103 \u00een trupul t\u0103u. Am v\u0103zut de asemenea mul\u0163i membri ai bisericii devenind mai s\u0103n\u0103to\u015fi, mai puternici, ba chiar ar\u0103t\u00e2nd mai tineri din cauz\u0103 c\u0103 au petrecut mai mult timp \u00een Cuv\u00e2ntul lui Dumnezeu. Al Dumnezeului Care ne-a creat, deci, Care \u015ftie mai bine care sunt nevoile zilnice ale trupului nostru.<\/p>\n<p>\u00a0A\u015fa c\u0103, orice ai face, s\u0103 te hr\u0103ne\u015fti zilnic din Cuv\u00e2ntul lui Dumnezeu. Cite\u015fte Biblia \u00een comfortul casei tale sau la birou, \u00een timpul pauzei. Ascult\u0103 predici c\u00e2nd mergi cu ma\u015fina la servici sau \u00een timp ce faci treburile casnice. Dac\u0103 preferi ceva mai vizual, prive\u015fte DVD-uri cu predici ale Cuv\u00e2ntului.<\/p>\n<p>\u00cen preajma s\u0103rb\u0103torilor de iarn\u0103, alege\u021bi formele corecte de via\u021b\u0103, aduna\u021bi Cuv\u00e2ntul lui Dumnezeu c\u00e2t mai mult \u00een voi, dar nu alimente \u0219i m\u0103rfuri!<\/p>\n<p style=\"text-align: right;\"><strong><em>Raisa Pl\u0103ie\u0219u, <br \/>\n<\/em><\/strong><strong><em>pentru \u201eTradi\u021bia\u201d<\/em><\/strong><\/p>\n","protected":false},"excerpt":{"rendered":"<p>Cutreer\u00e2nd prin magazinele comerciale de m\u0103rfuri cele mai mari din capital\u0103 \u2013 Port Mall, Molldava, DeFacto \u0219i alte centre comerciale mari \u2013&hellip;<\/p>\n","protected":false},"author":3,"featured_media":31845,"comment_status":"open","ping_status":"closed","sticky":false,"template":"","format":"standard","meta":{"_lmt_disableupdate":"","_lmt_disable":"","slim_seo":{"title":"Ce adun\u0103m \u00een preajma s\u0103rb\u0103torilor de iarn\u0103? - traditia.md","description":"Cutreer\u00e2nd prin magazinele comerciale de m\u0103rfuri cele mai mari din capital\u0103 \u2013 Port Mall, Molldava, DeFacto \u0219i alte centre comerciale mari \u2013 m\u0103 uit la lumea \u201egur"},"footnotes":""},"categories":[44,38],"tags":[],"class_list":["post-31844","post","type-post","status-publish","format-standard","has-post-thumbnail","hentry","category-actualitate","category-stiri"],"_links":{"self":[{"href":"https:\/\/traditia.md\/ro\/wp-json\/wp\/v2\/posts\/31844","targetHints":{"allow":["GET"]}}],"collection":[{"href":"https:\/\/traditia.md\/ro\/wp-json\/wp\/v2\/posts"}],"about":[{"href":"https:\/\/traditia.md\/ro\/wp-json\/wp\/v2\/types\/post"}],"author":[{"embeddable":true,"href":"https:\/\/traditia.md\/ro\/wp-json\/wp\/v2\/users\/3"}],"replies":[{"embeddable":true,"href":"https:\/\/traditia.md\/ro\/wp-json\/wp\/v2\/comments?post=31844"}],"version-history":[{"count":0,"href":"https:\/\/traditia.md\/ro\/wp-json\/wp\/v2\/posts\/31844\/revisions"}],"wp:featuredmedia":[{"embeddable":true,"href":"https:\/\/traditia.md\/ro\/wp-json\/wp\/v2\/media\/31845"}],"wp:attachment":[{"href":"https:\/\/traditia.md\/ro\/wp-json\/wp\/v2\/media?parent=31844"}],"wp:term":[{"taxonomy":"category","embeddable":true,"href":"https:\/\/traditia.md\/ro\/wp-json\/wp\/v2\/categories?post=31844"},{"taxonomy":"post_tag","embeddable":true,"href":"https:\/\/traditia.md\/ro\/wp-json\/wp\/v2\/tags?post=31844"}],"curies":[{"name":"wp","href":"https:\/\/api.w.org\/{rel}","templated":true}]}}