{"id":31698,"date":"2024-12-23T09:41:39","date_gmt":"2024-12-23T07:41:39","guid":{"rendered":"https:\/\/traditia.md\/?p=31698"},"modified":"2024-12-23T09:41:39","modified_gmt":"2024-12-23T07:41:39","slug":"cenaclul-literar-crestin-cuvantul-cu-leru-i-ler-si-dalbe-flori","status":"publish","type":"post","link":"https:\/\/traditia.md\/ro\/cenaclul-literar-crestin-cuvantul-cu-leru-i-ler-si-dalbe-flori\/","title":{"rendered":"Cenaclul literar-cre\u0219tin \u201eCuv\u00e2ntul\u201d cu Leru-i ler \u0219i Dalbe flori"},"content":{"rendered":"<p><strong>La 22 decembrie\u00a0 2024, a avut loc \u0219edin\u021ba Cenaclului literar-cre\u0219tin \u201eCuv\u00e2ntul\u201d din Chi\u0219in\u0103u, care s-a desf\u0103\u0219urat \u00een colaborare cu Biblioteca Na\u021bional\u0103 a Republicii Moldova, Biserica \u201e\u00cent\u00e2mpinarea Domnului\u201d pe l\u00e2ng\u0103 Universitatea de Stat din Moldova, Liceul Teoretic \u201ePrincipesa Natalia Dadiani\u201d \u0219i \u0218coala de Arte \u201eValeriu Poleacov\u201d. Programul cenaclului a fost moderat de poeta Raisa Pl\u0103ie\u0219u, pre\u0219edintele cenaclului, \u0219i a cuprins urm\u0103toarele subiecte: lansarea videoclipurilor cre\u0219tine \u201eMaica Maria\u201d, \u201eVeni\u021bi acas\u0103, tat\u0103, mam\u0103\u201d, muz., vers., interpretare de Raisa Pl\u0103ie\u0219u, protagoni\u0219ti: Petru, Aliona, \u0218tef\u0103nel, Pavel, Zinaida Ra\u021b\u0103; lansarea c\u0103r\u021bii \u201eIubirea din umbra\u201d, nuvel\u0103, de scriitoarea Cristina Ciobanu. <\/strong><\/p>\n<p>\u00a0Mul\u021bumim tuturor invita\u021bilor care au fost \u00eempreun\u0103 cu noi, au vorbit, au c\u00e2ntat, au recitat, d\u00e2nd slav\u0103 lui Iisus Hristos prin poezii \u0219i colinde \u00een ajunul Na\u0219terii Domnului: Saveliu Cojocaru, compozitor, textier \u0219i interpret; Cristina Ciobanu, poet\u0103 \u0219i prozatoare; Angela M\u00e2nd\u00e2canu, poet\u0103; Petru \u0219i Aliona Ra\u021b\u0103, \u0218tef\u0103nel \u0219i Pavel Ra\u021b\u0103, protagoni\u0219tii videoclipului cre\u0219tin <strong><em>\u201e<a href=\"https:\/\/www.youtube.com\/watch?v=P1uriLasH3E\">Veni\u021bi acas\u0103, tat\u0103, mama<\/a>\u201d<\/em><\/strong>; Emilia Marandiuc, pre\u0219edinta Cenaclului literar-cre\u0219tin \u201eLumin\u0103 din lumin\u0103\u201d, profesoar\u0103 de religie, Liceul Teoretic \u201eNatalia Dadiani\u201d; Valentin Astafi, poet; Natalia Bologan, poet\u0103; Liuba Cernomore\u021b, profesoar\u0103 de art\u0103 teatral\u0103, \u0218coala de Arte \u201eValeriu Poleacov\u201d; membrii Cenaclului literar-cre\u0219tin \u201eCuv\u00e2ntul\u201d Svetlana Guranda, poet\u0103; Veronica Simonica Hasna\u0219, poet\u0103; Cristian Pl\u0103ie\u0219u-Ple\u0219ca, poet, artist fotografic; Rodica Zuza, poet\u0103; Petru Hasna\u0219, poet; Nina Caraman, poet\u0103; Maria Ursu, poet\u0103; Valeria Bujor, poet\u0103, student\u0103 USM; Ansamblul de copii \u201eArmonie\u201d \u0219i \u201ePlai natal\u201d, conduc\u0103tor artistic Rodica Ciobanu, Cenaclul literar-cre\u0219tin \u201eLumin\u0103 din lumin\u0103\u201d, Ac\u021biunea de caritate 2024 \u201eS\u0103 nu uit\u0103m de cei mai tri\u0219ti ca noi\u201d; Bogdan Ga\u0219per, \u0218coala Primar\u0103 \u201eMaria Dr\u0103gan\u201d; Cezar Caraman, or. Chi\u0219in\u0103u \u0219i al\u021bii.<\/p>\n<p>Din partea cenaclului protagoni\u0219tii videoclipului \u201eVeni\u021bi acas\u0103 tat\u0103, mama\u201d: Petru, Aliona, \u0218tef\u0103nel, Pavel, Zinaida Ra\u021b\u0103 au primit diplome de excelen\u021b\u0103, medalii \u0219i trofee pentru interpretarea bun\u0103 a rolurilor sale din acest videoclip. De asemenea au fost \u00eenm\u00e2nate diplome tururor participan\u021bilor care au evoluat \u00een cadrul cenaclului.<\/p>\n<p>Si, desigur, diplome de gratitudine au fost \u00eenm\u00e2nate profesoarelor claselor primare de la Liceul Teoretic \u201ePrincipesa Natalia Dadiani\u201d din Chi\u0219in\u0103u, care \u00eempreun\u0103 cu elevii au participat la ac\u021biunea de caritate \u201eS\u0103 nu uit\u0103m de cei mai tri\u0219ti ca noi\u201d: toate coletele adunate au fost transmise Bisericii \u201e\u00cent\u00e2mpinarea Domnului\u201d, paroh protoiereul mitrofor Octavian Mo\u0219in, ca s\u0103 fie \u00eemp\u0103r\u021bite s\u0103racilor, familiilor vulnerabile, b\u0103tr\u00e2nilor de la spitale \u0219i aziluri.<\/p>\n<p>To\u021bi copiii care au recitat poezii cre\u0219tine \u0219i au c\u00e2ntat diferite colinde au primit \u00een dar dulciuri \u0219i\u00a0 diplome de participare la \u0219edin\u021ba cenaclului.<\/p>\n<p><strong>Mul\u021bumim, c\u0103 a\u021bi fost \u00eempreun\u0103 cu noi \u0219i am dat slav\u0103 Domnului Nostru Iisus Hristos! Dumnezeu s\u0103 v\u0103 ocroteasc\u0103 mereu cu s\u0103n\u0103tate \u0219i s\u0103 v\u0103 aib\u0103 \u00een paz\u0103! Fie ca s\u0103rb\u0103toarea sf\u00e2nt\u0103 a Na\u0219terii Domnului s\u0103 v\u0103 deschid\u0103 inimile c\u0103tre o nou\u0103 lumin\u0103 \u0219i mult\u0103 iubire! S\u0103rb\u0103tori de iarn\u0103 binecuv\u00e2ntate!<\/strong><\/p>\n<p style=\"text-align: right;\"><strong><em>Raisa Pl\u0103ie\u0219u,<\/em><\/strong><strong><em> <br \/>\npentru \u201eTradi\u021bia\u201d<\/em><\/strong><\/p>\n<p><img fetchpriority=\"high\" decoding=\"async\" class=\"alignnone size-full wp-image-31699\" src=\"https:\/\/traditia.md\/wp-content\/uploads\/2024\/12\/1a.jpg\" alt=\"1\u0430\" width=\"300\" height=\"200\" srcset=\"https:\/\/traditia.md\/wp-content\/uploads\/2024\/12\/1a.jpg 300w, https:\/\/traditia.md\/wp-content\/uploads\/2024\/12\/1a-263x175.jpg 263w\" sizes=\"(max-width: 300px) 100vw, 300px\" \/><img decoding=\"async\" class=\"alignnone size-full wp-image-31701\" src=\"https:\/\/traditia.md\/wp-content\/uploads\/2024\/12\/2a.jpg\" alt=\"2\u0430\" width=\"206\" height=\"200\" \/><img decoding=\"async\" class=\"alignnone size-full wp-image-31703\" src=\"https:\/\/traditia.md\/wp-content\/uploads\/2024\/12\/4a.jpg\" alt=\"4\u0430\" width=\"314\" height=\"200\" srcset=\"https:\/\/traditia.md\/wp-content\/uploads\/2024\/12\/4a.jpg 314w, https:\/\/traditia.md\/wp-content\/uploads\/2024\/12\/4a-300x191.jpg 300w\" sizes=\"(max-width: 314px) 100vw, 314px\" \/> <img loading=\"lazy\" decoding=\"async\" class=\"alignnone size-full wp-image-31705\" src=\"https:\/\/traditia.md\/wp-content\/uploads\/2024\/12\/5a.jpg\" alt=\"5\u0430\" width=\"358\" height=\"200\" srcset=\"https:\/\/traditia.md\/wp-content\/uploads\/2024\/12\/5a.jpg 358w, https:\/\/traditia.md\/wp-content\/uploads\/2024\/12\/5a-300x168.jpg 300w\" sizes=\"(max-width: 358px) 100vw, 358px\" \/><\/p>\n","protected":false},"excerpt":{"rendered":"<p>La 22 decembrie\u00a0 2024, a avut loc \u0219edin\u021ba Cenaclului literar-cre\u0219tin \u201eCuv\u00e2ntul\u201d din Chi\u0219in\u0103u, care s-a desf\u0103\u0219urat \u00een colaborare cu Biblioteca Na\u021bional\u0103 a&hellip;<\/p>\n","protected":false},"author":3,"featured_media":31707,"comment_status":"open","ping_status":"closed","sticky":false,"template":"","format":"standard","meta":{"_lmt_disableupdate":"","_lmt_disable":"","slim_seo":{"title":"Cenaclul literar-cre\u0219tin \u201eCuv\u00e2ntul\u201d cu Leru-i ler \u0219i Dalbe flori - traditia.md","description":"La 22 decembrie\u00a0 2024, a avut loc \u0219edin\u021ba Cenaclului literar-cre\u0219tin \u201eCuv\u00e2ntul\u201d din Chi\u0219in\u0103u, care s-a desf\u0103\u0219urat \u00een colaborare cu Biblioteca Na\u021bional\u0103 a Republ"},"footnotes":""},"categories":[44,38],"tags":[],"class_list":["post-31698","post","type-post","status-publish","format-standard","has-post-thumbnail","hentry","category-actualitate","category-stiri"],"_links":{"self":[{"href":"https:\/\/traditia.md\/ro\/wp-json\/wp\/v2\/posts\/31698","targetHints":{"allow":["GET"]}}],"collection":[{"href":"https:\/\/traditia.md\/ro\/wp-json\/wp\/v2\/posts"}],"about":[{"href":"https:\/\/traditia.md\/ro\/wp-json\/wp\/v2\/types\/post"}],"author":[{"embeddable":true,"href":"https:\/\/traditia.md\/ro\/wp-json\/wp\/v2\/users\/3"}],"replies":[{"embeddable":true,"href":"https:\/\/traditia.md\/ro\/wp-json\/wp\/v2\/comments?post=31698"}],"version-history":[{"count":0,"href":"https:\/\/traditia.md\/ro\/wp-json\/wp\/v2\/posts\/31698\/revisions"}],"wp:featuredmedia":[{"embeddable":true,"href":"https:\/\/traditia.md\/ro\/wp-json\/wp\/v2\/media\/31707"}],"wp:attachment":[{"href":"https:\/\/traditia.md\/ro\/wp-json\/wp\/v2\/media?parent=31698"}],"wp:term":[{"taxonomy":"category","embeddable":true,"href":"https:\/\/traditia.md\/ro\/wp-json\/wp\/v2\/categories?post=31698"},{"taxonomy":"post_tag","embeddable":true,"href":"https:\/\/traditia.md\/ro\/wp-json\/wp\/v2\/tags?post=31698"}],"curies":[{"name":"wp","href":"https:\/\/api.w.org\/{rel}","templated":true}]}}