{"id":31106,"date":"2024-11-27T16:40:33","date_gmt":"2024-11-27T14:40:33","guid":{"rendered":"https:\/\/traditia.md\/?p=31106"},"modified":"2024-11-27T16:40:33","modified_gmt":"2024-11-27T14:40:33","slug":"increderea-vietii-se-castiga-prin-credinta","status":"publish","type":"post","link":"https:\/\/traditia.md\/ro\/increderea-vietii-se-castiga-prin-credinta\/","title":{"rendered":"\u00cencrederea vie\u021bii se c\u00e2\u0219tig\u0103 prin credin\u021b\u0103"},"content":{"rendered":"<p>La un timp de via\u021b\u0103 \u00eencerc\u0103m s\u0103 recuper\u0103m ceea ce am pierdut, cu regret s\u0103 ne par\u0103 r\u0103u c\u0103 am avut \u00eencredere \u0219i, poate, am pierdut ceea ce am dorit s\u0103 ob\u021binem, ceea ce nu am dorit s\u0103 avem, s\u0103 c\u00e2\u0219tig\u0103m timpul pierdut\u2026<\/p>\n<p>Avem \u00eencredere \u00een Dumnezeu c\u00e2nd ducem m\u0103rul la gur\u0103 \u0219i ne d\u0103 vitamina de via\u021b\u0103, de existen\u021b\u0103 sau ne \u00eembr\u0103c\u0103m privirile \u00een lumina solar\u0103, ne \u00eenc\u0103l\u021b\u0103m \u00een kilometri de drum, apoi alerg\u0103m prin roua dimine\u021bii ca s\u0103 ajungem cu \u00eencrederea \u00een ziua de m\u00e2ine.<\/p>\n<p>Avem \u00eencredere \u00een medicul care ne trateaz\u0103 \u0219i ne d\u0103ruie\u0219te suflare de via\u021b\u0103. Ne reg\u0103sim \u00een tumultul \u00eencrederilor de sine \u0219i \u00eencerc\u0103m s\u0103 ne salv\u0103m timpul care socotim c\u0103-i foarte scump \u0219i pre\u021bios pentru noi. \u00cencrederea \u00een timp este o pagin\u0103 aparte, care are o importan\u021b\u0103 primordial\u0103 \u00een via\u021ba omului \u0219i trebuie s\u0103 \u0219tim cum s\u0103 economisim toate \u00eemprejur\u0103rile ei.<\/p>\n<p>\u00cencrederea se bazeaz\u0103 pe tot ce g\u00e2ndim, cu cea mai mare unitate de m\u0103sur\u0103 a ideilor noastre care le lans\u0103m prin timp, pe tot ce-i mai important \u0219i-i mai frumos, mai existen\u021bial, mai informa\u021bional, mai curent, mai adecvat, mai suprem. Prin \u00eencredere \u00eencerc\u0103m s\u0103 recuper\u0103m ceea ce nu am dovedit s\u0103 \u00eenf\u0103ptuim, ceea ce nu am dovedit s\u0103 facem la timp.<\/p>\n<p>\u00cencrederea reies\u0103 din propunerile\u00a0 unor oameni care tind ca s\u0103 \u00eenf\u0103ptuiasc\u0103 aceast\u0103 \u00eencredere prin falsitate \u0219i viclenie, prin unele suptilit\u0103\u021bi de m\u00e2ndrie \u0219i neadev\u0103r. \u00cen a\u0219a cazuri reies\u0103 c\u0103 adev\u0103rul de \u00eencredere este neglijat \u0219i-\u0219i pierde valoarea prin timp.<\/p>\n<p>\u00cencrederea nu poate fi sor\u0103 cu m\u00e2ndria, l\u0103comia, viclenia \u0219i celelalte la fel. \u00cencrederea se c\u00e2\u0219tig\u0103 prin sinceritate \u0219i dreptate, prin existen\u021b\u0103 uman\u0103, prin responsabilitate. Dac\u0103 omul nu are sim\u021bul \u00eencrederii \u2013 nu are nimic, nu are ce-\u0219i poate dori, un primordial statut de existen\u021b\u0103 care ar putea s\u0103 str\u0103bat\u0103 culmile vie\u021bii.<\/p>\n<p>\u00cencrederea vie\u021bii se c\u00e2\u0219tig\u0103 prin credin\u021ba \u00een m\u0103sura pe care noi o avem, o primim de la Dumnezeu. Av\u00e2nd \u00eencredere \u00een Dumnezeu avem totul, fiindc\u0103 de la El pornesc toate. \u00cencrederea \u00een Dumnezeu ofer\u0103 limpezime g\u00e2ndirii. \u0218i de aceast\u0103 limpezime avem nevoie ca s\u0103 \u00een\u0163elegem c\u0103 \u00eencrederea pe care Dumnezeu ne cere s\u0103 le-o acord\u0103m oamenilor nu e credulitate sau obliga\u0163ie de ritual religios, ci o investi\u0163ie cump\u0103tat\u0103, motivat\u0103 de har. A le acorda \u00eencredere oamenilor nu \u00eenseamn\u0103 s\u0103-i credem necondi\u0163ionat, ci s\u0103 le acord\u0103m \u0219ansa de a nu fi pre-judeca\u0163i, chiar dac\u0103 am avea motive.<\/p>\n<p>C\u00e2nd a zis: <em>\u201eDac\u0103 a\u0163i avea credin\u0163\u0103 c\u00e2t un gr\u0103unte de mu\u0219tar, (\u2026) nimic nu v-ar fi cu neputin\u0163\u0103\u201d<\/em> (Matei 17:20), Iisus se referea tocmai la aceast\u0103 \u00eencredere. Cele mai dificile obstacole pot fi \u00eenl\u0103turate nu de credin\u0163a noastr\u0103, ci de Dumnezeul c\u0103ruia \u00cei \u00eencredin\u0163\u0103m soarta unei situa\u0163ii.<\/p>\n<p style=\"text-align: right;\"><strong><em>Raisa Pl\u0103ie\u0219u,<br \/>\n<\/em><\/strong><strong><em>pentru \u201eTradi\u021bia\u201d<\/em><\/strong><\/p>\n","protected":false},"excerpt":{"rendered":"<p>La un timp de via\u021b\u0103 \u00eencerc\u0103m s\u0103 recuper\u0103m ceea ce am pierdut, cu regret s\u0103 ne par\u0103 r\u0103u c\u0103 am avut \u00eencredere&hellip;<\/p>\n","protected":false},"author":3,"featured_media":31107,"comment_status":"open","ping_status":"closed","sticky":false,"template":"","format":"standard","meta":{"_lmt_disableupdate":"","_lmt_disable":"","slim_seo":{"title":"\u00cencrederea vie\u021bii se c\u00e2\u0219tig\u0103 prin credin\u021b\u0103 - traditia.md","description":"La un timp de via\u021b\u0103 \u00eencerc\u0103m s\u0103 recuper\u0103m ceea ce am pierdut, cu regret s\u0103 ne par\u0103 r\u0103u c\u0103 am avut \u00eencredere \u0219i, poate, am pierdut ceea ce am dorit s\u0103 ob\u021binem, c"},"footnotes":""},"categories":[44,38],"tags":[],"class_list":["post-31106","post","type-post","status-publish","format-standard","has-post-thumbnail","hentry","category-actualitate","category-stiri"],"_links":{"self":[{"href":"https:\/\/traditia.md\/ro\/wp-json\/wp\/v2\/posts\/31106","targetHints":{"allow":["GET"]}}],"collection":[{"href":"https:\/\/traditia.md\/ro\/wp-json\/wp\/v2\/posts"}],"about":[{"href":"https:\/\/traditia.md\/ro\/wp-json\/wp\/v2\/types\/post"}],"author":[{"embeddable":true,"href":"https:\/\/traditia.md\/ro\/wp-json\/wp\/v2\/users\/3"}],"replies":[{"embeddable":true,"href":"https:\/\/traditia.md\/ro\/wp-json\/wp\/v2\/comments?post=31106"}],"version-history":[{"count":0,"href":"https:\/\/traditia.md\/ro\/wp-json\/wp\/v2\/posts\/31106\/revisions"}],"wp:featuredmedia":[{"embeddable":true,"href":"https:\/\/traditia.md\/ro\/wp-json\/wp\/v2\/media\/31107"}],"wp:attachment":[{"href":"https:\/\/traditia.md\/ro\/wp-json\/wp\/v2\/media?parent=31106"}],"wp:term":[{"taxonomy":"category","embeddable":true,"href":"https:\/\/traditia.md\/ro\/wp-json\/wp\/v2\/categories?post=31106"},{"taxonomy":"post_tag","embeddable":true,"href":"https:\/\/traditia.md\/ro\/wp-json\/wp\/v2\/tags?post=31106"}],"curies":[{"name":"wp","href":"https:\/\/api.w.org\/{rel}","templated":true}]}}