{"id":29977,"date":"2024-10-12T14:57:17","date_gmt":"2024-10-12T11:57:17","guid":{"rendered":"https:\/\/traditia.md\/?p=29977"},"modified":"2024-10-12T14:59:05","modified_gmt":"2024-10-12T11:59:05","slug":"timpul-pentru-a-aduna-ciuperci","status":"publish","type":"post","link":"https:\/\/traditia.md\/ro\/timpul-pentru-a-aduna-ciuperci\/","title":{"rendered":"Timpul pentru a aduna ciuperci"},"content":{"rendered":"<p><strong>Sf\u00e2ntul Apostol Pavel zice: <em>\u201eDac\u0103 cineva nu vrea s\u0103 lucreze, acela nici s\u0103 nu m\u0103n\u00e2nce\u201d<\/em> (II Tes. 3:10), iar de acest \u00eendemn scripturistic \u00cenaltpreasfin\u021bitul Petru, arhiepiscop de Ungheni \u0219i Nisporeni, \u021bine cont \u0219i-l aplic\u0103 prin tr\u0103ire ori de c\u00e2te ori are posibilitate.<\/strong><\/p>\n<p>Astfel, la 11 octombrie 2024, dup\u0103 ce a primit \u00een audien\u021b\u0103 slujitori \u0219i credincio\u0219i la Re\u0219edin\u021ba arhiepiscopal\u0103 de la M\u0103n\u0103stirea de c\u0103lug\u0103ri\u021be H\u00eencu \u201eSf\u00e2nta Cuvioasa Parascheva\u201d, \u00eenso\u021bit de stare\u021ba m\u0103n\u0103stirii egumena Parascheva (Cazacu), dar \u0219i de unele vie\u021buitoare ale acestui a\u0219ez\u0103m\u00e2nt monastic, au cutreierat p\u0103durea din preajma M\u0103n\u0103stirii H\u00e2ncu pentru a str\u00e2nge ciuperci, ca s\u0103 fie preparate pentru sezonul de iarn\u0103. Au fost str\u00e2nse multe co\u0219uri de ciuperci, \u00eentruc\u00e2t zona de p\u0103dure, dup\u0103 ploile m\u0103noase, a rodit abundent diverse soiuri de ciuperci.<\/p>\n<p>Men\u021bion\u0103m c\u0103 \u0219i prin acest moment vl\u0103dica Petru a ar\u0103tat c\u0103 se conduce de vorbele cuvio\u0219ilor p\u0103rin\u021bi ai Egiptului: rug\u0103ciune pentru suflet \u0219i munc\u0103 pentru trup. Un exemplu demn de urmat at\u00e2t pentru credincio\u0219i, c\u00e2t \u0219i pentru slujitori, de a nu se ru\u0219ina s\u0103 munceasc\u0103 fizic ori de c\u00e2te ori vor avea ocazia.<\/p>\n<p style=\"text-align: right;\"><em>Text \u0219i foto preluate de pe pagina Facebook a <a href=\"https:\/\/www.facebook.com\/episcopia.ungheni\">Episcopiei de Ungheni \u0219i Nisporeni<\/a><\/em><\/p>\n<p>\u00a0<img fetchpriority=\"high\" decoding=\"async\" class=\"alignnone size-full wp-image-29967\" src=\"https:\/\/traditia.md\/wp-content\/uploads\/2024\/10\/1a-2.jpg\" alt=\"1\u0430\" width=\"350\" height=\"467\" srcset=\"https:\/\/traditia.md\/wp-content\/uploads\/2024\/10\/1a-2.jpg 350w, https:\/\/traditia.md\/wp-content\/uploads\/2024\/10\/1a-2-225x300.jpg 225w\" sizes=\"(max-width: 350px) 100vw, 350px\" \/><img decoding=\"async\" class=\"alignnone size-full wp-image-29971\" src=\"https:\/\/traditia.md\/wp-content\/uploads\/2024\/10\/3a.jpg\" alt=\"3\u0430\" width=\"350\" height=\"467\" srcset=\"https:\/\/traditia.md\/wp-content\/uploads\/2024\/10\/3a.jpg 350w, https:\/\/traditia.md\/wp-content\/uploads\/2024\/10\/3a-225x300.jpg 225w\" sizes=\"(max-width: 350px) 100vw, 350px\" \/> <img decoding=\"async\" class=\"alignnone size-full wp-image-29969\" src=\"https:\/\/traditia.md\/wp-content\/uploads\/2024\/10\/2a-2.jpg\" alt=\"2\u0430\" width=\"350\" height=\"467\" srcset=\"https:\/\/traditia.md\/wp-content\/uploads\/2024\/10\/2a-2.jpg 350w, https:\/\/traditia.md\/wp-content\/uploads\/2024\/10\/2a-2-225x300.jpg 225w\" sizes=\"(max-width: 350px) 100vw, 350px\" \/>\u00a0<img loading=\"lazy\" decoding=\"async\" class=\"alignnone size-full wp-image-29973\" src=\"https:\/\/traditia.md\/wp-content\/uploads\/2024\/10\/4a.jpg\" alt=\"4\u0430\" width=\"350\" height=\"342\" srcset=\"https:\/\/traditia.md\/wp-content\/uploads\/2024\/10\/4a.jpg 350w, https:\/\/traditia.md\/wp-content\/uploads\/2024\/10\/4a-300x293.jpg 300w\" sizes=\"(max-width: 350px) 100vw, 350px\" \/><\/p>\n","protected":false},"excerpt":{"rendered":"<p>Sf\u00e2ntul Apostol Pavel zice: \u201eDac\u0103 cineva nu vrea s\u0103 lucreze, acela nici s\u0103 nu m\u0103n\u00e2nce\u201d (II Tes. 3:10), iar de acest \u00eendemn&hellip;<\/p>\n","protected":false},"author":3,"featured_media":29975,"comment_status":"open","ping_status":"closed","sticky":false,"template":"","format":"standard","meta":{"_lmt_disableupdate":"","_lmt_disable":"","slim_seo":{"title":"Timpul pentru a aduna ciuperci - traditia.md","description":"Sf\u00e2ntul Apostol Pavel zice: \u201eDac\u0103 cineva nu vrea s\u0103 lucreze, acela nici s\u0103 nu m\u0103n\u00e2nce\u201d (II Tes. 3:10), iar de acest \u00eendemn scripturistic \u00cenaltpreasfin\u021bitul Petr"},"footnotes":""},"categories":[39,38],"tags":[],"class_list":["post-29977","post","type-post","status-publish","format-standard","has-post-thumbnail","hentry","category-biserica-si-societatea","category-stiri"],"_links":{"self":[{"href":"https:\/\/traditia.md\/ro\/wp-json\/wp\/v2\/posts\/29977","targetHints":{"allow":["GET"]}}],"collection":[{"href":"https:\/\/traditia.md\/ro\/wp-json\/wp\/v2\/posts"}],"about":[{"href":"https:\/\/traditia.md\/ro\/wp-json\/wp\/v2\/types\/post"}],"author":[{"embeddable":true,"href":"https:\/\/traditia.md\/ro\/wp-json\/wp\/v2\/users\/3"}],"replies":[{"embeddable":true,"href":"https:\/\/traditia.md\/ro\/wp-json\/wp\/v2\/comments?post=29977"}],"version-history":[{"count":0,"href":"https:\/\/traditia.md\/ro\/wp-json\/wp\/v2\/posts\/29977\/revisions"}],"wp:featuredmedia":[{"embeddable":true,"href":"https:\/\/traditia.md\/ro\/wp-json\/wp\/v2\/media\/29975"}],"wp:attachment":[{"href":"https:\/\/traditia.md\/ro\/wp-json\/wp\/v2\/media?parent=29977"}],"wp:term":[{"taxonomy":"category","embeddable":true,"href":"https:\/\/traditia.md\/ro\/wp-json\/wp\/v2\/categories?post=29977"},{"taxonomy":"post_tag","embeddable":true,"href":"https:\/\/traditia.md\/ro\/wp-json\/wp\/v2\/tags?post=29977"}],"curies":[{"name":"wp","href":"https:\/\/api.w.org\/{rel}","templated":true}]}}