{"id":29963,"date":"2024-10-12T13:07:38","date_gmt":"2024-10-12T10:07:38","guid":{"rendered":"https:\/\/traditia.md\/?p=29963"},"modified":"2024-10-12T13:17:50","modified_gmt":"2024-10-12T10:17:50","slug":"ioan-david-ciobanul-lui-dumnezeu","status":"publish","type":"post","link":"https:\/\/traditia.md\/ro\/ioan-david-ciobanul-lui-dumnezeu\/","title":{"rendered":"Ioan David, ciobanul lui Dumnezeu"},"content":{"rendered":"<p><strong>\u00centr-o chilie pustniceasc\u0103 de l\u00e2ng\u0103 satul Strungari, de la poalele Mun\u0163ilor \u015eureanu, a tr\u0103it un cioban care prin cur\u0103\u0163ia vie\u0163ii a ajuns mare f\u0103c\u0103tor de minuni. A avut ucenici printre mireni, dar \u015fi printre c\u0103lug\u0103ri, \u015fi to\u0163i cei care l-au cunoscut povestesc despre el ca despre un sf\u00e2nt.<\/strong><\/p>\n<div id=\"attachment_29923\" style=\"width: 760px\" class=\"wp-caption alignnone\"><img fetchpriority=\"high\" decoding=\"async\" aria-describedby=\"caption-attachment-29923\" class=\"size-full wp-image-29923\" src=\"https:\/\/traditia.md\/wp-content\/uploads\/2024\/10\/gory-shuryanu12.jpg\" alt=\"\u0413\u043e\u0440\u044b \u0428\u0443\u0440\u044f\u043d\u044312\" width=\"750\" height=\"419\" srcset=\"https:\/\/traditia.md\/wp-content\/uploads\/2024\/10\/gory-shuryanu12.jpg 750w, https:\/\/traditia.md\/wp-content\/uploads\/2024\/10\/gory-shuryanu12-300x168.jpg 300w, https:\/\/traditia.md\/wp-content\/uploads\/2024\/10\/gory-shuryanu12-585x327.jpg 585w\" sizes=\"(max-width: 750px) 100vw, 750px\" \/><p id=\"caption-attachment-29923\" class=\"wp-caption-text\">Mun\u021bii \u0218ureanu<\/p><\/div>\n<p><em>\u201e\u00centr-o zi, m\u0103 duc acolo la el, la chilie. U\u015fa era cr\u0103pat\u0103 \u015fi l-am prins pe fratele Ioan chiar c\u00e2nd citea la Psaltire, l\u00e2ng\u0103 ea era o lum\u00e2nare aprins\u0103. \u015ei ce crede\u0163i? Intr\u0103 o pas\u0103re \u00een chilie \u015fi el \u00eencepe \u015fi vorbe\u015fte cu ea. Eu st\u0103team \u00eenlemnit l\u00e2ng\u0103 u\u015f\u0103. \u00cei zice: <\/em><\/p>\n<p><em>\u00abAi grij\u0103, s\u0103 nu \u00ee\u0163i arzi aripile!\u00bb <\/em><\/p>\n<p><em>Pas\u0103rea se ridic\u0103, st\u00e2nge lum\u00e2narea cu aripa, mai d\u0103 o tur\u0103 \u015fi ias\u0103 afar\u0103. El o v\u0103zut c\u0103 eu am r\u0103mas \u015focat \u015fi z\u00e2ce: <\/em><\/p>\n<p><em>\u00abM\u0103, s\u0103 nu te miri de ce-ai v\u0103zut acuma, c\u0103 nu-s vr\u0103ji\u00adtor\u00bb. <\/em><\/p>\n<p><em>C\u0103 \u00een sat, pentru c\u0103 f\u0103\u00adcea minuni, se r\u0103sp\u00e2ndise vestea c\u0103 e vr\u0103jitor. <\/em><\/p>\n<p><em>\u00abT\u0103t\u0103 lumea \u00eemi spune vr\u0103jitoriule, da&#8217; eu \u00een afar\u0103 de Psaltire \u015fi Ceaslov nu citesc nimica. Da&#8217; te \u00eentreb pe tine ceva: au oare Dumnezeu nu are putere, numa&#8217; diavolul?\u00bb. <\/em><\/p>\n<p><em>Aaaaai de mine \u015fi de mine! \u015ei asta o fost numa&#8217; una!\u201d<\/em><\/p>\n<h4><strong>La p\u0103scut, cu Psaltirea<\/strong><\/h4>\n<p>Era micu\u0163, slab \u015fi umbla mai totdeauna \u00eentr-o c\u0103ma\u015f\u0103 alb\u0103. De vorbit, nu prea vorbea cu nimeni, dar de spus, spunea ceva pentru c\u0103 \u0163\u0103ranii din Strungari \u00eel puteau vedea cum \u00ee\u015fi mi\u015fc\u0103 \u00eentruna buzele. Trecea pe uli\u0163\u0103 arareori, pentru c\u0103, dac\u0103 nu era cu oile sus \u00een munte, st\u0103tea ascuns \u00een c\u0103su\u0163a lui. Nu \u015ftia nimeni ce face acolo \u015fi nici de ce nu d\u0103 pe la birt, s\u0103 stea la vorbe cu oamenii, s\u0103 v\u00e2nture ve\u015fti, s\u0103 \u00ee\u015fi alunge singur\u0103tatea. Era om serios, muncitor, dar aparte \u015fi str\u0103in r\u00e2nduielilor lumii. Parc\u0103 prea str\u0103in.<\/p>\n<p>De c\u00e2nd \u00eel \u015ftia satul, el nu pierduse nicio oaie \u00een munte. Nu \u00eei murise niciuna lovit\u0103 de tr\u0103snete ori r\u0103pus\u0103 de s\u0103lb\u0103ticiunile care le pr\u0103p\u0103deau mioarele celorlal\u0163i. Ba, mai mult, parc\u0103 \u00eenadins, nici nu \u0163inea c\u00e2ini pe l\u00e2ng\u0103 el. P\u0103\u015ftea oile doar cu Psaltirea \u00een m\u00e2n\u0103 \u015fi, c\u00e2nd nu o avea, se ruga mi\u015fc\u00e2nd m\u0103runt din buze.<\/p>\n<div id=\"attachment_29919\" style=\"width: 318px\" class=\"wp-caption alignright\"><img decoding=\"async\" aria-describedby=\"caption-attachment-29919\" class=\"size-full wp-image-29919\" src=\"https:\/\/traditia.md\/wp-content\/uploads\/2024\/10\/blazhennyj-pastu12h.jpg\" alt=\"\u0411\u043b\u0430\u0436\u0435\u043d\u043d\u044b\u0439 \u043f\u0430\u0441\u0442\u044312\u0445\" width=\"308\" height=\"450\" srcset=\"https:\/\/traditia.md\/wp-content\/uploads\/2024\/10\/blazhennyj-pastu12h.jpg 308w, https:\/\/traditia.md\/wp-content\/uploads\/2024\/10\/blazhennyj-pastu12h-205x300.jpg 205w\" sizes=\"(max-width: 308px) 100vw, 308px\" \/><p id=\"caption-attachment-29919\" class=\"wp-caption-text\">Fericitul cioban Ioan David<\/p><\/div>\n<p>Avea drag de toate animalele, iar apropia\u0163ii mi-au m\u0103rturisit c\u0103 era foarte grijuliu cu p\u0103s\u0103relele s\u0103lbatice, c\u0103rora mereu le d\u0103dea de m\u00e2ncare. Dar peste toate \u00ee\u015fi iubea mioarele. N-a \u0163inut niciodat\u0103 mai mult de 20-25, \u015fi le-a \u00eengrijit mereu ca pe ochii din cap. \u00cen via\u0163a lui, nu a m\u00e2ncat carne de oaie \u015fi \u00eentotdeauna le-a pus nume, ca unor copii.<\/p>\n<p>C\u00e2nd nu urca la munte cu ele, pe timpul verii, le d\u0103dea altor ciobani s\u0103 le pasc\u0103. Dar nu \u015fi le \u00eensemna niciodat\u0103, a\u015fa cum au f\u0103cut to\u0163i muntenii de c\u00e2nd s-au pomenit pe lume. El nu avea nevoie de semne ca s\u0103-\u015fi cunoasc\u0103 oi\u0163ele. \u00cen toamn\u0103, c\u00e2nd se f\u0103cea risipirea turmelor, Ioan mergea \u00een mijlocul oilor \u015fi le striga pe ale lui pe nume. Iar ele \u00eel recuno\u015fteau \u015fi veneau la el bucuroase. C\u00e2nd era cu ele sus, \u00een munte, le m\u00e2na tot a\u015fa, mereu cu rug\u0103ciunea pe buze, strig\u00e2ndu-le pe nume, \u015fi ele veneau.<\/p>\n<p>Strung\u0103renii au tot cump\u0103nit, ce va s\u0103 fie puterea asta a lui asupra animalelor? \u00cel vor fi b\u00e2rfit pe la col\u0163uri, la c\u00e2rcium\u0103, \u00eentorc\u00e2ndu-i via\u0163a pe toate fe\u0163ele, \u00eencerc\u00e2nd s\u0103 \u00eei afle misterul. Dar via\u0163a lui nu avea \u00een ea nicio tain\u0103. Se scursese sub ochii lor, i-o \u015ftiau de-a fir a p\u0103r.<\/p>\n<h4><strong>Ursul \u015fi oile<\/strong><\/h4>\n<p>Ioan David a venit pe lume pe 15 februarie 1920, \u00een Plai, un c\u0103tun aflat mai sus de Strungari, \u00een munte. A fost un copil s\u0103rman, b\u0103tut de soart\u0103 \u015fi nem\u00e2ng\u00e2iat de semeni. Tat\u0103l nu \u015fi l-a cunoscut niciodat\u0103, iar biata mum\u0103-sa, care \u00eendr\u0103znise s\u0103 aduc\u0103 pe lume un copil din flori, s-a pr\u0103p\u0103dit pe c\u00e2nd el avea numai trei ani\u015fori. A\u015fa c\u0103 a r\u0103mas \u00een grija unei m\u0103tu\u015fi \u015fi a unui unche\u015f.<\/p>\n<p>Era \u00eenc\u0103 un \u0163\u00e2nc pe c\u00e2nd unche\u015ful s-a \u00eemboln\u0103vit \u015fi copilul a fost trimis de m\u0103tu\u015f\u0103-sa la un pustnic, care se nevoia \u00een Strungari, pe valea Dologaiei, un c\u0103lug\u0103r vestit pentru sfin\u0163enia sa. Tu\u015fa n\u0103d\u0103jduia \u00eentr-o minune, dar c\u00e2nd Ioan a ajuns la el, p\u0103rintele Simeon l-a privit cu mil\u0103, apoi i-a poruncit s\u0103 mearg\u0103 repede acas\u0103 \u015fi s\u0103 \u00eei spun\u0103 m\u0103tu\u015fii c\u0103 unche\u015ful ei mai are de tr\u0103it doar trei zile. At\u00e2t! Apoi va merge la rai.<\/p>\n<div id=\"attachment_29939\" style=\"width: 760px\" class=\"wp-caption alignnone\"><img decoding=\"async\" aria-describedby=\"caption-attachment-29939\" class=\"size-full wp-image-29939\" src=\"https:\/\/traditia.md\/wp-content\/uploads\/2024\/10\/selo12-strungar.jpg\" alt=\"\u0421\u0435\u043b\u043e12 \u0421\u0442\u0440\u0443\u043d\u0433\u0430\u0440\u044c\" width=\"750\" height=\"500\" srcset=\"https:\/\/traditia.md\/wp-content\/uploads\/2024\/10\/selo12-strungar.jpg 750w, https:\/\/traditia.md\/wp-content\/uploads\/2024\/10\/selo12-strungar-300x200.jpg 300w, https:\/\/traditia.md\/wp-content\/uploads\/2024\/10\/selo12-strungar-585x390.jpg 585w, https:\/\/traditia.md\/wp-content\/uploads\/2024\/10\/selo12-strungar-263x175.jpg 263w\" sizes=\"(max-width: 750px) 100vw, 750px\" \/><p id=\"caption-attachment-29939\" class=\"wp-caption-text\">Satul Strungari<\/p><\/div>\n<p>\u00cent\u00e2lnirea aceasta a s\u0103pat \u00een cutele inimii copilului urme ad\u00e2nci. De atunci s-a lipit de pustnic \u015fi venea des s\u0103 \u00eel cerceteze.<\/p>\n<p>Anii au trecut, m\u0103tu\u015fa care \u00eel crescuse a murit, iar Ioan a r\u0103mas \u00een casa ei, pe care o primise prin testament. Rudele l-au dat \u00eens\u0103 \u00een judecat\u0103, au c\u00e2\u015ftigat, \u015fi l-au dat afar\u0103. A intrat slug\u0103 la unii \u015fi la al\u0163ii, apoi s-a f\u0103cut cioban \u00een munte \u015fi s-a prins cu tot sufletul de sfaturile pustnicului Simeon \u015fi de credin\u0163a \u00een Dumnezeu. Poate c\u0103 de aceea nici nu s-a \u00eensurat niciodat\u0103. \u00cen inima sa, plin\u0103 de rug\u0103ciune \u015fi r\u00e2vn\u0103, nu mai \u00eenc\u0103pea loc pentru vreo m\u00e2ndr\u0103.<\/p>\n<p>Cu timpul, dragostea lui curat\u0103 \u015fi simpl\u0103, o dragoste \u00een care lumina Hristos, a \u00eenceput s\u0103 rodeasc\u0103 primele minuni. Fapte greu de crezut, pe care le vezi doar la marii sfin\u0163i, fapte pe care \u0163\u0103ranii din Strungari nu aveau cum s\u0103 le priceap\u0103 \u015fi care i-au adus pizma \u00eentregului sat.<\/p>\n<p><em>\u201eS-o dus fratele Ioan la munte, \u015fi erau trei turme de oi tocmite de la oameni. Una a lui \u015fi altele la doi fra\u0163i din Strungari. \u015ei s-o pornit o vijelie, a\u015fa c\u0103 fra\u0163ii \u0103\u015ftia doi or z\u00e2s s\u0103 ad\u0103posteasc\u0103 oile \u00eentr-o r\u00e2p\u0103. \u015ei-a\u015fa or f\u0103cut, \u015fi-or pus oile la ad\u0103post, \u00een fundu&#8217; r\u00e2pei, \u015fi l-or l\u0103sat pe fratele Ioan \u00een gura r\u00e2pei, unde nu era ferit. \u015ei unde nu vine ursu&#8217; noaptea, trece ca prin aer prin turma fratelui Ioan \u015fi rupe turma fra\u0163ilor! <\/em><\/p>\n<p><em>Diminea\u0163a, s-or \u00eent\u00e2lnit \u015fi or povestit c\u00e2te oi le-o rupt ursul \u015fi l-or \u00eentrebat \u015fi p\u0103 Ioan c\u00e2te i-or murit. \u015e-ap\u0103i fratele Ioan le-a zis c\u0103 niciuna.<\/em><\/p>\n<p><em>\u00abCum nu \u0163i-o rupt niciuna, c\u0103 doar printre oile tale o trecut ursul? Ce, oile tale nu-s bune de m\u00e2ncat?\u00bb <\/em><\/p>\n<p><em>\u015e-ap\u0103i c\u00e2nd or venit ei de la munte, or spus \u00eent\u00e2mplarea la toat\u0103 lumea din sat, \u015fi or z\u00e2s to\u0163i c\u0103 \u0103sta-i vr\u0103jitor, strigoi, c\u0103 nu s\u0103 poate altminteri.\u201d<\/em><\/p>\n<h4><strong>Pas\u0103rea \u015fi oul ro\u015fu<\/strong><\/h4>\n<div id=\"attachment_29925\" style=\"width: 760px\" class=\"wp-caption alignnone\"><img loading=\"lazy\" decoding=\"async\" aria-describedby=\"caption-attachment-29925\" class=\"size-full wp-image-29925\" src=\"https:\/\/traditia.md\/wp-content\/uploads\/2024\/10\/dolina-reki12-sebesh.jpg\" alt=\"\u0414\u043e\u043b\u0438\u043d\u0430 \u0440\u0435\u043a\u043812 \u0421\u0435\u0431\u0435\u0448\" width=\"750\" height=\"500\" srcset=\"https:\/\/traditia.md\/wp-content\/uploads\/2024\/10\/dolina-reki12-sebesh.jpg 750w, https:\/\/traditia.md\/wp-content\/uploads\/2024\/10\/dolina-reki12-sebesh-300x200.jpg 300w, https:\/\/traditia.md\/wp-content\/uploads\/2024\/10\/dolina-reki12-sebesh-585x390.jpg 585w, https:\/\/traditia.md\/wp-content\/uploads\/2024\/10\/dolina-reki12-sebesh-263x175.jpg 263w\" sizes=\"(max-width: 750px) 100vw, 750px\" \/><p id=\"caption-attachment-29925\" class=\"wp-caption-text\">Valea r\u00e2ului Sebe\u0219<\/p><\/div>\n<p>La \u00eenceputul acestei veri, c\u00e2nd p\u00e2rjolit\u0103 de soare, c\u00e2nd sp\u0103lat\u0103 aprig de ploi, am luat la pas dealurile din preajma Sebe\u015fului, \u00eencerc\u00e2nd s\u0103 adun m\u0103rturii despre Ioan, ciobanul smerit pe care c\u0103lug\u0103rii de la M\u00e2n\u0103stirea Afteia \u00eel cinstesc at\u00e2t de mult, \u00eenc\u00e2t l-au pictat \u00een tinda bisericii, al\u0103turi de sfin\u0163ii canoniza\u0163i. Iar m\u0103rturiile despre el au fost a\u015fa de puternice, \u00eenc\u00e2t oameni simpli, ca domnul Nicolae sau ca domnul Dumitru, ori mari p\u0103stori de m\u00e2n\u0103stiri, ca maica Ierusalima de la R\u00e2me\u0163, erau lumina\u0163i ca de o v\u0103paie interioar\u0103 c\u00e2nd vorbeau despre el.<\/p>\n<p>Din cuvintele lor mi s-a desprins o siluet\u0103 sub\u0163ire, mai mult duh dec\u00e2t om \u00een carne \u015fi oase, \u00een stare s\u0103 str\u0103pung\u0103 cu ochiul inimii nu numai dep\u0103rt\u0103rile, ci \u015fi timpul. Zile \u00eentregi dup\u0103 c\u0103l\u0103toria mea, puterea duhovniceasc\u0103 a acestui om ma urm\u0103rit. \u015ei m\u0103 urm\u0103re\u015fte chiar \u015fi acum, c\u00e2nd scriu aceste r\u00e2nduri, \u00eencerc\u00e2nd s\u0103 \u00eel realc\u0103tuiesc din m\u0103rturiile celor care l-au cunoscut, unii dintre ei foarte \u00eendeaproape, cum este domnul Nicolae, care i-a fost unul dintre cei mai fideli ucenici.<\/p>\n<p><em>\u201eEu l-am \u00eent\u00e2lnit prin 1985. Mergeam la m\u00e2n\u0103stire la Afteia \u015fi-mi doream s\u0103 cunosc oameni de-ai lui Dumnezeu. \u015ei a\u015fa am ajuns la fratele Ioan, de care mi-or povestit p\u0103rin\u0163ii de la m\u00e2n\u0103stire. Timp de zece ani, ca s\u0103 vin la el, am fugit de la fabric\u0103 \u00een fiecare s\u0103pt\u0103m\u00e2n\u0103, \u015fi nu m-o prins nimeni. Era pe vremea lui Ceau\u015fescu, \u015fi m\u0103 duceam la el numa&#8217; c\u00e2nd nu aveam de lucru. \u015ei n-o \u015ftiut nimeni nimic. El mi-o spus: <\/em><\/p>\n<p><em>\u00abDac\u0103 vii aici, nu vii pentru c\u0103 vrei tu, vii pentru c\u0103 te trimite cineva.\u00bb<\/em><\/p>\n<div id=\"attachment_29931\" style=\"width: 760px\" class=\"wp-caption alignnone\"><img loading=\"lazy\" decoding=\"async\" aria-describedby=\"caption-attachment-29931\" class=\"size-full wp-image-29931\" src=\"https:\/\/traditia.md\/wp-content\/uploads\/2024\/10\/monastyr12-afteya.jpg\" alt=\"\u041c\u043e\u043d\u0430\u0441\u0442\u044b\u0440\u044c12 \u0410\u0444\u0442\u0435\u044f\" width=\"750\" height=\"429\" srcset=\"https:\/\/traditia.md\/wp-content\/uploads\/2024\/10\/monastyr12-afteya.jpg 750w, https:\/\/traditia.md\/wp-content\/uploads\/2024\/10\/monastyr12-afteya-300x172.jpg 300w, https:\/\/traditia.md\/wp-content\/uploads\/2024\/10\/monastyr12-afteya-585x335.jpg 585w\" sizes=\"(max-width: 750px) 100vw, 750px\" \/><p id=\"caption-attachment-29931\" class=\"wp-caption-text\">M\u00e2n\u0103stirea Afteia<\/p><\/div>\n<p><em>C\u00e2nd intram la el \u00een chilie, pentru mine era totdeauna preg\u0103tit\u0103 o farfurie cu sup\u0103 cald\u0103 \u015fi p\u00e2nea l\u00e2ng\u0103. Supa era c\u0103ldu\u0163\u0103, numa trebuia s-o m\u0103n\u00e2nc! \u015ei asta de fiecare dat\u0103 c\u00e2nd am mers la el! De fiecare dat\u0103! \u015e-ap\u0103i l-am \u00eentrebat: <\/em><\/p>\n<p><em>\u00abFrate Ioane, de unde ai \u015ftiut tu c\u0103 eu am s\u0103 vin la tine ast\u0103zi? Cine \u0163i-o spus, de m-ai a\u015fteptat cu m\u00e2ncarea gata?\u00bb <\/em><\/p>\n<p><em>\u00abP\u0103i, eu numa&#8217; m-am g\u00e2ndit la tine asear\u0103 \u015fi am \u015ftiut c\u00e2nd vii!\u00bb <\/em><\/p>\n<p><em>\u015ei v\u0103 spun sincer, c\u0103 eu m\u00e2ncare mai bun\u0103 ca la fratele Ioan nu am m\u00e2ncat de la nimeni, nici de la so\u0163ia mea! Ce-i f\u0103cea, nu \u015ftiu, c\u0103 el era om tare s\u0103rac! Da&#8217; sup\u0103 ca aia, eu n-am mai m\u00e2ncat toat\u0103 via\u0163a mea! \u00cen schimb, eu pe el nu l-am v\u0103zut m\u00e2nc\u00e2nd niciodat\u0103, \u00een to\u0163i \u0103\u015ftia zece ani. Pentru mine a r\u0103mas un mister din ce se hr\u0103nea. \u015ei v\u0103 spun c\u0103 a\u015fa un om, cu o a\u015fa via\u0163\u0103 sf\u00e2nt\u0103, nu am pomenit dec\u00e2t la Pateric. C\u00e2t timp o tr\u0103it p\u0103rintele Ioanichie B\u0103lan de la M\u00e2n\u0103stirea Sih\u0103stria, m-o tot sunat \u015fi mi-o zis: <\/em><\/p>\n<p><em>\u00abFrate Nicolae, d\u0103-mi te rog materiale cu fratele Ioan, c\u0103 e unicat \u00een ortodoxie!\u00bb <\/em><\/p>\n<p><em>A\u015fa mi-o zis, fiindc\u0103 fratele Ioan n-o fost preot, n-o fost nici monah, o fost un simplu cioban, toat\u0103 via\u0163a. Dac\u0103 \u00eei s\u0103 spun ceva despre el, eu nu pot s\u0103 v\u0103 spun dec\u00e2t at\u00e2t: smerenie, smerenie, smerenie, smerenie \u015fi la infinit smerenie! Fratele Ioan asta o fost&#8230;\u201d<\/em><\/p>\n<p>C\u00e2nd spune asta, Nicolae, un munte de om, cu privire bl\u00e2nd\u0103, apas\u0103 cu degetul pe t\u0103blia mesei, cioc\u0103nind-o de parc\u0103 ar vrea s\u0103 imprime \u00een lemn cuv\u00e2ntul \u201esmerenie\u201d.<\/p>\n<p>De multe ori, de-a lungul celor dou\u0103 ceasuri c\u00e2t am stat de vorb\u0103, i-am v\u0103zut ochii \u00eemp\u0103ienjeni\u0163i \u00een lacrimi. Sim\u0163eam c\u0103 ar fi vrut ca din cuvintele lui, din inima \u00eenfierb\u00e2ntat\u0103 de amintiri, fratele Ioan s\u0103 se poat\u0103 \u00eentrupa \u00een mijlocul camerei. \u015ei emo\u0163ia lui, mistuitoare \u015fi molipsitoare, m-a cuprins \u015fi pe mine.<\/p>\n<p>Arar mi s-a \u00eent\u00e2mplat s\u0103 \u00eent\u00e2lnesc la un ucenic, \u015fi am vorbit cu mul\u0163i, o at\u00e2t de ad\u00e2nc\u0103 iubire pentru \u00eendrum\u0103torul lor duhovnicesc. Iar starea aceasta, aproape febril\u0103, e alimentat\u0103 continuu de amintirea unor fapte pe care, \u00eentr-adev\u0103r, nu le \u00eent\u00e2lne\u015fti dec\u00e2t \u00een vie\u0163ile sfin\u0163ilor, ori la p\u0103rintele Arsenie Boca, Sf\u00e2ntul Ardealului, cu care smeritul Ioan, ciobanul din Strungari, s-a \u015fi cunoscut, \u015fi-mi pare c\u0103 se aseam\u0103n\u0103 \u00een puterea clarviziunii.<\/p>\n<div id=\"attachment_29935\" style=\"width: 710px\" class=\"wp-caption alignnone\"><img loading=\"lazy\" decoding=\"async\" aria-describedby=\"caption-attachment-29935\" class=\"size-full wp-image-29935\" src=\"https:\/\/traditia.md\/wp-content\/uploads\/2024\/10\/obraz-blazhennogo12-ioanna-davida.jpg\" alt=\"\u041e\u0431\u0440\u0430\u0437 \u0431\u043b\u0430\u0436\u0435\u043d\u043d\u043e\u0433\u043e12 \u0418\u043e\u0430\u043d\u043d\u0430 \u0414\u0430\u0432\u0438\u0434\u0430\" width=\"700\" height=\"394\" srcset=\"https:\/\/traditia.md\/wp-content\/uploads\/2024\/10\/obraz-blazhennogo12-ioanna-davida.jpg 700w, https:\/\/traditia.md\/wp-content\/uploads\/2024\/10\/obraz-blazhennogo12-ioanna-davida-300x169.jpg 300w, https:\/\/traditia.md\/wp-content\/uploads\/2024\/10\/obraz-blazhennogo12-ioanna-davida-585x329.jpg 585w\" sizes=\"(max-width: 700px) 100vw, 700px\" \/><p id=\"caption-attachment-29935\" class=\"wp-caption-text\">Chipul fericitului Ioan David de la M\u00e2n\u0103stirea Strungari<\/p><\/div>\n<p><em>\u201eFratele Ioan ajunsese la o a\u015fa m\u0103sur\u0103 duhovniceasc\u0103, \u00eenc\u00e2t citea g\u00e2ndurile omului. Eu am p\u0103\u0163it des treaba asta cu el. Am ajuns odat\u0103 la chilia lui, mi-am l\u0103sat geanta la u\u015f\u0103, \u015fi primele cuvinte pe care mi le-a spus au fost: <\/em><\/p>\n<p><em>\u00abG\u00e2ndurile \u0103stea pe care le ai acum s\u0103 \u0163i le sco\u0163i din cap, c\u0103 nu sunt bune.\u00bb <\/em><\/p>\n<p><em>\u015ei apoi o continuat discu\u0163ia noastr\u0103, de parc\u0103 eu i-a\u015f fi m\u0103rturisit lui tot ce aveam pe suflet. Dar eu nu \u00eei spusesem nimic! Avea putere mare de la Dumnezeu! <\/em><\/p>\n<p><em>\u00centr-un an, de Pa\u015fte, cum era tare s\u0103rac, nu o avut nici m\u0103car un ou ro\u015fu. \u015ei s-o rugat la Dumnezeu s\u0103 \u00eei trimit\u0103, \u015fi ce crede\u0163i? O vinit o pas\u0103re \u015fi i-o adus un ou! I l-o l\u0103sat pe fereastr\u0103! El era tare milostiv cu p\u0103s\u0103relele p\u0103durii, care or \u015fi venit la moartea lui.<\/em><\/p>\n<p><em>S\u0103 v\u0103 mai spun una, tr\u0103it\u0103 de mine. Am mers odat\u0103 la el \u015fi-am plecat \u00een p\u0103dure, s\u0103 \u00eei tai usc\u0103turi pentru iarn\u0103. I le t\u0103iam buc\u0103\u0163i, c\u0103 el, s\u0103racul, era a\u015fa de bolnav c\u0103 nu putea s\u0103 fac\u0103 nimic. \u015ei, lucr\u00e2nd la lemne, mi-am dat seama c\u0103 am \u00eent\u00e2rziat prea mult \u015fi nu mai am cum s\u0103 prind autobuzul s\u0103 m\u0103 duc\u0103 acas\u0103. Era ora unu, \u015fi eu ar fi trebuit s\u0103 plec deja de un sfert de ceas, ca s\u0103 prind ruta peste jum\u0103tate de or\u0103. Sp\u0103riat, am mers la el \u015fi i-am spus: <\/em><\/p>\n<p><em>\u00abFrate Ioane, eu pierd autobuzul, \u015fi s\u0103 \u015ftii c\u0103 o s\u0103 am n\u0103caz la servici \u015fi acas\u0103 din cauza asta!\u00bb <\/em><\/p>\n<p><em>Ce crede\u0163i c\u0103 o f\u0103cut? Parc\u0103 \u00eel v\u0103z \u015f-acum cum s-o ridicat din pat, \u015fi-o \u00eempreunat m\u00e2inile \u015fi-o spus: <\/em><\/p>\n<p><em>\u00abDoamne, opre\u015fte-l acu&#8217;!\u00bb <\/em><\/p>\n<p><em>Am auz\u00e2t c\u00e2nd o z\u00e2s a\u015fa! \u015ei p\u0103 orm\u0103 s-o a\u015fezat iar pe pat \u015fi-o z\u00e2s c\u0103tr\u0103 mine: <\/em><\/p>\n<p><em>\u00abNo, de acu&#8217; du-te lini\u015ftit, c\u0103 autobuzu&#8217; te a\u015fteapt\u0103 \u00een sta\u0163ie.\u00bb<\/em><\/p>\n<p><em>Nap\u0103i, cine-o crezut a\u015fa ceva? Eu n-am crezut, a\u015fa c\u0103 mi-am luat geanta \u015fi taie-o nene, de am c\u0103zut la vale \u015fi m-am lovit de at\u00e2ta grab\u0103. <\/em><\/p>\n<p><em>\u015e-ap\u0103i ajung \u00een sta\u0163ie, plin de praf, autobuzu&#8217; nu&#8230; El venea la unu \u015fi un sfert. \u015e-ap\u0103i s-o f\u0103cut \u015fi jumate, s-o f\u0103cut \u015fi dou\u0103zeci \u015fi cinci \u015fi numa&#8217; am auzit c\u0103 vine. Mi-am f\u0103cut Sf\u00e2nta Cruce \u015fi am z\u00e2s \u00een mine: \u00abDoamne, ce-i aicea?\u00bb <\/em><\/p>\n<p><em>\u015e-ap\u0103i numa-mi spune \u015foferul Nicolae, pe care-l \u015ftiam de mult:<\/em><\/p>\n<div id=\"attachment_29937\" style=\"width: 760px\" class=\"wp-caption alignnone\"><img loading=\"lazy\" decoding=\"async\" aria-describedby=\"caption-attachment-29937\" class=\"size-full wp-image-29937\" src=\"https:\/\/traditia.md\/wp-content\/uploads\/2024\/10\/selo-pianu12-de-sus.jpg\" alt=\"\u0421\u0435\u043b\u043e \u041f\u0438\u0430\u043d\u044312 \u0434\u0435 \u0421\u0443\u0441\" width=\"750\" height=\"500\" srcset=\"https:\/\/traditia.md\/wp-content\/uploads\/2024\/10\/selo-pianu12-de-sus.jpg 750w, https:\/\/traditia.md\/wp-content\/uploads\/2024\/10\/selo-pianu12-de-sus-300x200.jpg 300w, https:\/\/traditia.md\/wp-content\/uploads\/2024\/10\/selo-pianu12-de-sus-585x390.jpg 585w, https:\/\/traditia.md\/wp-content\/uploads\/2024\/10\/selo-pianu12-de-sus-263x175.jpg 263w\" sizes=\"(max-width: 750px) 100vw, 750px\" \/><p id=\"caption-attachment-29937\" class=\"wp-caption-text\">Satul Pianu de Sus<\/p><\/div>\n<p><em>\u00abM\u0103, nu \u015ftiu ce-o fost, c\u0103 numa&#8217; ce-am ie\u015fit din Pianu de Sus, c\u0103 mi-o \u015fi pu\u015fcat roata!\u00bb <\/em><\/p>\n<p><em>\u00abLa ce or\u0103?\u00bb, \u00eei z\u00e2c. <\/em><\/p>\n<p><em>\u00abLa ora unu\u00bb, z\u00e2ce el. <\/em><\/p>\n<p><em>Chiar c\u00e2nd s-o ridicat fratele Ioan \u015fi o z\u00e2s rug\u0103ciunea! \u015e-ap\u0103i i-am spus lui Nicolae: <\/em><\/p>\n<p><em>\u00abFra\u00adtele meu, s\u0103 m\u0103 ier\u0163i, c\u0103 numa&#8217; din cauza mea \u0163i s-o \u00eent\u00e2mplat toate astea\u00bb.\u201d<\/em><\/p>\n<h4><strong>M\u0103rturia Maicii Ierusalima<\/strong><\/h4>\n<p>Drumul care urca de la Sebe\u015f urc\u0103 pe Valea Pianului, printre dealurile bl\u00e2nde, care acum, \u00een ceas de var\u0103, zac parc\u0103 toropite \u00een ar\u015fi\u0163\u0103. Te strecori printre spin\u0103rile lor domoale, \u015fi r\u0103coarea Mun\u0163ilor \u015eureanu \u00eencepe s\u0103 te cuprind\u0103. Dar nu apuci s\u0103 iei piepti\u015f coastele, pentru c\u0103 satul Strungari \u015fi m\u00e2n\u0103stirea cu acela\u015fi nume e la poale. O gur\u0103 de rai, \u00eenecat\u0103 \u00een verdele p\u0103durii, care coboar\u0103 peste drum \u015fi-l str\u00e2nge \u00eentr-o \u00eembr\u0103\u0163i\u015fare duioas\u0103.<\/p>\n<div id=\"attachment_29933\" style=\"width: 760px\" class=\"wp-caption alignnone\"><img loading=\"lazy\" decoding=\"async\" aria-describedby=\"caption-attachment-29933\" class=\"size-full wp-image-29933\" src=\"https:\/\/traditia.md\/wp-content\/uploads\/2024\/10\/monastyr12-strungar.jpg\" alt=\"\u041c\u043e\u043d\u0430\u0441\u0442\u044b\u0440\u044c12 \u0421\u0442\u0440\u0443\u043d\u0433\u0430\u0440\u044c\" width=\"750\" height=\"500\" srcset=\"https:\/\/traditia.md\/wp-content\/uploads\/2024\/10\/monastyr12-strungar.jpg 750w, https:\/\/traditia.md\/wp-content\/uploads\/2024\/10\/monastyr12-strungar-300x200.jpg 300w, https:\/\/traditia.md\/wp-content\/uploads\/2024\/10\/monastyr12-strungar-585x390.jpg 585w, https:\/\/traditia.md\/wp-content\/uploads\/2024\/10\/monastyr12-strungar-263x175.jpg 263w\" sizes=\"(max-width: 750px) 100vw, 750px\" \/><p id=\"caption-attachment-29933\" class=\"wp-caption-text\">M\u00e2n\u0103stirea Strungari<\/p><\/div>\n<p>M\u00e2n\u0103stirea s-a ridicat \u00een anii din urm\u0103, dar ciobanul Ioan a \u015ftiut de ea cu zeci de ani \u00eenainte. Cu ochiul lui de duh, \u00een stare s\u0103 alunece nu numai prin spa\u0163ii, ci \u015fi prin timp, i-a spus ucenicului s\u0103u, Nicolae, ar\u0103t\u00e2nd cu m\u00e2na din tinda c\u0103su\u0163ei:<\/p>\n<p>\u201eAici are s\u0103 fie o m\u00e2n\u0103stire maaare!\u201d<\/p>\n<p>\u015ei a\u015fa a fost. Lavra s-a a\u015fezat cuminte, la poala dealului, unde acum fratele Ioan \u00ee\u015fi doarme somnul de veci.<\/p>\n<p>Ca s\u0103 ajung la chilia lui, trebuie s\u0103 urc o coast\u0103 piezi\u015f\u0103. C\u0103l\u0103uza mea, Nicolae, \u00ee\u015fi aduce \u015fi acum aminte prima zi c\u00e2nd i-a trecut pragul.<\/p>\n<p><em>\u201eEra o chilie simpl\u0103, cu podele de lemn, f\u0103r\u0103 covor, \u015fi \u00eentr-un col\u0163, spre r\u0103s\u0103rit, fratele Ioan \u00eel avea pe Domnul Iisus r\u0103stignit. \u015ei pe mas\u0103 erau tot timpul o Biblie, Ceaslovul \u015fi Psaltirea. At\u00e2t! Patul de sc\u00e2nduri st\u0103tea acoperit cu un cojocel din cele de care poart\u0103 ciobanii. Tr\u0103ia \u00een s\u0103r\u0103cie, dar a\u015fa o lini\u015fte \u015fi o pace ce am sim\u0163it acolo nu am mai g\u0103sit nic\u0103ieri!\u201d<\/em><\/p>\n<p>La chiliu\u0163a aceasta simpl\u0103 aveau s\u0103 vin\u0103, \u00een ultimii ani ai vie\u0163ii, pentru sfat, rug\u0103 \u015fi \u00eent\u0103rire, nu numai mireni, \u0163\u0103rani simpli din \u00eemprejurimi, ci \u015fi c\u0103lug\u0103ri. Printre ei, \u015fi maica Ierusalima, timp de multe decenii stare\u0163a m\u00e2n\u0103stirii R\u00e2me\u0163.<\/p>\n<p><em>\u201eEu pe fratele Ioan l-am cunoscut la chilia p\u0103rintelui Varsanufie de la Strungari, care \u00een ultimii ani a slujit la noi, la R\u00e2me\u0163. Noi \u00eei ziceam \u00abciobanul\u00bb, \u00abfratele Ioan ciobanul\u00bb. Era pu\u0163in la vorb\u0103, \u00eens\u0103 c\u00e2nd \u00eencepea s\u0103 \u00ee\u0163i vorbeasc\u0103, r\u0103m\u00e2neai uimit. Avea o comoar\u0103 extraordinar\u0103 \u00een inima lui. Satul nu \u00eel \u00een\u0163elegea, zicea c\u0103 nu e zdrav\u0103n. <\/em><\/p>\n<p><em>Era foarte smerit, nu se b\u0103ga \u00een fa\u0163\u0103. Tr\u0103ia retras, pentru c\u0103 se ruga tot timpul, \u015fi de aceea nu era u\u015for s\u0103 te apropii de el. P\u00e2n\u0103 c\u00e2nd a avut \u00eencredere \u00een mine, a trecut ceva timp. Nu s-a \u00eent\u00e2mplat chiar a\u015fa, dintr-o dat\u0103. Dar eu, \u00eenc\u0103 de mic\u0103 am fost atras\u0103 de oamenii ace\u015ftia ai lui Dumnezeu, iar fratele Ioan o avut \u00een el ceva sf\u00e2nt, ceva ce nu pot s\u0103 v\u0103 explic. <\/em><\/p>\n<p><em>Avea darul \u00eenainte\u00advederii. Dup\u0103 moartea p\u0103rintelui Dometie Manolache, pov\u0103\u0163uitorul nostru de la R\u00e2me\u0163, eu pe el l-am avut ca pe un st\u00e2lp de foc al m\u00e2n\u0103stirii. \u00cens\u0103 era departe, la chilia lui din Strungari, iar c\u00e2nd aveam probleme mari cu m\u00e2n\u0103stirea, de nu mai puteam s\u0103 o scot la cap\u0103t, m\u0103 puneam la rug\u0103ciune \u015fi strigam: \u00abDoamne, adu-mi ciobanul \u00eencoace, adumi-l pe fratele Ioan!\u00bb<\/em><\/p>\n<p><em>Nu trimiteam dup\u0103 el, c\u0103 nu aveam pe cine, dar el venea! \u015etia \u00een duh c\u0103 \u00eel chemasem. Venea \u015fi-mi spunea: <\/em><\/p>\n<p><em>\u00abDe ce te-ai speriat? Sfin\u0163ia ta nu trebuie s\u0103 te sperii, c\u0103 vei trece prin multe. Ai o cruce grea, dar o s\u0103 o po\u0163i purta, pentru c\u0103 te ajut\u0103 Hristos. El \u0163i-a dat-o!\u00bb. <\/em><\/p>\n<p><em>Eu cred c\u0103 el a fost un om al lui Dumnezeu, un tr\u0103itor, un sf\u00e2nt. Sf\u00e2nt \u00eenaintea multor c\u0103lug\u0103ri!\u201d<\/em><\/p>\n<p>Maica Anastasia este sora maicii Ierusalima. \u00cen anii c\u00e2nd fratele Ioan tr\u0103ia, se rezema adesea pe sfatul lui. A\u015fa a ajuns s\u0103 \u00eei cunoasc\u0103 harismele cu care-l \u00eenzestra\u00adse Dumnezeu:<\/p>\n<p><em>\u201eSt\u0103team de vorb\u0103 cu el la chilia lui \u015fi-mi spunea: <\/em><\/p>\n<p><em>\u00abCe se aude maic\u0103?\u00bb<\/em><\/p>\n<p><em>\u00abNimic!\u00bb <\/em><\/p>\n<p><em>Nu auzeam nimic, era lini\u015fte de morm\u00e2nt. <\/em><\/p>\n<p><em>\u00abS\u0103 aude o ma\u015fin\u0103 maic\u0103.\u00bb <\/em><\/p>\n<p><em>Ap\u0103i nu trecea mult timp \u015fi ap\u0103rea Aro-ul m\u00e2n\u0103stirii, pe care el \u00eel vedea cu duhul, de departe. <\/em><\/p>\n<p><em>Alt\u0103 dat\u0103, st\u0103team cu el de vorb\u0103 la m\u00e2n\u0103stire \u015fi-mi zicea: <\/em><\/p>\n<p><em>\u00abVezi cum trec maicile astea pe aici, pe jos? A\u015fa se vede prin ele, ca prin oglind\u0103! Or s\u0103 plece multe&#8230;\u00bb. <\/em><\/p>\n<p><em>\u015e-ap\u0103i, cum o z\u00e2s el, a\u015fa o \u015fi fost, c\u0103 el vedea \u00een\u0103untru&#8217; lor! <\/em><\/p>\n<p><em>O fost om tare aspru cu sine. Postea muuult, cred c\u0103 zile \u00eentregi nu m\u00e2nca. Dar avea un motan, care era mereu gras \u015fi frumos. Dac\u0103 primea de la oameni o buc\u0103\u0163ic\u0103 de salam, i-o d\u0103dea lui \u015fi spunea c\u0103-l m\u0103n\u00e2nc\u0103 el.\u201d<\/em><\/p>\n<h4><strong>Spre cer, \u00een port popular<\/strong><\/h4>\n<div id=\"attachment_29917\" style=\"width: 333px\" class=\"wp-caption alignleft\"><img loading=\"lazy\" decoding=\"async\" aria-describedby=\"caption-attachment-29917\" class=\"size-full wp-image-29917\" src=\"https:\/\/traditia.md\/wp-content\/uploads\/2024\/10\/blazhennyj-ioann12-pastuh.jpg\" alt=\"\u0411\u043b\u0430\u0436\u0435\u043d\u043d\u044b\u0439 \u0418\u043e\u0430\u043d\u043d12 \u043f\u0430\u0441\u0442\u0443\u0445\" width=\"323\" height=\"450\" srcset=\"https:\/\/traditia.md\/wp-content\/uploads\/2024\/10\/blazhennyj-ioann12-pastuh.jpg 323w, https:\/\/traditia.md\/wp-content\/uploads\/2024\/10\/blazhennyj-ioann12-pastuh-215x300.jpg 215w\" sizes=\"(max-width: 323px) 100vw, 323px\" \/><p id=\"caption-attachment-29917\" class=\"wp-caption-text\">Fericitul Ioan ciobanul<\/p><\/div>\n<p>Fratele Ioan \u015fi-a cunoscut sf\u00e2r\u015fitul cu mult timp \u00eenainte \u015fi l-a spus celor apropia\u0163i. Domnul Nicolae M. \u00ee\u015fi aduce aminte c\u0103 asta s-a \u00eent\u00e2mplat cu un an \u00eenainte de moartea lui.<\/p>\n<p><em>\u201eMi-a spus \u015fi data exact\u0103 c\u00e2nd va pleca la Domnul. <\/em><\/p>\n<p><em>\u00abFrate, s\u0103 \u0163ii minte c\u0103 eu, \u00een ziua de 7 ianuarie, de Sf\u00e2ntul Ioan Botez\u0103torul, o s\u0103 m\u0103 duc\u00bb. <\/em><\/p>\n<p><em>Asta a fost \u00een &#8217;94.\u201d<\/em><\/p>\n<p>Domnul Dumitru, un alt ucenic, a fost chiar chemat \u00een duh s\u0103 vin\u0103 la plecarea sa la cer.<\/p>\n<p><em>\u201eMi-o z\u00e2s de mult c\u0103 la moartea lui eu am s\u0103-l \u00eembrac. Mi-o \u015fi spus cum s\u0103 fie \u00eembr\u0103cat, c\u0103-\u015fi preg\u0103tise din vreme haine rom\u00e2ne\u015fti, portul nostru popular, \u00een care umblase at\u00e2ta vreme. Eu m-am legat c\u0103 a\u015fa am s\u0103 fac, dar i-am zis c\u0103 a\u015fa cum \u00ees, cu serviciul meu, tot plecat pe colo-colo, nu \u015ftiu dac\u0103 o s\u0103 pot s\u0103 ajung. <\/em><\/p>\n<p><em>\u00abM\u0103, ai s\u0103 ajungi, dar s\u0103 fie o \u0163\u00e2r de st\u0103ruin\u0163\u0103 \u015fi de la tine, nu numa&#8217; de la mine\u00bb. <\/em><\/p>\n<p><em>Eu am z\u00e2s: <\/em><\/p>\n<p><em>\u00abAmin! A\u015fa s\u0103 hie!\u00bb, ce s\u0103 mai z\u00e2c. <\/em><\/p>\n<p><em>\u015e-ap\u0103i or trecut anii, \u015fepte, opt, nu mai \u015ftiu. \u00cen anu&#8217; \u0103la, eram p\u0103 la schit, \u00een Valea Popii, la lucru, \u015fi, \u00eentr-o diminea\u0163\u0103, m-am sculat cu o nelini\u015fte. N-am z\u00e2s la nimeni, c\u0103 nu puteam s\u0103 z\u00e2c, da&#8217; s\u00e2m\u0163eam ceva&#8230; Mi-am z\u00e2s c\u0103 s-o \u00eent\u00e2mplat ceva acas\u0103, c\u0103 \u00eei ceva&#8230; \u015e-ap\u0103i o trecut z\u00e2ua aia. <\/em><\/p>\n<p><em>\u00cen cealalt\u0103 zi, am m\u0103rs la p\u0103rintele \u015fi i-am z\u00e2s c\u0103 m\u0103 duc acas\u0103. C\u00e2nd am ajuns mi-o z\u00e2s so\u0163ia c\u0103 o sunat cineva de la Strungari, s\u0103 m\u0103 duc repede p\u00e2n&#8217; la pustnicu&#8217;. Atunci mi-am dat seama c\u0103 de la el e toat\u0103 r\u00e2nduiala \u015fi am plecat. Pe la patru, am fost acolo, \u015fi fratele Ioan mi-o z\u00e2s c\u0103 are nevoie de un doctor. \u015ei mi-a mai spus: <\/em><\/p>\n<p><em>\u00abVezi un&#8217; te duci, ce faci, c\u0103 eu de z\u00e2ua mea, mor!\u00bb,<\/em><\/p>\n<div id=\"attachment_29927\" style=\"width: 710px\" class=\"wp-caption alignnone\"><img loading=\"lazy\" decoding=\"async\" aria-describedby=\"caption-attachment-29927\" class=\"size-full wp-image-29927\" src=\"https:\/\/traditia.md\/wp-content\/uploads\/2024\/10\/krest-na-mogile12-brata-ioanna.jpg\" alt=\"\u041a\u0440\u0435\u0441\u0442 \u043d\u0430 \u043c\u043e\u0433\u0438\u043b\u043512 \u0431\u0440\u0430\u0442\u0430 \u0418\u043e\u0430\u043d\u043d\u0430\" width=\"700\" height=\"394\" srcset=\"https:\/\/traditia.md\/wp-content\/uploads\/2024\/10\/krest-na-mogile12-brata-ioanna.jpg 700w, https:\/\/traditia.md\/wp-content\/uploads\/2024\/10\/krest-na-mogile12-brata-ioanna-300x169.jpg 300w, https:\/\/traditia.md\/wp-content\/uploads\/2024\/10\/krest-na-mogile12-brata-ioanna-585x329.jpg 585w\" sizes=\"(max-width: 700px) 100vw, 700px\" \/><p id=\"caption-attachment-29927\" class=\"wp-caption-text\">Crucea de pe morm\u00e2ntul fratelui Ioan pe care a f\u0103cut-o cu m\u00e2nile sale<\/p><\/div>\n<p><em>O vinit doctorul, l-o consultat \u015fi o z\u00e2s c\u0103 mai tr\u0103ie\u015fte, c\u0103 nu moare, da&#8217; eu am \u015ftiut c\u0103 nu e a\u015fa. \u015e-ap\u0103i, o fost cum o z\u00e2s fratele Ioan. <\/em><\/p>\n<p><em>De z\u00e2ua lui, de praznicul Sf\u00e2ntului Ioan Botez\u0103torul, am m\u0103rs cu p\u0103rintele Ioan, stare\u0163ul de la M\u00e2n\u0103stirea Afteia, s\u0103 \u00eei fac\u0103 maslu&#8217;. Era deja \u00eentre via\u0163\u0103 \u015fi moarte. Am luat o lum\u00e2nare, i-am pus-o \u00een m\u00e2n\u0103 \u015fi-o murit \u00een bra\u0163ele mele. L-am \u00eembr\u0103cat eu, a\u015fa cum mi-o spus c\u0103 o s\u0103 fac \u00een urm\u0103 cu mul\u0163i ani.\u201d<\/em><\/p>\n<p>Ninsese mult \u00een acel \u00eenceput de an. Z\u0103pada se a\u015fezase temeinic pe drumul pe care cu greu mai putea trece vreo ma\u015fin\u0103. Cu toate acestea, ucenicii apropia\u0163i ai fratelui Ioan au ajuns la \u00eenmorm\u00e2ntare. O m\u00e2n\u0103 de oameni, care au v\u0103zut ultimul s\u0103u miracol: \u00eenainte de a fi cobor\u00e2t \u00een p\u0103m\u00e2ntul \u00eenghe\u0163at, deasupra sicriului s-au str\u00e2ns toate p\u0103s\u0103rile p\u0103durii. Stolul s-a \u00eenv\u00e2rtit domol, apoi s-a a\u015fezat pe un soc din vecin\u0103tatea gropii \u015fi toat\u0103 slujba au \u00eenvelit-o \u00een ciripit. Era felul lor de a se desp\u0103r\u0163i de sf\u00e2ntul care le \u00eengrijise toat\u0103 via\u0163a.<\/p>\n<p style=\"text-align: right;\"><strong><em>Cristian Curte<\/em><\/strong><\/p>\n<p style=\"text-align: right;\"><em>Sursa: <a href=\"http:\/\/arhiva.formula-as.ro\/2017\/1276\/spiritualitate-39\/ciobanul-lui-dumnezeu-22611\"><strong>Formula AS<\/strong><\/a><\/em><\/p>\n","protected":false},"excerpt":{"rendered":"<p>\u00centr-o chilie pustniceasc\u0103 de l\u00e2ng\u0103 satul Strungari, de la poalele Mun\u0163ilor \u015eureanu, a tr\u0103it un cioban care prin cur\u0103\u0163ia vie\u0163ii a ajuns&hellip;<\/p>\n","protected":false},"author":3,"featured_media":29921,"comment_status":"open","ping_status":"closed","sticky":false,"template":"","format":"standard","meta":{"_lmt_disableupdate":"","_lmt_disable":"","slim_seo":{"title":"Ioan David, ciobanul lui Dumnezeu - traditia.md","description":"\u00centr-o chilie pustniceasc\u0103 de l\u00e2ng\u0103 satul Strungari, de la poalele Mun\u0163ilor \u015eureanu, a tr\u0103it un cioban care prin cur\u0103\u0163ia vie\u0163ii a ajuns mare f\u0103c\u0103tor de minuni."},"footnotes":""},"categories":[40,38],"tags":[],"class_list":["post-29963","post","type-post","status-publish","format-standard","has-post-thumbnail","hentry","category-apararea-credintei","category-stiri"],"_links":{"self":[{"href":"https:\/\/traditia.md\/ro\/wp-json\/wp\/v2\/posts\/29963","targetHints":{"allow":["GET"]}}],"collection":[{"href":"https:\/\/traditia.md\/ro\/wp-json\/wp\/v2\/posts"}],"about":[{"href":"https:\/\/traditia.md\/ro\/wp-json\/wp\/v2\/types\/post"}],"author":[{"embeddable":true,"href":"https:\/\/traditia.md\/ro\/wp-json\/wp\/v2\/users\/3"}],"replies":[{"embeddable":true,"href":"https:\/\/traditia.md\/ro\/wp-json\/wp\/v2\/comments?post=29963"}],"version-history":[{"count":0,"href":"https:\/\/traditia.md\/ro\/wp-json\/wp\/v2\/posts\/29963\/revisions"}],"wp:featuredmedia":[{"embeddable":true,"href":"https:\/\/traditia.md\/ro\/wp-json\/wp\/v2\/media\/29921"}],"wp:attachment":[{"href":"https:\/\/traditia.md\/ro\/wp-json\/wp\/v2\/media?parent=29963"}],"wp:term":[{"taxonomy":"category","embeddable":true,"href":"https:\/\/traditia.md\/ro\/wp-json\/wp\/v2\/categories?post=29963"},{"taxonomy":"post_tag","embeddable":true,"href":"https:\/\/traditia.md\/ro\/wp-json\/wp\/v2\/tags?post=29963"}],"curies":[{"name":"wp","href":"https:\/\/api.w.org\/{rel}","templated":true}]}}