{"id":29857,"date":"2024-10-10T10:32:41","date_gmt":"2024-10-10T07:32:41","guid":{"rendered":"https:\/\/traditia.md\/?p=29857"},"modified":"2024-10-10T10:32:41","modified_gmt":"2024-10-10T07:32:41","slug":"referendumul-pas-versus-republica-moldova-a-fi-sau-a-nu-mai-fi-4","status":"publish","type":"post","link":"https:\/\/traditia.md\/ro\/referendumul-pas-versus-republica-moldova-a-fi-sau-a-nu-mai-fi-4\/","title":{"rendered":"Referendumul PAS versus Republica Moldova: A fi sau a nu (mai) fi"},"content":{"rendered":"<p><strong><em>PARTEA 1. <a href=\"https:\/\/traditia.md\/ro\/referendumul-pas-versus-republica-moldova-a-fi-sau-a-nu-mai-fi\/\">\u201eIdentitatea european\u0103\u201d ca etnocid<\/a><\/em><\/strong>\u00a0<\/p>\n<p><strong><em>PARTEA 2. <a href=\"https:\/\/traditia.md\/ro\/referendumul-pas-versus-republica-moldova-a-fi-sau-a-nu-mai-fi-2\/\">Integrare ireversibil\u0103 \u00een care UE?<\/a><\/em><\/strong>\u00a0<\/p>\n<p><strong><em>PARTEA 3. <a href=\"https:\/\/traditia.md\/ro\/referendumul-pas-versus-republica-moldova-a-fi-sau-a-nu-mai-fi-3\/\">Cine va participa la referendum?<\/a><\/em><\/strong>\u00a0<\/p>\n<p><strong>Ideologia folosit\u0103 de PAS, care este fascismul liberal, nu se deosebe\u015fte ca metode de fascismul clasic. Acela\u015fi dispre\u0163 fa\u0163\u0103 de lege, aceea\u015fi nesocotire a normelor morale \u015fi juridice, \u00eentocmai ca la regimul Hitler din anii 1933-1937. Nu avem nici un indiciu \u00een activitatea PAS care s\u0103 ne dea o mic\u0103 speran\u0163\u0103 c\u0103 ne \u00een\u015fel\u0103m \u00een aprecierea esen\u0163ei antina\u0163ionale, fascizante, antiumane a acestui regim. Acest regim odios nu ne ofer\u0103 nici cel mai mic semn \u00een activitatea sa ca s\u0103 putem s\u0103 ne \u00eendoim de cele constatate mai sus \u015fi, mai ales, de planul lui diabolic.<\/strong><\/p>\n<p>Ca \u015fi orice fascism, fascismul liberal se vrea unica ideologie permis\u0103 \u00een societatea cotropit\u0103 de el. Dictatura mediatic\u0103 impus\u0103 societ\u0103\u0163ii moldovene\u015fti de c\u0103tre acest regim las\u0103 libertatea exprim\u0103rii exclusiv opiniilor \u015fi pozi\u0163iilor (1) care s\u00eent \u00een favoarea politicilor regimului, inclusiv a politicii de integrare european\u0103 a-la Maia Sandu \u015fi (2) care s\u00eent \u00een sprijinul oric\u0103ror ac\u0163iuni, inclusiv al f\u0103r\u0103delegilor comise de acest regim.<\/p>\n<p>Practica \u00eens\u0103\u015fi de a \u00eenchide gura jurnali\u015ftilor \u00een emisie direct\u0103 de c\u0103tre \u015fefa institu\u0163iei preziden\u0163iale, precum \u0219i<\/p>\n<p>\u2013\u00a0practica de a \u00eenchide sursele de informa\u0163ie incomode pentru regim sub pretextul \u00eenchipuit c\u0103 ar justifica r\u0103zboiul, precum \u0219i<\/p>\n<p>\u2013\u00a0practica de a numi \u00een func\u0163ii de stat \u00een mod prioritare diferi\u0163i ONG-i\u015fti care s\u00eent \u00een linie cu ideologia fascismului liberal \u015fi numai a celor care s\u00eent devota\u0163i integr\u0103rii europene a-la Sandu, precum \u0219i<\/p>\n<p>\u2013\u00a0practica declar\u0103rii drept criminale a oric\u0103ror surse de finan\u0163are a ONG-urilor dac\u0103 aceste surse nu s\u00eent din fondurile euro-americane care impun \u015fi promoveaz\u0103 agenda fascismului liberal, precum \u0219i<\/p>\n<p>\u2013\u00a0practica de a amenin\u0163a satele cu \u00eenchiderea finan\u0163\u0103rii dac\u0103 ele nu se aliniaz\u0103 \u00een sprijinul ideologiei fascismului liberal, precum \u0219i<\/p>\n<p>\u2013\u00a0practica de a amenin\u0163a agricultorii c\u0103 vor fi lipsi\u0163i de subven\u0163ii dac\u0103 nu particip\u0103 la acest referendum criminal vot\u00eend pentru schimbarea nelegitmi\u0103 a Constitu\u021biei,<\/p>\n<p>precum\u00a0\u015fi multe alte practici ale politicilor regimului, \u2013<\/p>\n<p>toate aceaste practici s\u00eent proprii dictaturii ideologice impuse cu de la sine putere, \u00een mod anticonstitu\u0163ional, chiar din primele \u015fedin\u0163e ale Parlamentului dominat de simpla majoritate a ONG-i\u015ftilor de factur\u0103 fascist-liberal\u0103. S\u0103 ne amintim c\u0103 <strong>pentru PAS au votat cel mult 26,5 % din totalul de aleg\u0103tori \u00eenscri\u015fi pe liste<\/strong>. Iar acum cei care sprijin\u0103 PAS s\u00eent \u015fi mai pu\u0163ini. Tocmai de aceea ei vor s\u0103 ne fure Constitu\u0163ia \u015fi s\u0103 ne bage o alta care s\u0103 garanteze dictatura acestor ocupan\u0163i uzurpatori.<\/p>\n<p>Acum, \u00een condi\u0163iile Constitu\u0163iei \u00een vigoare, aceste practici s\u00eent v\u0103dit anticonstitu\u0163ionale. Dar dup\u0103 referendum, \u00een cazul \u00een care el va fi eventual legitimat de mul\u0163imea celor de peste 33 % (din num\u0103rul aleg\u0103torilor \u00eenscri\u015fi pe liste) care ar veni s\u0103 loveasc\u0103 cu piciorul \u00een suveranitatea poporului, s\u0103 mai \u00eenfig\u0103 c\u00eete un cu\u0163it \u00een pieptul suveranit\u0103\u0163ii na\u0163ionale, aceste practici \u015fi \u00eenc\u0103 multe altele noi vor deveni deplin constitu\u0163ionale. Exact cum s-a \u00eent\u00eemplat pe vremea lui Hitler \u2013 al doilea \u00een istorie, dup\u0103 Carol cel Mare, unificator al Europei, protagonist al celei de a doua \u00eencerc\u0103ri de a construi o Uniune European\u0103 \u2013 <em>Reich<\/em>-ul al Treilea. Acum s\u00eentem contemporani ai <em>Reich<\/em>-ului al Patrulea.<\/p>\n<h4><strong>Perspective \u201eucrainizante\u201d sau \u00eentunecata lume nou\u0103<\/strong><\/h4>\n<p>Rezultatul principal \u015fi mult r\u00eevnit al referendumului \u2013 un nou text al \u201econstitu\u0163iei\u201d \u2013 va impune un regim cu adev\u0103rat fascist, controlat \u00een mod \u201econstitu\u0163ional\u201d de c\u0103tre dictatura oligarhic\u0103 prin coloana a cincea de ONG-i\u015fti ai fondurilor liberal-fasciste. Aceast\u0103 nou\u0103 dictatur\u0103 va fi declarat\u0103 ca cea mai democratic\u0103 democra\u0163ie din lume, una gata s\u0103 fie integrat\u0103 \u00een UE. \u015ei cine va \u00eendr\u0103zni s\u0103 se \u00eendoiasc\u0103 de democratismul acestei dictaturi va fi \u00eendat\u0103 judecat ca agent al Kremlinului, ca tr\u0103d\u0103tor de \u0163ar\u0103, ca bolnav psihic, ca monstru anti-social, ca poten\u0163ial terorist etc. Fire\u015fte, \u00een baza noii \u201econstitu\u0163ii\u201d vom avea \u015fi un nou \u201ecod penal\u201d, un nou \u201ecod civil\u201d, o \u00eentreag\u0103 nou\u0103 \u201elegisla\u0163ie\u201d.<\/p>\n<p>Aceast\u0103 dictatur\u0103 a fascismului liberal va introduce \u00een \u201econstitu\u0163ia\u201d sa ideologia fascismului liberal camuflat\u0103 \u00een \u201eintegrare european\u0103\u201d: cine va \u00eendr\u0103zni s\u0103 se \u00eendoiasc\u0103 (1) de necesitatea integr\u0103rii europene \u015fi de fericirea neab\u0103tut\u0103 care se va pr\u0103bu\u015fi peste capetele moldovenilor sau (2) s\u0103 se \u00eendoiasc\u0103 c\u0103 regimul promoveaz\u0103 corect \u015fi eficient integrarea european\u0103 va p\u0103\u0163i ca to\u0163i cei care se \u00eendoiesc de beneficiile cov\u00eer\u015fitoare pe care le aduce regimul peste moldovenii ferici\u0163i de c\u0103tre regim.<\/p>\n<p>Drept urmare logic\u0103 a acestei schimb\u0103ri \u00een \u201econstitu\u0163ie\u201d regimul va interzice \u00eenainte de toate, \u00een temei deplin \u201econstitu\u0163ional\u201d, accesul cet\u0103\u0163enilor la orice surse de alternativ\u0103 de informare, instituind o cenzur\u0103 draconic\u0103 asupra accesului \u00een Internet la diferite platforme informa\u0163ionale. Publica\u0163iile cu tematic\u0103 moldoveneasc\u0103 care nu s\u00eent sau nu vor fi \u00een linie cu ideologia oficial\u0103 \u00eenscris\u0103 explicit \u00een \u201econstitu\u0163ie\u201d gen \u201eintegrare european\u0103\u201d (f\u0103r\u0103 specificare \u201e\u00een stil PAS\u201d) vor fi \u00eenchise \u015fi accesul la versiunile lor pe Internet va fi blocat. Peste societatea moldoveneasc\u0103 se va l\u0103sa bezna informa\u0163ional\u0103, iar \u00eentunecimea informa\u0163ional\u0103 va fi reprezentat\u0103 de sursele proPAS, proMSandu, proUE. NIMIC altceva.<\/p>\n<p>ONG-urile r\u0103mase ast\u0103zi f\u0103r\u0103 finan\u0163are din cauza ne\u00eenscrierii lor \u00een agenda fascismului liberal vor fi \u00eenchise \u015fi ele: nu e nevoie de organiza\u0163ii care nu pot c\u00ee\u015ftiga granturi pentru promovarea proiectelor proPAS, proUE, proMSandu.<\/p>\n<p>Nu vor r\u0103m\u00eenea f\u0103r\u0103 aten\u0163ie nici partidele. Toate forma\u0163iunile politice care nu vor fi pro-regim vor fi declarate \u00een afara legii \u015fi desfiin\u0163ate. Iar activi\u015ftii de azi \u015fi de ieri ai unora dintre ele, dac\u0103 nu vor emigra de urgen\u0163\u0103 din \u0163ar\u0103, vor fi izola\u0163i prin \u00eenchisori.<\/p>\n<p>Nici organiza\u0163iile religioase nu vor izbuti s\u0103 scape de afi\u015farea loialit\u0103\u0163ii fa\u0163\u0103 de regimul fascist-liberal. Dar Mitropoliei Moldovei nu \u00eei va ajuta nici loialitatea, nici slug\u0103rnicia fa\u0163\u0103 de regim: ea va trebui s\u0103 treac\u0103 ori \u00een ilegalitate ca \u00een primele veacuri ale cre\u015ftinismului, ori s\u0103 se dizolve \u00een a\u015fa-numita \u201emitropolie a Basarabiei\u201d.<\/p>\n<p>Iar cet\u0103\u0163enii care nu \u00ee\u015fi vor confirma \u015fi reconfirma mereu loialitatea fa\u0163\u0103 de orice neghiobii ale regimului vor fi ori da\u0163i afar\u0103 din orice lucru, inclusiv de la priva\u0163i, ori lipsi\u0163i de orice mijloace de existen\u0163\u0103 (cu firmele lor \u00eenchise \u015fi\/sau confiscate), ori izola\u0163i prin pu\u015fc\u0103rii, ori b\u0103tu\u0163i crunt de bandele de unioni\u015fti \u015fi\/sau eurointegra\u0163ion\u015fti stil Msandu sau chiar omor\u00ee\u0163i \u00een b\u0103t\u0103i de c\u0103tre ace\u015ftia.<\/p>\n<p>Nu vor fi l\u0103sate \u00een pace nici \u00eentreprinderile, mai ales acele care nu s\u00eent de\u0163inute de c\u0103tre exponen\u0163ii regimului. Ele vor fi impuse s\u0103 fac\u0103 sumedenii de \u201edona\u0163ii\u201d \u00een folosul \u201eeurointegr\u0103rii\u201d cum ar fi mi\u015fc\u0103rile minoritarilor netradi\u0163ionali, ale forma\u0163iunilor para-militare unioniste sau eurointegra\u0163ioniste etc.<\/p>\n<p>Practic, vor dispare din spa\u0163iul public \u015fi, deseori, \u015fi din cel particular, to\u0163i cei, inclusiv entit\u0103\u0163ile juridice de orice gen, care nu sprijin\u0103 activ agenda \u015fi nara\u0163iunea oficial\u0103 a regimului liberal-fascist. To\u0163i cei care nu se vor \u00eenscrie cu pa\u015fi caden\u0163a\u0163i \u00een nara\u0163iunea regimului despre integrarea european\u0103 vor fi declara\u0163i \u00een mod \u201econstitu\u0163ional\u201d \u00een afara legii.<\/p>\n<p>Bine\u00een\u0163eles c\u0103, \u00een mod oficial, acest regim, ca \u015fi ast\u0103zi, nu se va numi dup\u0103 denumirea esen\u0163ei sale \u2013 fascismul liberal, \u2013 ci se va numi democra\u0163ie, democra\u0163ie european\u0103 sau oricum va fi o denumire asem\u0103n\u0103toare.<\/p>\n<h4><strong>Criticilor necritici<\/strong><\/h4>\n<p>Unii ar putea s\u0103 ne \u00eenvinuiasc\u0103 de abera\u0163ii pe teme social-politice, s\u0103 ne declare c\u0103 antiutopia descris\u0103 este un rod al unui creier inflamat. Pe ace\u015fti unii i-a\u015f ruga s\u0103 arunce o privire \u201epeste gard\u201d. Pentru regimul de la Kiev, instaurat prin lovitur\u0103 de stat de c\u0103tre oligarhia str\u0103in\u0103 \u00een februarie 2014, a fost nevoie de mai pu\u0163in de doi ani ca s\u0103 instituie un regim care a \u00eenf\u0103ptuit exact acele ac\u0163iuni care au fost descrise imediat mai sus. Nici o ac\u0163iune din cele descrise pentru nici o entitate numit\u0103 mai sus nu a lipsit din instrumentarul juridico-politic al regimului de la Kiev. \u201eUcrainizarea\u201d Moldovei \u00een toate sensurile politice, morale, geopolitice, sociale, culturale, economice nu are cum s\u0103 lipseasc\u0103 \u00een Moldova \u00een cazul \u00een care referendumul va izbuti s\u0103 atrag\u0103 mai mult de 33 % din num\u0103rul de aleg\u0103tori \u00eenscri\u015fi pe liste. De\u015fi, cunosc\u00eend viclenia \u015fi josnicia guvernan\u0163ilor PAS, putem admite c\u0103 vor socoti aceste 33 % de la un cu totul alt prag numeric. De falsificarea \u00een mas\u0103 a rezultatelor referendumului nici nu are rost s\u0103 pomenim.<\/p>\n<p><img fetchpriority=\"high\" decoding=\"async\" class=\"alignnone size-full wp-image-29858\" src=\"https:\/\/traditia.md\/wp-content\/uploads\/2024\/10\/4.1a.jpg\" alt=\"4.1\u0430\" width=\"750\" height=\"488\" srcset=\"https:\/\/traditia.md\/wp-content\/uploads\/2024\/10\/4.1a.jpg 750w, https:\/\/traditia.md\/wp-content\/uploads\/2024\/10\/4.1a-300x195.jpg 300w, https:\/\/traditia.md\/wp-content\/uploads\/2024\/10\/4.1a-585x381.jpg 585w\" sizes=\"(max-width: 750px) 100vw, 750px\" \/><\/p>\n<p>\u00cen concluzie. Prin acest referendum se va produce \u201elegalizarea\u201d regimului liberal-fascist.<\/p>\n<p>Orice alt\u0103 guvernare care va veni la putere, inclusiv prin metode neelectorale (cum ar fi revolta popular\u0103 \u00een form\u0103 de proteste non-stop sau alte forme echivalente de protest), dar care va anula \u201elegisla\u0163ia\u201d regimului, inclusiv rezultatele m\u0103sluite ale acestui pseudo-referendum \u015fi va reinstaura autoritatea \u00een fapt a actualei Constitu\u0163ii, va deveni deplin <em>legitim\u0103<\/em>. Iar dac\u0103 noua guvernare va deveni legitim\u0103, ea va aplica adev\u0103rata lege fa\u0163\u0103 de to\u0163i cei care au participat la acest referendum fie ca autori, fie ca organizatori, fie ca complici prin semn\u0103tura pus\u0103 pentru pseudo-buletinul \u201ereferendumului\u201d anticonstitu\u0163ional.<\/p>\n<p>Dar cu mult mai simplu este de <strong><em>a boicota<\/em><\/strong> acest referendum. Anume a boicota, dar nu de a participa la el sub pretextul c\u0103 vot\u0103m \u00eempotriva \u00eentreb\u0103rii puse \u00een buletinul criminal. Aceast\u0103 participare, inclusiv prin \u201eNu\u201d este crim\u0103, este complicitate la cea mai grav\u0103 crim\u0103 posibil\u0103, este tr\u0103dare de popor, de Patrie, de viitorul copiilor \u015fi nepo\u0163ilor no\u015ftri. Este o form\u0103 clar\u0103 de participare la etnocid. Cu efecte \u00een timp de genocid.<\/p>\n<p style=\"text-align: right;\"><strong><em>B. Moldoveanu<\/em><\/strong><\/p>\n","protected":false},"excerpt":{"rendered":"<p>PARTEA 1. \u201eIdentitatea european\u0103\u201d ca etnocid\u00a0 PARTEA 2. Integrare ireversibil\u0103 \u00een care UE?\u00a0 PARTEA 3. Cine va participa la referendum?\u00a0 Ideologia folosit\u0103&hellip;<\/p>\n","protected":false},"author":3,"featured_media":29860,"comment_status":"open","ping_status":"closed","sticky":false,"template":"","format":"standard","meta":{"_lmt_disableupdate":"","_lmt_disable":"","slim_seo":{"title":"Referendumul PAS versus Republica Moldova: A fi sau a nu (mai) fi - traditia.md","description":"PARTEA 1. \u201eIdentitatea european\u0103\u201d ca etnocid \u00a0 PARTEA 2. Integrare ireversibil\u0103 \u00een care UE? \u00a0 PARTEA 3. Cine va participa la referendum? \u00a0 Ideologia folosit\u0103 de"},"footnotes":""},"categories":[44,38],"tags":[],"class_list":["post-29857","post","type-post","status-publish","format-standard","has-post-thumbnail","hentry","category-actualitate","category-stiri"],"_links":{"self":[{"href":"https:\/\/traditia.md\/ro\/wp-json\/wp\/v2\/posts\/29857","targetHints":{"allow":["GET"]}}],"collection":[{"href":"https:\/\/traditia.md\/ro\/wp-json\/wp\/v2\/posts"}],"about":[{"href":"https:\/\/traditia.md\/ro\/wp-json\/wp\/v2\/types\/post"}],"author":[{"embeddable":true,"href":"https:\/\/traditia.md\/ro\/wp-json\/wp\/v2\/users\/3"}],"replies":[{"embeddable":true,"href":"https:\/\/traditia.md\/ro\/wp-json\/wp\/v2\/comments?post=29857"}],"version-history":[{"count":0,"href":"https:\/\/traditia.md\/ro\/wp-json\/wp\/v2\/posts\/29857\/revisions"}],"wp:featuredmedia":[{"embeddable":true,"href":"https:\/\/traditia.md\/ro\/wp-json\/wp\/v2\/media\/29860"}],"wp:attachment":[{"href":"https:\/\/traditia.md\/ro\/wp-json\/wp\/v2\/media?parent=29857"}],"wp:term":[{"taxonomy":"category","embeddable":true,"href":"https:\/\/traditia.md\/ro\/wp-json\/wp\/v2\/categories?post=29857"},{"taxonomy":"post_tag","embeddable":true,"href":"https:\/\/traditia.md\/ro\/wp-json\/wp\/v2\/tags?post=29857"}],"curies":[{"name":"wp","href":"https:\/\/api.w.org\/{rel}","templated":true}]}}