{"id":29824,"date":"2024-10-09T13:46:09","date_gmt":"2024-10-09T10:46:09","guid":{"rendered":"https:\/\/traditia.md\/?p=29824"},"modified":"2024-10-09T13:47:38","modified_gmt":"2024-10-09T10:47:38","slug":"referendumul-pas-versus-republica-moldova-a-fi-sau-a-nu-mai-fi-3","status":"publish","type":"post","link":"https:\/\/traditia.md\/ro\/referendumul-pas-versus-republica-moldova-a-fi-sau-a-nu-mai-fi-3\/","title":{"rendered":"Referendumul PAS versus Republica Moldova: A fi sau a nu (mai) fi"},"content":{"rendered":"<p><strong>PARTEA 1. <a href=\"https:\/\/traditia.md\/ro\/referendumul-pas-versus-republica-moldova-a-fi-sau-a-nu-mai-fi\/\">\u201eIdentitatea european\u0103\u201d ca etnocid<\/a><\/strong>\u00a0<\/p>\n<p><strong>PARTEA 2. <a href=\"https:\/\/traditia.md\/ro\/referendumul-pas-versus-republica-moldova-a-fi-sau-a-nu-mai-fi-2\/\">Integrare ireversibil\u0103 \u00een care UE<\/a><\/strong>?\u00a0<\/p>\n<p><strong><em>Mai este un aspect crucial. Acest referendum, a\u015fa dup\u0103 cum el este conceput, adoptat \u015fi promovat reprezint\u0103 un act profund anticonstitu\u0163ional, un atac direct \u00eempotriva suveranit\u0103\u0163ii poporului \u015fi a suveranit\u0103\u0163ii statului. Este un act descris \u00een Codul Penal \u00een mai multe articole. \u00cen aceste articole se prev\u0103d dintre cele mai mari sanc\u0163iuni.<\/em><\/strong><\/p>\n<p>Fiind un act criminal, participarea la el este la fel un act criminal. Este, cel pu\u0163in, un act de complicitate la cea mai grav\u0103 crim\u0103 \u00eentr-o societate democratic\u0103, \u00eentr-o societate \u00een care puterea de stat \u00ee\u015fi trage legitimitatea din suveranitatea poporului, iar din aceasta decurge suveranitatea statului ca principalul instrument de asigurare a suveranit\u0103\u0163ii poporului.<\/p>\n<p>Suveranitatea poporului este (1) dreptul \u015fi (2) capacitatea unui popor de a-\u015fi hot\u0103r\u00ee soarta, viitorul copiilor, nepo\u0163ilor \u015fi urma\u015filor acestora. Bine\u00een\u0163eles, nimeni nu vrea ca copiii \u015fi, \u00een general, to\u0163i urma\u015fii lor s\u0103 fie nenoroci\u0163i. Pe planeta P\u0103m\u00eent s\u00eent destul de pu\u0163ine popoare din cele circa 2500-3000 care dispun de propria suveranitate. \u015ei aceast\u0103 suveranitate nu se reduce la dreptul genera\u0163iilor \u00een via\u0163\u0103 de a hot\u0103r\u00ee <strong><em>\u00een nume propriu<\/em><\/strong> soarta \u00eentregului popor.<\/p>\n<p>Genera\u0163iile \u00een via\u0163\u0103 \u00ee\u015fi datoreaz\u0103 via\u0163a <strong>tuturor<\/strong> genera\u0163iilor premerg\u0103toare. Acelor genera\u0163ii care, unele mai bine, altele mai pu\u0163in bine, au asigurat d\u0103inuirea poporului concret, \u00een cazul nostru, d\u0103inuirea noastr\u0103 ca popor. Tot a\u015fa \u015fi genera\u0163iile \u00een via\u0163\u0103, \u00een numele tuturor genera\u0163iilor premerg\u0103toare, au datoria moral\u0103 \u015fi, prin Constitu\u0163ie \u2013 anume \u00een virtutea ap\u0103r\u0103rii suveranit\u0103\u0163ii poporului, \u015fi o datorie juridic\u0103, s\u0103 asigure d\u0103inuirea poporului respectiv.<\/p>\n<p>Dar cum, \u00een ce mod genera\u0163iile \u00een via\u0163\u0103 pot s\u0103 hot\u0103rasc\u0103 ceva \u00een numele tuturor genera\u0163iilor premerg\u0103toare? Foarte simplu: \u00een cazul \u00een care hot\u0103r\u00eerile genera\u0163iilor \u00een via\u0163\u0103 asigur\u0103 consolidarea valorilor identitare de care s-au condus <strong>toate<\/strong> genera\u0163iile de p\u00een\u0103 la ei \u015fi asigur\u0103 transmiterea acestor valori prin educa\u0163ie, prin a\u015fez\u0103mintele (institu\u0163iile) prin care func\u0163ioneaz\u0103 societatea dat\u0103, genera\u0163iilor imediat urm\u0103toare \u2013 copiilor \u015fi nepo\u0163ilor, \u015fi, dup\u0103 caz, str\u0103nepo\u0163ilor. Bine\u00een\u0163eles c\u0103, pentru a transmite aceste valori, mai \u00eent\u00eei trebuie s\u0103 le ai, adic\u0103 s\u0103 le fi <strong>cunoscut, \u00eensu\u015fit \u015fi \u00eemp\u0103rt\u0103\u015fit prin modul de via\u0163\u0103 <em>asumat<\/em><\/strong>.<\/p>\n<p>Astfel, atacul la suveranitatea poporului este un atac la existen\u0163a \u00eens\u0103\u015fi a poporului, este cea mai mare crim\u0103 care poate fi s\u0103v\u00eer\u015fit\u0103 de c\u0103tre cineva, persoan\u0103 sau grup de persoane, inclusiv de persoane organizate \u00een form\u0103 de partid \u015fi\/sau de grup criminal organizat. C\u0103ci genera\u0163iile de ast\u0103zi, mai exact cei care se vor \u00eencumeta s\u0103 ias\u0103 la referendum, \u00ee\u015fi asum\u0103 nelegiuirea moral\u0103 \u015fi juridic\u0103 de a scuipa pe toate genera\u0163iile premerg\u0103toare, de a le respinge, de a se lep\u0103da de ele \u00een schimbul unor minciuni sfruntate, neghioabe, ucig\u0103toare \u00een care poten\u0163ialii votan\u0163i au avut <strong>iresponsabilitatea de a crede \u015fi de a se \u00eencrede<\/strong>.<\/p>\n<p>Complicitatea la un asemenea act este extrem de grav\u0103. Iar regimul PAS am\u0103ge\u015fte, manipuleaz\u0103 cet\u0103\u0163enii, \u00een special pe adep\u0163ii s\u0103i care, de obicei, s\u00eent oameni creduli, f\u0103r\u0103 a-\u015fi pune \u00eentreb\u0103ri privind legitimitatea actelor \u00eenf\u0103ptuite de c\u0103tre cei \u00een care ei au \u00eencredere. Dar pe cine este cel mai u\u015for s\u0103 \u00eei min\u0163i? Sigur, pe cei care au \u00eencredere \u00een mincinos, \u00een cel viclean, \u00een manipulator. Deci minciuna regimului este \u00eendreptat\u0103 \u00eenainte de toate tocmai \u00eempotriva adep\u0163ilor PAS \u015fi, mai general, \u00eempotriva <strong>tuturor care doresc integrarea \u00een UE<\/strong>, a\u015fa-numita integrare european\u0103.<\/p>\n<p>Prin aceast\u0103 viclenie de referendum regimul PAS vrea s\u0103 \u00eei fac\u0103 complici pe to\u0163i adep\u0163ii s\u0103i \u015fi pe to\u0163i cei care se las\u0103 ademeni\u0163i de expresia mincinoas\u0103 \u201e\u00een vederea ader\u0103rii Republicii Moldova la UE\u201d. F\u0103c\u00eendu-i pe adep\u0163ii s\u0103i complici la crimele sale anticonstitu\u0163ionale, \u00eempotriva suveranit\u0103\u0163ii noastre ca popor \u015fi ca stat, regimul PAS vrea s\u0103 se ascund\u0103 \u00een dosul celor am\u0103gi\u0163i de el. Vrea, prin aceasta, s\u0103 \u00ee\u015fi decline r\u0103spunderea pentru crim\u0103, Iar c\u00eend va pierde alegerile va da vina pe \u201epopor\u201d, pe cei care, av\u00eend \u00eencredere \u00een PAS \u015fi\/sau \u00een \u201eintegrarea european\u0103\u201d, se vor l\u0103sa am\u0103gi\u0163i.<\/p>\n<p>Astfel, regimul cotropitor, uzurpator \u015fi nelegitim nu numai \u00eei am\u0103ge\u015fte pe adep\u0163ii s\u0103i, nu numai \u00eei face criminali prin atragerea lor la complicitatea \u00een aceast\u0103 crim\u0103, dar \u015fi \u00eei lipse\u015fte pe adep\u0163ii s\u0103i, ca \u015fi pe noi to\u0163i, de suveranitatea noastr\u0103. Ne lipse\u015fte de \u0162ar\u0103, de viitor, pentru noi \u015fi pentru copiii \u015fi nepo\u0163ii no\u015ftri. \u015ei o face aceasta prin crim\u0103 \u015fi cu m\u00eeinile celor pe care regimul poate s\u0103 \u00eei mint\u0103.<\/p>\n<p>Listele participan\u0163ilor la referendum se p\u0103streaz\u0103 cu toate semn\u0103turile celor care au semnat s\u0103 \u00ee\u015fi primeasc\u0103 buletinul de aleg\u0103tor pentru a participa prin vot la referendum. Prin aceast\u0103 semn\u0103tur\u0103, vrea omul dat sau nu vrea, el devine complice la crim\u0103 \u015fi intr\u0103 sub autoritatea Codului Penal. Nu se \u015ftie ce fel de guvernare va veni, \u015fi s-ar putea s\u0103 fie una neprincipial\u0103. O asemenea guvernare va folosi selectiv listele semnatarilor pentru primirea buletinului de vot la referendum \u015fi \u00een mod foarte legal, \u00een temeiul legii, \u00eei va putea atrage pe ace\u015fti semnatari la r\u0103spundere penal\u0103 care, pentru crim\u0103 \u00eempotriva suveranit\u0103\u0163ii poporului, este de la 20 de ani de pu\u015fc\u0103rie \u00een sus.<\/p>\n<p>Particip\u00eend la aceast\u0103 fars\u0103 anticonstitu\u0163ional\u0103, cet\u0103\u0163enii respectivi devin mult mai corup\u0163i, mai criminali dec\u00eet acei func\u0163ionari \u015fi\/sau judec\u0103tori, poli\u0163i\u015fti, procurori etc. care s\u00eent corup\u0163i. Acei func\u0163ionari care s\u00eent critica\u0163i \u015fi condamna\u0163i moral de c\u0103tre majoritatea celor care inten\u0163ioneaz\u0103 s\u0103 ia buletinul de vot pentru referendum. Lu\u00eend acest buletin nelegitim, ace\u015fti cet\u0103\u0163eni nu mai au nici un drept moral sau politic s\u0103 critice func\u0163ionarii corup\u0163i, c\u0103ci ace\u015fti cet\u0103\u0163eni devin mult mai periculo\u015fi pentru societate dec\u00eet orice corup\u0163i.<\/p>\n<p>Este extrem de important ca to\u0163i s\u0103 \u015ftie c\u0103 participarea anume la acest referendum este crim\u0103. Este crim\u0103 chiar dac\u0103 se voteaz\u0103 \u00eempotriva acelei \u00eentreb\u0103ri josnice \u015fi viclene. C\u0103ci votul \u00eenseamn\u0103 participare, participare la crim\u0103. Este, conform Constitu\u0163iei \u015fi Codului Penal, cea mai grav\u0103 crim\u0103 care poate fi comis\u0103 pe teritoriul Moldovei.<\/p>\n<h4><strong>\u00cen cine love\u015fte rezultatul referendumului promovat de c\u0103tre guvernare?<\/strong><\/h4>\n<p>Din aceast\u0103 scurt\u0103 analiz\u0103 rezult\u0103 clar primejdia existen\u0163ial\u0103 pentru noi to\u0163i ca cet\u0103\u0163eni ai acestei \u0162\u0103ri \u2013 inclusiv pentru cei care vor participa la referendum, inclusiv pentru cei care doresc integrarea european\u0103 \u015fi\/sau s\u00eent adep\u0163ii PAS \u2013 c\u0103 ni se fur\u0103 \u0162ara din m\u00eeinile noastre ca popor al ei: se lichideaz\u0103 suveranitatea noastr\u0103 care este consfin\u0163it\u0103 \u00een Constitu\u0163ie \u015fi care a fost declarat\u0103 ca cel mai important principiu al vie\u0163uirii noastre pe acest p\u0103m\u00eent \u00eenc\u0103 pe 23 iunie 1990. <strong>Anume \u00een temeiul acestei suveranit\u0103\u0163i a \u015fi fost declarat\u0103 independen\u0163a \u0162\u0103rii pe 27 august 1991<\/strong>.<\/p>\n<p>Iar prin acest referendum ni se anuleaz\u0103 acea suveranitate, acea temelie a independen\u0163ei noastre, a statului nostru, a Moldovei noastre. \u015ei odat\u0103 cu anularea suveranit\u0103\u0163ii, independen\u0163a devine o lozinc\u0103 de\u015fart\u0103, dup\u0103 cum devenise lozinc\u0103 de\u015fart\u0103 lozinca construc\u0163iei comunismului \u00een ultimii ani ai existen\u0163ei Uniunii Sovietice. De altfel, lozinca integr\u0103rii europene a \u00eenlocuit lozinca construc\u0163iei comunismului, f\u0103r\u0103 a deveni mai realist\u0103 sub aspect de oferire a celor promise de implementarea comunismului\/a integr\u0103rii europene.<\/p>\n<p>Primejdia este mortal\u0103 pentru noi ca locuitori ai acestui p\u0103m\u00eent c\u0103 ni se fur\u0103 dreptul de a tr\u0103i pe el, de a dispune de el, de a fi st\u0103p\u00eeni pe el. Acest drept ni se ia prin acest referendum criminal \u015fi se d\u0103 unor str\u0103ini, celor care finan\u0163eaz\u0103 ONG-urile din care s\u00eent recruta\u0163i to\u0163i func\u0163ionarii de frunte ai PAS \u2013 cei din Legislativ, cei din Executiv \u015fi cei\/cea de la Pre\u015fedin\u0163ie.<\/p>\n<p>Regimul PAS, ca \u015fi cel al predecesorilor lor \u2013 coali\u0163ia uzurpatoare PLDM-PD-PL din anii 2011-2019 \u2013 este un regim uzurpator care a uzurpat puterea de stat, mai exact a capturat statul \u015fi abuzeaz\u0103 \u00een cel mai anticonstitu\u0163ional mod \u00een exercitarea puterii sale.<\/p>\n<p>Acum, din perspectiva normelor constitu\u0163ionale de ast\u0103zi, regimul PAS este uzurpator \u015fi abuzator. Pentru a sc\u0103pa de r\u0103spunderea penal\u0103 \u015fi pentru a-\u015fi permanentiza aflarea anticonstitu\u0163ional\u0103 la putere, pentru a elimina orice fel de opozi\u0163ie politic\u0103, ideologic\u0103, economic\u0103, social\u0103, regimul PAS vrea, prin acest referendum anticonstitu\u0163ional s\u0103 legalizeze crimele sale \u00eempotriva suveranit\u0103\u0163ii poporului \u015fi a suveranit\u0103\u0163ii statului, crime care s\u00eent declarate \u00een Constitu\u0163ia actual\u0103 ca cele mai mari crime \u00eempotriva poporului.<\/p>\n<p>Aceast\u0103 crim\u0103 este incomparabil mai mare \u015fi mai grav\u0103 dec\u00eet omorul premeditat, dec\u00eet violul \u00een grup, dec\u00eet v\u00eenzarea \u00een robie a minorilor, dec\u00eet r\u0103pirea copiilor pentru organe, ritualuri satanice \u015fi crime sexuale. Este mai mare \u015fi mai grav\u0103, deoarece desfiin\u0163area \u00een fapt a suveranit\u0103\u0163ii unui popor condamn\u0103 acest popor \u00een persoana genera\u0163iilor \u00een via\u0163\u0103 \u015fi a celor viitoare la a suporta toate aceste crime individuale f\u0103r\u0103 putin\u0163a de a se ap\u0103ra de ele prin propriul efort, prin propria decizie, adic\u0103 prin propriul stat. O popula\u0163ie, un popor lipsit de suveranitate este \u00eentotdeauna la cheremul str\u0103inilor. Depinde de bun\u0103voin\u0163a str\u0103inilor. C\u0103ci atunci str\u0103inii s\u00eent st\u0103p\u00eeni \u00een casa acestui popor lipsit de suveranitate, atunci str\u0103inii hot\u0103r\u0103sc ce este \u015fi ce nu este crim\u0103, \u00eempotriva cui este crim\u0103 \u015fi \u00eempotriva cui acelea\u015fi fapte nu s\u00eent crim\u0103.<\/p>\n<h4><strong>Istoria are obiceiul de a se repeta, mai ales pentru cei care o ignor\u0103<\/strong><\/h4>\n<p>Astfel, dup\u0103 referendum, regimul cotropitor va confec\u0163iona un nou text de Constitu\u0163ie. La sigur, principalele norme ale noii Constitu\u0163ii s\u00eent deja formulate de c\u0103tre proprietarii str\u0103ini ai PAS \u015fi care le vor fi \u00eenm\u00eenate PAS-i\u015ftilor de la guvernare spre implementare. \u015ei astfel ne vom pomeni cu noua \u201econstitu\u0163ie\u201d c\u0103 repet\u0103m anul 1938.<\/p>\n<p>S\u0103 reamintim c\u0103 \u00een acel an popula\u0163ia Rom\u00e2niei s-a culcat pe 10 februarie 1938 \u00eentr-un stat democratic, iar pe 11 februarie s-au trezit \u00eentr-un stat totalitar, fascist. \u201e\u00cen timp de zece luni, Carol al II-lea a distrus baza constitu\u0163ional\u0103 a vechiului regim dar nu a reu\u015fit s\u0103 creeze o alternativ\u0103 a puterii. Pe 11 februarie 1938 a introdus starea de asediu pe tot cuprinsul \u0163\u0103rii. Conform acestui Decret, autorit\u0103\u0163ile militare erau \u00eemputernicite \u00abde a cenzura presa \u015fi orice publica\u0163iuni, av\u00e2nd dreptul de a \u00eempiedica apari\u0163ia oric\u0103rui ziar sau publica\u0163ie\u00bb. O zi mai t\u00e2rziu a fost revocat\u0103 convocarea Parlamentului. Pe 20 martie a fost \u00eenlocuit\u0103 Constitu\u0163ia din 1923 cu o alta nou\u0103 bazat\u0103 pe principii corporatiste \u015fi care concentra puterea \u00een m\u00e2inile regelui. <strong>De\u015fi a fost supus\u0103 unui plebiscit, Constitu\u0163ia nu emana de la na\u0163iune ci invers, de la puterea executiv\u0103. Nu s-a respectat nici modalitatea legal\u0103 de revizuire a vechii Constitu\u0163ii<\/strong>\u201d<em>[5]<\/em>.<\/p>\n<p>Astfel, printr-un decret regal au fost suspendate toate legile politice \u015fi electorale, toate partidele au fost desfiin\u0163ate, drepturile cet\u0103\u0163ene\u015fti au fost suspendate. Partidele care f\u0103ceau parte din sistemul politic oficial al Rom\u00e2niei, acel sistem care ap\u0103ra interesele corpora\u0163iilor str\u0103ine, europene, au intrat, prin decret, toate \u00eentr-un singur partid al regelui \u2013 Partidul Rena\u0219terii Na\u0163ionale. Iar mi\u015fc\u0103rile politice care nu f\u0103ceau parte din acest sistem au fost lichidate prin executarea\/omor\u00eerea prin \u00eempu\u015fcare \u00een strad\u0103 sau prin g\u00eetuire f\u0103r\u0103 judecat\u0103 a sute de conduc\u0103tori de partid, iar membrii acelor mi\u015fc\u0103ri \u2013 de la 12 mii la 30 de mii, inclusiv preo\u0163i, savan\u0163i, ziari\u015fti, \u0163\u0103rani \u015fi al\u0163ii, au fost \u00eenchi\u015fi \u00een zeci de lag\u0103re de concentrare.<\/p>\n<p>Cu viitoarea \u201econstitu\u0163ie\u201d, criminalii de la putere vor avea \u201edreptul\u201d s\u0103 fac\u0103 acela\u015fi lucru ca \u015fi regele Rom\u00e2niei, doar c\u0103 deja nu prin decret regal, ci prin decret preziden\u0163ial. Asta e toat\u0103 deosebirea. Dup\u0103 cum regele-derbedeu de atunci, cum era el numit de c\u0103tre patrio\u0163ii \u0163\u0103rii, era doar o marionet\u0103 \u00een m\u00eeinile oligarhiei str\u0103ine, tot a\u015fa \u015fi acum la Pre\u015fedin\u0163ia \u0162\u0103rii avem o marionet\u0103 a <em>aceleia\u015fi<\/em> oligarhii str\u0103ine. Plus mai avem 56 de marionete mai mici, dar nu mai\u00a0pu\u0163in docile \u0219i de primejdioase \u00een Parlament, mai avem altele la Guvern, la conducerea tuturor ministerelor \u015fi agen\u0163iilor de stat, prin ambasade \u015fi alte institu\u0163ii de stat, inclusiv prin ramura judec\u0103toreasc\u0103 a puterii.<\/p>\n<p>Prin participarea la acest referendum votan\u0163ii respectivi se aseam\u0103n\u0103 acelor aleg\u0103tori din Germania anului 1933 care au votat venirea la putere a partidului nazist al lui Hitler \u2013 Partidul Na\u0163ional-Socialist Muncitoresc German. Atunci fasci\u015ftii germani au ajuns la putere prin alegeri parlamentare, iar acum, indivizii cu <em>aceea\u015fi<\/em> ideologie, ni\u0163el modernizat\u0103, se vor \u00eenr\u0103d\u0103cina la c\u00eerma \u0162\u0103rii prin acest referendum criminal. Deosebirea dintre aceste dou\u0103 categorii de aleg\u0103tori nu exist\u0103.<\/p>\n<p>______________________________________________________\u00a0<\/p>\n<p><em>[5]<\/em> <a href=\"https:\/\/www.researchgate.net\/publication\/44848716_Originea_si_infiintarea_Frontului_Renasterii_Nationale\">https:\/\/www.researchgate.net\/publication\/44848716_Originea_si_infiintarea_Frontului_Renasterii_Nationale<\/a><\/p>\n<p style=\"text-align: right;\"><strong><em>B. Moldoveanu<\/em><\/strong><\/p>\n<p style=\"text-align: center;\"><strong><em>Va urma<\/em><\/strong><\/p>\n","protected":false},"excerpt":{"rendered":"<p>PARTEA 1. \u201eIdentitatea european\u0103\u201d ca etnocid\u00a0 PARTEA 2. Integrare ireversibil\u0103 \u00een care UE?\u00a0 Mai este un aspect crucial. Acest referendum, a\u015fa dup\u0103&hellip;<\/p>\n","protected":false},"author":3,"featured_media":29825,"comment_status":"open","ping_status":"closed","sticky":false,"template":"","format":"standard","meta":{"_lmt_disableupdate":"","_lmt_disable":"","slim_seo":{"title":"Referendumul PAS versus Republica Moldova: A fi sau a nu (mai) fi - traditia.md","description":"PARTEA 1. \u201eIdentitatea european\u0103\u201d ca etnocid \u00a0 PARTEA 2. Integrare ireversibil\u0103 \u00een care UE ?\u00a0 Mai este un aspect crucial. Acest referendum, a\u015fa dup\u0103 cum el este"},"footnotes":""},"categories":[44,38],"tags":[],"class_list":["post-29824","post","type-post","status-publish","format-standard","has-post-thumbnail","hentry","category-actualitate","category-stiri"],"_links":{"self":[{"href":"https:\/\/traditia.md\/ro\/wp-json\/wp\/v2\/posts\/29824","targetHints":{"allow":["GET"]}}],"collection":[{"href":"https:\/\/traditia.md\/ro\/wp-json\/wp\/v2\/posts"}],"about":[{"href":"https:\/\/traditia.md\/ro\/wp-json\/wp\/v2\/types\/post"}],"author":[{"embeddable":true,"href":"https:\/\/traditia.md\/ro\/wp-json\/wp\/v2\/users\/3"}],"replies":[{"embeddable":true,"href":"https:\/\/traditia.md\/ro\/wp-json\/wp\/v2\/comments?post=29824"}],"version-history":[{"count":0,"href":"https:\/\/traditia.md\/ro\/wp-json\/wp\/v2\/posts\/29824\/revisions"}],"wp:featuredmedia":[{"embeddable":true,"href":"https:\/\/traditia.md\/ro\/wp-json\/wp\/v2\/media\/29825"}],"wp:attachment":[{"href":"https:\/\/traditia.md\/ro\/wp-json\/wp\/v2\/media?parent=29824"}],"wp:term":[{"taxonomy":"category","embeddable":true,"href":"https:\/\/traditia.md\/ro\/wp-json\/wp\/v2\/categories?post=29824"},{"taxonomy":"post_tag","embeddable":true,"href":"https:\/\/traditia.md\/ro\/wp-json\/wp\/v2\/tags?post=29824"}],"curies":[{"name":"wp","href":"https:\/\/api.w.org\/{rel}","templated":true}]}}