{"id":29707,"date":"2024-10-06T11:32:01","date_gmt":"2024-10-06T08:32:01","guid":{"rendered":"https:\/\/traditia.md\/?p=29707"},"modified":"2024-10-06T11:33:04","modified_gmt":"2024-10-06T08:33:04","slug":"da-ne-doamne-pace-dragoste-si-buna-intelegere","status":"publish","type":"post","link":"https:\/\/traditia.md\/ro\/da-ne-doamne-pace-dragoste-si-buna-intelegere\/","title":{"rendered":"D\u0103-ne, Doamne, pace, dragoste \u0219i bun\u0103 \u00een\u021belegere"},"content":{"rendered":"<p><strong>Conform binecuv\u00e2nt\u0103rii \u00cenaltpreasfin\u021bitului mitropolit Vladimir, s\u00e2mb\u0103t\u0103, 5 octombrie 2024, dup\u0103 Sf\u00e2nta Liturghie s\u0103v\u00e2r\u0219it\u0103 la M\u0103n\u0103stirea Ciuflea cu hramul \u201eSf\u00e2ntul Mare Mucenic Teodor Tiron\u201d din Chi\u0219in\u0103u, ierarhii, preo\u021bii, ob\u0219tea monahal\u0103 \u0219i credincio\u0219ii prezen\u021bi la slujb\u0103 au mers \u00een procesiune spre Complexul Memorial \u201eEternitate\u201d.<\/strong><\/p>\n<p>Aici a fost s\u0103v\u00e2r\u0219it un Parastas pentru to\u021bi osta\u0219ii c\u0103zu\u021bi pe c\u00e2mpurile de lupt\u0103 din toate timpurile pentru ap\u0103rarea credin\u021bei, \u021b\u0103rii \u0219i a neamului.<\/p>\n<p>To\u021bi cei prezen\u021bi au mers pedestru, av\u00e2nd \u00een m\u00e2ini cruci, icoane \u0219i stegule\u021be.<\/p>\n<p>Dumnezeu s\u0103 binecuv\u00e2nteze binecredinciosul popor \u0219i \u021bara noastr\u0103 cu pace, dragoste \u0219i bun\u0103 \u00een\u021belegere!<\/p>\n<p style=\"text-align: right;\"><em>Sursa: <a href=\"https:\/\/mitropolia.md\/la-chisinau-a-avut-loc-procesiunea-drumul-crucii-al-pacii-si-al-unitatii-bisericii\/?fbclid=IwY2xjawFu8VVleHRuA2FlbQIxMQABHeaQfsAY_pS5mwY0ySbuWxe0TGV0_yZZnNArnspBber_bj4vMF3f48RegQ_aem_WgWpnIAjzp-zrn43c9STwg\"><strong>Mitropolia Chi\u0219in\u0103ului \u0219i a \u00eentregii Moldove<\/strong><\/a><\/em><\/p>\n","protected":false},"excerpt":{"rendered":"<p>Conform binecuv\u00e2nt\u0103rii \u00cenaltpreasfin\u021bitului mitropolit Vladimir, s\u00e2mb\u0103t\u0103, 5 octombrie 2024, dup\u0103 Sf\u00e2nta Liturghie s\u0103v\u00e2r\u0219it\u0103 la M\u0103n\u0103stirea Ciuflea cu hramul \u201eSf\u00e2ntul Mare Mucenic Teodor&hellip;<\/p>\n","protected":false},"author":3,"featured_media":29705,"comment_status":"open","ping_status":"closed","sticky":false,"template":"","format":"standard","meta":{"_lmt_disableupdate":"","_lmt_disable":"","slim_seo":{"title":"D\u0103-ne, Doamne, pace, dragoste \u0219i bun\u0103 \u00een\u021belegere - traditia.md","description":"Conform binecuv\u00e2nt\u0103rii \u00cenaltpreasfin\u021bitului mitropolit Vladimir, s\u00e2mb\u0103t\u0103, 5 octombrie 2024, dup\u0103 Sf\u00e2nta Liturghie s\u0103v\u00e2r\u0219it\u0103 la M\u0103n\u0103stirea Ciuflea cu hramul \u201eSf\u00e2"},"footnotes":""},"categories":[40,38],"tags":[],"class_list":["post-29707","post","type-post","status-publish","format-standard","has-post-thumbnail","hentry","category-apararea-credintei","category-stiri"],"_links":{"self":[{"href":"https:\/\/traditia.md\/ro\/wp-json\/wp\/v2\/posts\/29707","targetHints":{"allow":["GET"]}}],"collection":[{"href":"https:\/\/traditia.md\/ro\/wp-json\/wp\/v2\/posts"}],"about":[{"href":"https:\/\/traditia.md\/ro\/wp-json\/wp\/v2\/types\/post"}],"author":[{"embeddable":true,"href":"https:\/\/traditia.md\/ro\/wp-json\/wp\/v2\/users\/3"}],"replies":[{"embeddable":true,"href":"https:\/\/traditia.md\/ro\/wp-json\/wp\/v2\/comments?post=29707"}],"version-history":[{"count":0,"href":"https:\/\/traditia.md\/ro\/wp-json\/wp\/v2\/posts\/29707\/revisions"}],"wp:featuredmedia":[{"embeddable":true,"href":"https:\/\/traditia.md\/ro\/wp-json\/wp\/v2\/media\/29705"}],"wp:attachment":[{"href":"https:\/\/traditia.md\/ro\/wp-json\/wp\/v2\/media?parent=29707"}],"wp:term":[{"taxonomy":"category","embeddable":true,"href":"https:\/\/traditia.md\/ro\/wp-json\/wp\/v2\/categories?post=29707"},{"taxonomy":"post_tag","embeddable":true,"href":"https:\/\/traditia.md\/ro\/wp-json\/wp\/v2\/tags?post=29707"}],"curies":[{"name":"wp","href":"https:\/\/api.w.org\/{rel}","templated":true}]}}