{"id":29687,"date":"2024-10-05T11:28:50","date_gmt":"2024-10-05T08:28:50","guid":{"rendered":"https:\/\/traditia.md\/?p=29687"},"modified":"2024-10-05T14:20:49","modified_gmt":"2024-10-05T11:20:49","slug":"referendumul-pas-versus-republica-moldova-a-fi-sau-a-nu-mai-fi","status":"publish","type":"post","link":"https:\/\/traditia.md\/ro\/referendumul-pas-versus-republica-moldova-a-fi-sau-a-nu-mai-fi\/","title":{"rendered":"Referendumul PAS versus Republica Moldova: A fi sau a nu (mai) fi"},"content":{"rendered":"<p><strong>Pe 20 octombrie 2024 cet\u0103\u0163enii RM s\u00eent chema\u0163i de c\u0103tre partidul de guvern\u0103m\u00eent PAS, partidul care de\u0163ine majoritatea parlamentar\u0103 simpl\u0103, s\u0103 se expun\u0103 la referendum. Acest referendum ne propune s\u0103 accept\u0103m sau s\u0103 respingem urm\u0103toarea \u00eentrebare: \u201eSus\u021bine\u021bi modificarea Constitu\u021biei \u00een vederea ader\u0103rii Republicii Moldova la UE?\u201d[1]<\/strong><\/p>\n<h4><strong>Analiza formul\u0103rii \u00eentreb\u0103rii propuse la referendum<\/strong><\/h4>\n<p>Formularea dat\u0103 este \u00eentru totul manipulatorie, viclean\u0103 (ca \u015fi \u00eentreaga guvernare), deoarece nu este vorba, de fapt, de procesul de aderare a RM la UE, ci de modificarea Constitu\u0163iei <strong><em>\u00een vederea<\/em><\/strong> ader\u0103rii RM la UE. Totodat\u0103, ni se propune textul care urmeaz\u0103 a fi introdus \u00een Constitu\u0163ie.<\/p>\n<p>Expresia <em>\u201e\u00een vederea\u201d<\/em> \u00eenseamn\u0103, potrivit dic\u0163ionarelor explicative, \u201ecu scopul\u201d, \u201epentru\u201d. Este vorba, deci, de a modifica Constitu\u0163ia pentru a adera la UE. Astfel, referendumul nu este despre a adera sau a nu adera la UE, ci despre <strong>modificarea Constitu\u0163iei<\/strong> <em>sub pretextul<\/em> ader\u0103rii la UE.<\/p>\n<p>Proiectul de modificare a Constitu\u021biei Republicii Moldova prevede completarea Constitu\u021biei cu dou\u0103 alineate noi, prin care \u201ese reconfirm\u0103 <strong><em>identitatea european\u0103 a poporului Republicii Moldova<\/em><\/strong>\u201d \u0219i \u201e<strong><em>ireversibilitatea parcursului european al \u021b\u0103rii noastre<\/em><\/strong>\u201d[2].<\/p>\n<p>Aceast\u0103 formulare este o mare minciun\u0103: <strong>nu exist\u0103 o identitate european\u0103<\/strong>. Identitatea colectiv\u0103 a unor comunit\u0103\u0163i umane se formeaz\u0103 pe parcursul genera\u0163iilor \u015fi este vorba de <em>identitatea etno-cultural\u0103<\/em>. Iar aceast\u0103 identitate se cl\u0103de\u015fte din genera\u0163ie \u00een genera\u0163ie pe o temelie <strong><u>\u00eentotdeauna de tip religios<\/u><\/strong>. Care este aceast\u0103 temelie a presupului \u201eeuropenism\u201d care s\u0103 fie proprie tuturor \u201eeuropenilor\u201d?<\/p>\n<p>Nu exist\u0103 o limb\u0103 matern\u0103 proprie tuturor europenilor. Nu exist\u0103 un trecut istoric propriu tuturor europenilor, adic\u0103 nu exist\u0103 <em>acelea\u015fi<\/em> evenimente cruciale, definitorii pentru o <em>aceea\u015fi<\/em> configurare a istoriei <em>tuturor<\/em> genera\u0163iior de europeni. Nu exist\u0103 nici o temelie religioas\u0103 comun\u0103. Dac\u0103 cineva ar spune c\u0103 ar fi Cre\u015ftinismul, atunci ce se are \u00een vedere \u00een acest caz? Ortodoxia, Catolicismul? Protestantismul cu cele circa 8000 de versiuni ale sale reciproc incompatibile? Monofizitismul armeano-copto-etiopean (asiatico-african)? Nici una dintre aceste religii, toate reciproc incompatibile \u00een esen\u0163a lor, nu constituie temelia comun\u0103 a unui europenism inexistent.<\/p>\n<p>Ba mai mult: UE a respins orice men\u0163ionare a presupuselor \u201er\u0103d\u0103cini cre\u015ftine\u201d ale Europei moderne. \u015ei bine a f\u0103cut, deoarece Europa modern\u0103 constituie prin sine, prin <em>toate<\/em> institu\u0163iile sale, <strong>o negare categoric\u0103 \u015fi absolut\u0103 a Cre\u015ftinismului<\/strong>. Chiar \u015fi recenta deschidere a Jocurilor Olimpice de la Paris, nemaivorbind de <em>Eurovision<\/em>, arat\u0103 \u00een mod ostentativ, ap\u0103sat, dictatorial care este esen\u0163a identit\u0103\u0163ii europene: <strong>anticre\u015ftinismul, cre\u015ftinofobia.<\/strong><\/p>\n<p>Exist\u0103, de altfel, numeroase studii \u015ftiin\u0163ifice privind simbolistica de-a dreptul satanic\u0103 a tuturor \u00eensemnelor oficiale ale UE, \u00eencep\u00eend chiar cu arhitectura sediului UE de la Bruxelles care reproduce cu exactitate imaginea Turnului Babel de pe pictura medieval\u0103 a lui Bosh. Iar Turnul Babel este simbolul respingerii lui Dumnezeu, a r\u0103scoalei \u00eempotriva Lui, urm\u00eend r\u0103zvr\u0103tirea lui satan \u00eempotriva lui Dumnezeu. Prin simbolistica sa, UE afi\u015faz\u0103 ostentativ r\u0103zboiul s\u0103u \u00eempotriva Sfintei Treimi, a lui Iisus Hristos. Cum spunea un cleric din Rom\u00e2nia: <em>a intra \u00een Europa \u00eenseamn\u0103 a ie\u015fi din Ortodoxie<\/em>. O afirma\u0163ie pe c\u00eet de exact\u0103, pe at\u00eet de adev\u0103rat\u0103.<\/p>\n<p><img fetchpriority=\"high\" decoding=\"async\" class=\"alignnone size-full wp-image-29692\" src=\"https:\/\/traditia.md\/wp-content\/uploads\/2024\/10\/turnul_babel_12.jpg\" alt=\"Turnul Babel 12\" width=\"750\" height=\"421\" srcset=\"https:\/\/traditia.md\/wp-content\/uploads\/2024\/10\/turnul_babel_12.jpg 750w, https:\/\/traditia.md\/wp-content\/uploads\/2024\/10\/turnul_babel_12-300x168.jpg 300w, https:\/\/traditia.md\/wp-content\/uploads\/2024\/10\/turnul_babel_12-585x328.jpg 585w\" sizes=\"(max-width: 750px) 100vw, 750px\" \/><\/p>\n<p>Dar poate o fi vorba de vreo <em>identitate geografic\u0103<\/em>? Dar oare kalm\u00eecii care locuiesc \u00een bazinul inferior al Volg\u0103i, fiind mongoloizi ca ras\u0103 \u015fi budi\u015fti ca credin\u0163\u0103, tr\u0103ind de veacuri \u00een Europa geografic\u0103, se consider\u0103 europeni? Sau ciuva\u015fii ortodoc\u015fi, sau ba\u015fkirii \u015fi t\u0103tarii musulmani, to\u0163i de limbi turcice, se consider\u0103 europeni? Nimeni dintre ei nu se consider\u0103 european.<\/p>\n<p>Dar poate este vorba de o <em>identitate rasial\u0103<\/em>? Europeoizii? Dar istoria omenirii nu cunoa\u015fte cazuri de identit\u0103\u0163i construite pe vreo apartenen\u0163\u0103 rasial\u0103. Singurul caz \u015fi acesta recent de nici o sut\u0103 de ani, \u00een care s-a \u00eencercat construirea unei identit\u0103\u0163i rasiale, a fost cazul Germaniei naziste. \u015etim cu to\u0163ii ce a \u00eensemnat pentru nem\u0163i \u015fi non-nem\u0163i aceast\u0103 politic\u0103 identitar\u0103 a europenismului rasial.<\/p>\n<p>Sau poate prin identitatea rasial\u0103 european\u0103 se are \u00een vedere acel amestec de ne\u00eenchipuit \u015fi de nesupravie\u0163uit de rase care acum a devenit \u00een UE o politic\u0103 de stat? <strong><em>Metisarea,<\/em><\/strong> ca politic\u0103 de stat a UE, prin aducerea \u015fi impunerea popoarelor istorice europene a milioanelor de migran\u0163i din Asia \u015fi Afirca, dizolv\u00eend rasa europeoizilor, neag\u0103 vreo identitate rasial\u0103. Ce comun are identitatea istoric\u0103 a moldovenilor sau a oric\u0103ror altor popoare <em>geografic<\/em> euopene cu aceast\u0103 nou\u0103 politic\u0103 identitar\u0103 eurorasial\u0103? Nimic. Chiar dimpotriv\u0103.<\/p>\n<p>Atunci ce fel de identitate european\u0103 \u2013 colectiv\u0103 \u015fi istoric\u0103, care s\u0103 nu fie nici religioas\u0103, nici etno-cultural\u0103, nici geografic\u0103, nici rasial\u0103 \u2013 se are \u00een vedere \u00een aceast\u0103 modificare la Constitu\u0163ie pe care o propune la referendum guvernarea de azi? F\u0103r\u0103 a defini strict, \u00een termeni etno-culturali \u015fi istorici con\u0163inutul acestei identit\u0103\u0163i, propunerea aceasta devine o co\u0163c\u0103rie, o minciun\u0103, o manipulare, o viclenie. Oare Constitu\u0163ia actual\u0103 define\u015fte cumva identitatea poporului Moldovei? De ce atunci aceast\u0103 guvernare foarte provizorie \u015fi, dup\u0103 cum vom vedea, deplin nelegitim\u0103, ne impune o identitate, un <em>rost existen\u0163ial<\/em> care nu are nici un con\u0163inut \u015fi nici un reper nici \u00een istoria noastr\u0103 ca popor, nici \u00een istoria ocic\u0103rui popor din Europa?<\/p>\n<p>Chiar numai \u015fi prin aceasta referendumul dat este anticonstitu\u0163ional. Este un referendum criminal.<\/p>\n<h4><strong>\u201eIdentitatea european\u0103\u201d ca etnocid<\/strong><\/h4>\n<p><img decoding=\"async\" class=\"size-full wp-image-29688 alignleft\" src=\"https:\/\/traditia.md\/wp-content\/uploads\/2024\/10\/1a12.jpg\" alt=\"1\u043012\" width=\"300\" height=\"531\" srcset=\"https:\/\/traditia.md\/wp-content\/uploads\/2024\/10\/1a12.jpg 300w, https:\/\/traditia.md\/wp-content\/uploads\/2024\/10\/1a12-169x300.jpg 169w\" sizes=\"(max-width: 300px) 100vw, 300px\" \/>Pornind de la discursul neoliberal profesat \u00een forurile supreme ale UE \u015fi \u00een toate publica\u0163iile institu\u0163ionale ale UE, \u00een\u0163elegem c\u0103 prin \u201eidentitate european\u0103\u201d se are \u00een vedere o identitate politic\u0103 anistoric\u0103, acultural\u0103, atradi\u0163ional\u0103, asem\u0103n\u0103toare cu \u201ehomo sovieticus\u201d \u00een cel mai plat \u015fi tro\u0163kist\/marxist sens sau, \u00een mod identic, asem\u0103n\u0103toare cu \u201ehomo americanus\u201d \u2013 o identitate non-rasial\u0103 sau pluri-rasial\u0103, f\u0103r\u0103 vreo dimensiune etno-cultural\u0103 sau istoric\u0103 sub aspect religios sau etno-cultural. Este vorba, de fapt, de confec\u0163ionarea prin tehnologii socio-informa\u0163ionale (inclusiv <em>educa\u0163ionale<\/em> \u015fi <em>mediatice<\/em>), a unei identit\u0103\u0163i non-colective, dar <em>comune<\/em> tuturor prin faptul \u00eenstr\u0103in\u0103rii totale de identit\u0103\u0163ile istorice ale fiec\u0103rui \u015fi ale tuturor popoarelor istorice ale Europei geografice, mai exact, ale acelor popoare care s\u00eent cuprinse \u00een sistemul politic al UE. O asemenea politic\u0103 de <em>desfiin\u0163are a identit\u0103\u0163ilor etnice<\/em> se nume\u015fte, oficial, <strong>etnocid<\/strong>.<\/p>\n<p>&nbsp;<\/p>\n<p>A consfin\u0163i \u00een Constitu\u0163ie un termen fundamental, definitoriu pentru toate celelalte articole\/norme de nivel constitu\u0163ional, deci \u015fi pentru \u00eentreaga legisla\u0163ie a \u0162\u0103rii, f\u0103r\u0103 a-i da o defini\u0163ie complet\u0103 \u015fi necontradictorie, mai ales necontradictorie cu identitatea real\u0103, cea istoric\u0103 a poporului nostru, a grupurilor etno-cultrale conlocuitoare (g\u0103g\u0103uzi, bulgari, ucraineni, ru\u015fi), este o co\u0163c\u0103rie de nivel existen\u0163ial pentru istoria poporului nostru. Iar co\u0163c\u0103ria de un asemenea nivel \u2013 cel existen\u0163ial \u2013 este proprie numai diavolului. Un termen juridic (cum este orice termen folosit \u00een Constitu\u0163ie) f\u0103r\u0103 un con\u0163inut definit riguros nu poate fi folosit dec\u00eet pentru manipulare, pentru satisfacerea nelegal\u0103 \u015fi nelegitim\u0103 a unor interese <em>oculte<\/em> (ascunse, secrete, t\u0103inuite) \u015fi situa\u0163ionale.<\/p>\n<p>O asemenea modificare a Constitu\u0163iei desfiin\u0163eaz\u0103 Constitu\u0163ia \u00eens\u0103\u015fi \u015fi o transform\u0103 \u00een b\u00eet\u0103 de nimicire a poporului nostru ca identitate. Iar nimicirea identit\u0103\u0163ii unui popor, dup\u0103 cum \u015ftim, se nume\u015fte <em>etnocid<\/em>. Etnocidul are drept scop nimicirea, scoaterea din istorie, f\u0103r\u0103 metode violente, a unui popor. Dar rezultatul etnocidului este acela\u015fi ca \u015fi cel al <em>genocidului<\/em>, doar c\u0103 pentru etnocid este nevoie de mai mult de trei genera\u0163ii (c\u00eete s\u00eent maxim necesare pentru genocid).<\/p>\n<p>Nici un cre\u015ftin din Moldova nu poate spune c\u0103 el este european. Noi s\u00eentem cre\u015ftini, nu europeni. Noi s\u00eentem ortodoc\u015fi, nu europeni. Conducerea politic\u0103 a UE a respins prin vot orice referin\u0163\u0103 la Cre\u015ftinism ca origine a valorilor UE, men\u0163ion\u00eend numai p\u0103g\u00eenismul antic grec \u015fi roman. Dar \u015fi \u00eentreaga legisla\u0163ie a UE are un caracter absolut anticre\u015ftin, fiind interzis\u0103 purtarea la vedere la servicuu a cruciuli\u0163ei, iar, deseori, \u015fi sub hain\u0103. Promovarea sodomiei ca politic\u0103 de stat a UE \u015fi impunerea acesteia \u00een legisla\u0163ia tuturor \u0163\u0103rior-membre a UE este un fapt arhicunoscut.<\/p>\n<p>Prin asemenea modificare a Constitu\u0163iei to\u0163i cre\u015ftinii din Moldova s\u00eent declara\u0163i automat \u00een afara legii. \u00cen ce mod? Prin simplul fapt c\u0103 numai <em>identitatea european\u0103<\/em>, cea a UE, este declarat\u0103 ca singura identitate a poporului Moldovei: \u201eidentitatea european\u0103 a poporului Moldovei\u201d. Dar noi, cre\u015ftinii, dar nu numai, nu s\u00eentem mo\u015ftenitori ai p\u0103g\u00eenismului antic greco-roman \u015fi nici nu sprijinim sodomia \u00een general, nu numai ca politic\u0103 de stat \u00een UE, promovarea \u015fi acceptarea sodomiei fiind o \u00eensu\u015fire obligatorie a identit\u0103\u0163ii europene. Astfel, prin impunerea la nivel constitu\u0163ional a unei identit\u0103\u0163i monopoliste, incompatibile cu identitatea cre\u015ftineasc\u0103, cu identitatea istoric\u0103 a poporului nostru, scoate \u00een afara c\u00eempului constitu\u0163ional identitatea cre\u015ftineasc\u0103, identitatea noastr\u0103 de om.<\/p>\n<p>\u00cen cel mai bun caz, cre\u015ftinii \u201evor beneficia\u201d de statutul de minoritate exotic\u0103, f\u0103r\u0103 drept de a vota: doar noi, cre\u015ftinii, noi, moldovenii, nu vom mai face parte din \u201epoporul european\u201d al Moldovei. Nefiind membri ai poporului \u201eeuropean\u201d al Moldovei, membri ai c\u0103rui popor devenim noi? Doar, potrivit noii \u201econstitu\u0163ii\u201d impuse prin acest referendum anticonstitu\u0163ional noi, moldovenii, cre\u015ftinii, neav\u00eend identitate european\u0103, nu mai facem parte din noul \u201epopor al Moldovei\u201d. Nef\u0103c\u00eend parte din el, cum s\u0103 devenim cet\u0103\u0163eni ai RM, adic\u0103 membri ai acestui nou \u201epopor al Moldovei\u201d, dec\u00eet lep\u0103d\u00eendu-ne de Hristos, de identitatea noastr\u0103 de cre\u015ftini. Dar noi nu ne vom lep\u0103da. \u015ei atunci, resping\u00eend cu toat\u0103 fiin\u0163a noastr\u0103 identitatea european\u0103, cum s\u0103 fim accepta\u0163i de c\u0103tre \u201estatul\u201d Republica Moldova? Plas\u00eendu-ne, prin acest referendum, pe noi, cre\u015ftinii, \u00een afara spa\u0163iului constitu\u0163ional, ce devenim noi? Apatrizi. Iar apatrizii nu au dreptul de vot.<\/p>\n<p>Dar migran\u0163ii de prin toate p\u0103r\u0163ile lumii care vor fi trimi\u015fi \u00een Moldova de c\u0103tre administra\u0163ia UE (a se vedea mai jos) vor constitui ei \u201epoporul european\u201d al Moldovei. C\u0103ci migran\u0163ii nu s\u00eent cre\u015ftini \u015fi s\u00eent at\u00eet de lesne primi\u0163i \u00een UE, inclusiv ca cet\u0103\u0163eni doar peste vreo 4-7 ani de \u015federe \u00een vreo \u0163ar\u0103 a UE.<\/p>\n<h4><strong>Integrarea \u00een UE vs Suveranitatea \u021a\u0103rii<\/strong><\/h4>\n<p>De asemenea, integrarea Republicii Moldova \u00een Uniunea European\u0103 va fi declarat\u0103 drept obiectiv strategic al \u021b\u0103rii. Documentul adoptat de c\u0103tre majoritatea simpl\u0103 din Parlament mai prevede completarea Constitu\u021biei cu un nou titlu, nu doar un articol \u2013 \u201eIntegrarea \u00een Uniunea European\u0103\u201d. Astfel, se propune ca <strong><em>aderarea Republicii Moldova la tratatele constitutive ale Uniunii Europene, precum \u0219i aderarea la actele de revizuire a tratatelor constitutive ale Uniunii Europene s\u0103 se realizeze de Parlament prin lege organic\u0103, iar prevederile tratatelor constitutive ale Uniunii Europene, precum \u0219i ale celorlalte acte juridice cu caracter obligatoriu ale Uniunii Europene s\u0103 aib\u0103 prioritate fa\u021b\u0103 de dispozi\u021biile contrare din legile interne, cu respectarea prevederilor actului de aderare<\/em><\/strong>.[3]<\/p>\n<p>Ce \u00eenseamn\u0103 aceasta? C\u0103 Moldova, ca stat nu mai are <em>suveranitate<\/em>. Dar suveranitatea statului este principalul instrument de consolidare, dezvoltare \u015fi ap\u0103rare a suveranit\u0103\u0163ii poporului Moldovei. Prin prima modificare se desfiin\u0163eaz\u0103 juridic existen\u0163a poporului istoric al Moldovei care este \u00eenlocuit cu un nou popor \u2013 poporul european al Moldovei. Un popor a c\u0103rui identitate nu are nici o leg\u0103tur\u0103 etnic\u0103 sau cultural\u0103 nici cu moldovenii, nici cu g\u0103g\u0103uzii, nici cu bulgarii, nici cu orice alt\u0103 component\u0103 etno-cultural\u0103 a poporului istoric al Moldovei.<\/p>\n<p>\u015ei acum, cea de a doua modificare, consfin\u0163e\u015fte c\u0103 nici poporul istoric al Moldovei, nici noul \u201epopor european\u201d al Moldovei care urmeaz\u0103, prin efortul guvern\u0103rii PAS, s\u0103 \u00eenlocuiasc\u0103 biologic \u015fi demografic poporul istoric al Moldovei, pe noi, cei de ast\u0103zi, nu va mai avea dreptul s\u0103 decid\u0103 nimic de ce \u0163ine de rezolvarea problemelor sale, de autoguvernare, ci va trebui s\u0103 se supun\u0103 orbe\u015fte \u015fi deplin hot\u0103r\u00eerilor unei birocra\u0163ii anonime \u015fi oculte de prin Bruxelles sau alte cotloane sau coclauri obscure ale UE. Aceast\u0103 modificare este un atentat la suveranitatea de stat a Moldovei. Asemenea atentate se fac \u00een timp de r\u0103zboi c\u00eend un du\u015fman atac\u0103 o \u0163ar\u0103 cu scopul de a o cotropi \u015fi a o transforma fie \u00een colonie, fie \u00een propriul s\u0103u domeniu. Acela\u015fi efect guvernarea PAS vrea s\u0103 \u00eel ob\u0163in\u0103 prin co\u0163c\u0103rii anticonstitu\u0163ionale \u2013 ca metod\u0103 \u015fi ca scop.<\/p>\n<p>De aici se vede limpede c\u0103 aceast\u0103 guvernare ac\u0163ioneaz\u0103 exact ca un du\u015fman de moarte al poporului \u015fi statului nostru. Aceast\u0103 guvernare du\u015fm\u0103noas\u0103 urm\u0103re\u015fte acela\u015fi scop ca \u015fi un stat str\u0103in \u015fi cotropitor \u2013 desfiin\u0163area suveranit\u0103\u0163ii noastre, a dreptului nostru \u015fi al copiilor \u015fi nepo\u0163ilor no\u015ftri de a ne hot\u0103r\u00ee soarta, de a ne rezolva problemele noastre \u00een modul \u015fi cu metodele pe care noi le socotim ca potrivite. Nu cei <em>de pe aiurea<\/em>, adic\u0103 st\u0103p\u00eenii str\u0103ini ai acestei guvern\u0103ri str\u0103ine nou\u0103 tuturor, inclusiv adep\u0163ilor ei (cum vom vedea mai jos), ci noi, poporul <em>acestei<\/em> \u0163\u0103ri.<\/p>\n<p style=\"text-align: center;\">*\u00a0\u00a0\u00a0\u00a0 *\u00a0\u00a0\u00a0\u00a0 *\u00a0\u00a0\u00a0\u00a0 *\u00a0\u00a0 \u00a0\u00a0*<\/p>\n<p><strong><em>Note:<\/em><\/strong><\/p>\n<p>[1] <a href=\"https:\/\/multimedia.parlament.md\/20-octombrie-2024-referendum-republican-constitutional-cetatenii-vor-raspunde-la-intrebarea-sustineti-modificarea-constitutiei-in-vederea-aderarii-republicii-moldova-la-uniunea-eur\/\">https:\/\/multimedia.parlament.md\/20-octombrie-2024-referendum-republican-constitutional-cetatenii-vor-raspunde-la-intrebarea-sustineti-modificarea-constitutiei-in-vederea-aderarii-republicii-moldova-la-uniunea-eur\/<\/a> \u00a0\u00a0<\/p>\n<p>[2] Ibidem.<\/p>\n<p>[3] Ibidem.<\/p>\n<p style=\"text-align: right;\"><strong><em>B. Moldoveanu<\/em><\/strong><\/p>\n<p style=\"text-align: center;\"><strong><em>\u00a0<\/em><\/strong><strong><em>Va urma<\/em><\/strong><\/p>\n","protected":false},"excerpt":{"rendered":"<p>Pe 20 octombrie 2024 cet\u0103\u0163enii RM s\u00eent chema\u0163i de c\u0103tre partidul de guvern\u0103m\u00eent PAS, partidul care de\u0163ine majoritatea parlamentar\u0103 simpl\u0103, s\u0103 se&hellip;<\/p>\n","protected":false},"author":3,"featured_media":29690,"comment_status":"open","ping_status":"closed","sticky":false,"template":"","format":"standard","meta":{"_lmt_disableupdate":"","_lmt_disable":"","slim_seo":{"title":"Referendumul PAS versus Republica Moldova: A fi sau a nu (mai) fi - traditia.md","description":"Pe 20 octombrie 2024 cet\u0103\u0163enii RM s\u00eent chema\u0163i de c\u0103tre partidul de guvern\u0103m\u00eent PAS, partidul care de\u0163ine majoritatea parlamentar\u0103 simpl\u0103, s\u0103 se expun\u0103 la refer"},"footnotes":""},"categories":[44,38],"tags":[],"class_list":["post-29687","post","type-post","status-publish","format-standard","has-post-thumbnail","hentry","category-actualitate","category-stiri"],"_links":{"self":[{"href":"https:\/\/traditia.md\/ro\/wp-json\/wp\/v2\/posts\/29687","targetHints":{"allow":["GET"]}}],"collection":[{"href":"https:\/\/traditia.md\/ro\/wp-json\/wp\/v2\/posts"}],"about":[{"href":"https:\/\/traditia.md\/ro\/wp-json\/wp\/v2\/types\/post"}],"author":[{"embeddable":true,"href":"https:\/\/traditia.md\/ro\/wp-json\/wp\/v2\/users\/3"}],"replies":[{"embeddable":true,"href":"https:\/\/traditia.md\/ro\/wp-json\/wp\/v2\/comments?post=29687"}],"version-history":[{"count":0,"href":"https:\/\/traditia.md\/ro\/wp-json\/wp\/v2\/posts\/29687\/revisions"}],"wp:featuredmedia":[{"embeddable":true,"href":"https:\/\/traditia.md\/ro\/wp-json\/wp\/v2\/media\/29690"}],"wp:attachment":[{"href":"https:\/\/traditia.md\/ro\/wp-json\/wp\/v2\/media?parent=29687"}],"wp:term":[{"taxonomy":"category","embeddable":true,"href":"https:\/\/traditia.md\/ro\/wp-json\/wp\/v2\/categories?post=29687"},{"taxonomy":"post_tag","embeddable":true,"href":"https:\/\/traditia.md\/ro\/wp-json\/wp\/v2\/tags?post=29687"}],"curies":[{"name":"wp","href":"https:\/\/api.w.org\/{rel}","templated":true}]}}