{"id":29647,"date":"2024-10-03T12:27:58","date_gmt":"2024-10-03T09:27:58","guid":{"rendered":"https:\/\/traditia.md\/?p=29647"},"modified":"2024-10-03T12:30:17","modified_gmt":"2024-10-03T09:30:17","slug":"mitropolitul-vladimir-pentru-noi-este-o-bucurie-sa-fim-impreuna","status":"publish","type":"post","link":"https:\/\/traditia.md\/ro\/mitropolitul-vladimir-pentru-noi-este-o-bucurie-sa-fim-impreuna\/","title":{"rendered":"Mitropolitul Vladimir: \u201ePentru noi este o bucurie s\u0103 fim \u00eempreun\u0103\u201d"},"content":{"rendered":"<p><strong>Mitropolitul Chi\u0219in\u0103ului \u0219i al \u00eentregii Moldove Vladimir a luat parte la pelerinajul la locurile sfinte din Rusia. \u00cen coslujire cu mitropolitul de Krutitsy \u0219i Kolomna Pavel, precum \u0219i clerici din eparhiile de Ungheni, de B\u0103l\u021bi, de Chi\u0219in\u0103u \u0219i de Soroca ale Bisericii Ortodoxe din Moldova \u00cenaltpreasfin\u021bia Sa a s\u0103v\u00e2r\u0219it un Te-Deum \u00een Lavra \u201eSf\u00e2nta Treime\u201d a Sf\u00e2ntului Cuvios Serghie de Radonej.<\/strong><\/p>\n<p>\u00cen total, la slujb\u0103 au participat 150 de preo\u021bi ai Bisericii Ortodoxe din Moldova \u0219i enoria\u0219i ai acesteia.<\/p>\n<p><em>\u201eVreau s\u0103-i mul\u021bumesc Sanctit\u0103\u021bii Sale Patriarhul Chiril pentru binecuv\u00e2ntare, precum \u0219i pentru oportunitatea oferit\u0103 clerului \u0219i pelerinilor no\u0219tri din Moldova de a vizita aceste locuri sfinte, de a se ruga aici, de a-\u0219i \u00eent\u00e2lni prietenii \u0219i cunoscu\u021bii. S\u0103 fim \u00eempreun\u0103. Acest lucru este \u00eembucur\u0103tor pentru noi. Sper\u0103m c\u0103 astfel de pelerinaje vor continua. Am s\u0103v\u00e2r\u0219it aici cu deosebite emo\u021bii Te-Deumul \u00eenaintea Sf\u00e2ntului Cuvios Serghie, pentru c\u0103, dup\u0103 cum am remarcat anterior, veneam aici \u00eenc\u0103 fiind student. \u0218i m\u0103 bucur foarte mult c\u0103 aceste sentimente au r\u0103mas \u00een inima mea \u0219i cred c\u0103 au p\u0103truns \u0219i \u00een inimile voastre&#8230; Felicit\u0103ri pentru aceast\u0103 zi comun\u0103 de rug\u0103ciune pe care am s\u0103v\u00e2r\u0219it-o aici, la moa\u0219tele Cuviosului Serghie, \u0219i ne vom ruga lui s\u0103 ne \u00eendrumeze, s\u0103 ne ajute \u00een via\u021ba noastr\u0103 p\u0103m\u00e2nteasc\u0103, pentru ca s\u0103 conducem cu pricepere eparhiile, parohiile \u0219i m\u0103n\u0103stirile. Pentru ca via\u021ba duhovniceasc\u0103 s\u0103 \u00eenfloreasc\u0103 din nou \u00een Moldova&#8230; Din p\u0103cate, acum au venit alte vremuri c\u00e2nd nu avem posibilitatea unei comunic\u0103ri fr\u0103\u021be\u0219ti. Ne vom ruga, vom lucra pentru ca pacea lui Dumnezeu s\u0103 vin\u0103 din nou \u00een Moldova, \u00een patria noastr\u0103 iubit\u0103\u201d<\/em>, a spus mitropolitul Vladimir.<\/p>\n<p>Preo\u021bii din Moldova vin \u00een Rusia pentru a face schimb de experien\u021b\u0103 \u00een slujirea pastoral\u0103, a \u00eent\u0103ri leg\u0103turile duhovnice\u0219ti \u0219i rela\u021biile fr\u0103\u021be\u0219ti dintre biserici. Aici ei se \u00eent\u00e2lnesc cu reprezentan\u021bi cunoscu\u021bi ai Bisericii Ortodoxe Ruse, ai mediului academic bisericesc \u0219i ai comunit\u0103\u021bii ortodoxe.<\/p>\n<p>Programul pelerinajelor care se desf\u0103\u0219oar\u0103 din august curent include vizite la m\u0103n\u0103stirile din Rusia, inclusiv \u00een Lavra \u201eSfinta Treime\u201d a Cuviosului Serghie, M\u0103n\u0103stirea stavropighial\u0103 \u201eAcoper\u0103m\u00e2ntul Maicii Domnului\u201d din Moscova, alte biserici \u0219i locuri cu semnifica\u021bie istoric\u0103 din capitala Rusiei \u0219i regiunea Moscova. Proiectul este realizat cu binecuv\u00e2ntarea Sanctit\u0103\u021bii Sale Patriarhul Moscovei \u0219i al \u00eentregii Rusii Chiril.<\/p>\n<p>Preo\u021bii au ridicat rug\u0103ciuni \u00eenaintea moa\u0219telor Sf\u00e2ntului Serghie de Radonej, a c\u0103rui cinstire une\u0219te popoarele Rusiei \u0219i Moldovei. Anume \u00een Lavra \u201eSf\u00e2nta Treime\u201d mitropolitul Vladimir a primit studii spirituale duhovnice\u0219ti, absolvind Academia Teologic\u0103 din Moscova.<\/p>\n<p style=\"text-align: right;\"><em>Sursa<\/em><em>: <\/em><a href=\"http:\/\/www.patriarchia.ru\/db\/text\/6163394.html\"><strong><em>Patriarchia.ru<\/em><\/strong><\/a><\/p>\n<p><img fetchpriority=\"high\" decoding=\"async\" class=\"alignnone  wp-image-29641\" src=\"https:\/\/traditia.md\/wp-content\/uploads\/2024\/10\/1a.jpg\" alt=\"1\u0430\" width=\"346\" height=\"392\" srcset=\"https:\/\/traditia.md\/wp-content\/uploads\/2024\/10\/1a.jpg 350w, https:\/\/traditia.md\/wp-content\/uploads\/2024\/10\/1a-264x300.jpg 264w\" sizes=\"(max-width: 346px) 100vw, 346px\" \/><img decoding=\"async\" class=\"alignnone size-full wp-image-29643\" src=\"https:\/\/traditia.md\/wp-content\/uploads\/2024\/10\/2a.jpg\" alt=\"2\u0430\" width=\"350\" height=\"394\" srcset=\"https:\/\/traditia.md\/wp-content\/uploads\/2024\/10\/2a.jpg 350w, https:\/\/traditia.md\/wp-content\/uploads\/2024\/10\/2a-266x300.jpg 266w\" sizes=\"(max-width: 350px) 100vw, 350px\" \/><\/p>\n","protected":false},"excerpt":{"rendered":"<p>Mitropolitul Chi\u0219in\u0103ului \u0219i al \u00eentregii Moldove Vladimir a luat parte la pelerinajul la locurile sfinte din Rusia. \u00cen coslujire cu mitropolitul de&hellip;<\/p>\n","protected":false},"author":3,"featured_media":29645,"comment_status":"open","ping_status":"closed","sticky":false,"template":"","format":"standard","meta":{"_lmt_disableupdate":"","_lmt_disable":"","slim_seo":{"title":"Mitropolitul Vladimir: \u201ePentru noi este o bucurie s\u0103 fim \u00eempreun\u0103\u201d - traditia.md","description":"Mitropolitul Chi\u0219in\u0103ului \u0219i al \u00eentregii Moldove Vladimir a luat parte la pelerinajul la locurile sfinte din Rusia. \u00cen coslujire cu mitropolitul de Krutitsy \u0219i K"},"footnotes":""},"categories":[38,1720],"tags":[],"class_list":["post-29647","post","type-post","status-publish","format-standard","has-post-thumbnail","hentry","category-stiri","category-unitatea-bisericii"],"_links":{"self":[{"href":"https:\/\/traditia.md\/ro\/wp-json\/wp\/v2\/posts\/29647","targetHints":{"allow":["GET"]}}],"collection":[{"href":"https:\/\/traditia.md\/ro\/wp-json\/wp\/v2\/posts"}],"about":[{"href":"https:\/\/traditia.md\/ro\/wp-json\/wp\/v2\/types\/post"}],"author":[{"embeddable":true,"href":"https:\/\/traditia.md\/ro\/wp-json\/wp\/v2\/users\/3"}],"replies":[{"embeddable":true,"href":"https:\/\/traditia.md\/ro\/wp-json\/wp\/v2\/comments?post=29647"}],"version-history":[{"count":0,"href":"https:\/\/traditia.md\/ro\/wp-json\/wp\/v2\/posts\/29647\/revisions"}],"wp:featuredmedia":[{"embeddable":true,"href":"https:\/\/traditia.md\/ro\/wp-json\/wp\/v2\/media\/29645"}],"wp:attachment":[{"href":"https:\/\/traditia.md\/ro\/wp-json\/wp\/v2\/media?parent=29647"}],"wp:term":[{"taxonomy":"category","embeddable":true,"href":"https:\/\/traditia.md\/ro\/wp-json\/wp\/v2\/categories?post=29647"},{"taxonomy":"post_tag","embeddable":true,"href":"https:\/\/traditia.md\/ro\/wp-json\/wp\/v2\/tags?post=29647"}],"curies":[{"name":"wp","href":"https:\/\/api.w.org\/{rel}","templated":true}]}}