{"id":29561,"date":"2024-09-30T14:04:37","date_gmt":"2024-09-30T11:04:37","guid":{"rendered":"https:\/\/traditia.md\/?p=29561"},"modified":"2024-09-30T14:07:30","modified_gmt":"2024-09-30T11:07:30","slug":"cum-a-murit-parintele-ilarion-felea","status":"publish","type":"post","link":"https:\/\/traditia.md\/ro\/cum-a-murit-parintele-ilarion-felea\/","title":{"rendered":"Cum a murit P\u0103rintele Ilarion Felea"},"content":{"rendered":"<p><strong><em>Era prin anii 1960-61, \u00een celularul din Aiud. \u00centr-o zi se anun\u0163\u0103 prin toate formele de mass-media din pu\u015fc\u0103rie, morse la perete \u015fi calorifer: A murit P\u0103rintele Ilarion Felea. Cine nu-l cuno\u015ftea pe P\u0103rintele Felea din Aiud? To\u0163i \u015ftiam, unul de la altul, c\u0103 a fost profesor la Academia Teologic\u0103 Ortodox\u0103 din Arad \u015fi mie mi-a fost profesor \u015fi mai ales pedagog. \u00cel cuno\u015fteam noi bihorenii \u015fi ar\u0103denii, \u00eel cuno\u015fteam sibienii \u015fi bucure\u015ftenii \u015fi mai ales Academia Rom\u00e2n\u0103 care i-a premiat c\u0103r\u0163ile. A fost un predicator de performan\u0163\u0103 la Catedrala din Arad \u015fi oriunde \u00eel chemau rosturile Bisericii. La Catedral\u0103, credincio\u015fii \u015fi studen\u0163ii ar fi fost \u00een stare s\u0103 reproduc\u0103 predica lui din ziua aceea.<\/em><\/strong><\/p>\n<p>La Academia teologic\u0103 catedra lui se transforma \u00een amvon; avea \u015fi o voce baritonal\u0103 care te cucerea. Dou\u0103zeci de stilouri a\u015fterneau pe caiet, toat\u0103 lec\u0163ia din ziua aceea. Fizic, era o figur\u0103 impun\u0103toare de b\u0103rbat, fa\u0163a \u00eencadrat\u0103 de barb\u0103 ar\u0103ta ca un cap de efigie, era generos \u015fi comunicativ, de aceea era simpatizat de to\u0163i.<\/p>\n<p>Era mo\u0163 la r\u0103d\u0103cin\u0103, de pe valea Cri\u015fului Alb, poate c\u0103 \u015fi aceasta i-a dat destinul \u00eenalt pe care l-a avut. La manifest\u0103ri \u015fi diferite ocazii, \u00eel invitau unii \u015fi al\u0163ii:<\/p>\n<p>\u2013 P\u0103rinte, c\u00e2nt\u0103-ne ceva din ale Iancului!<\/p>\n<p>\u015ei c\u00e2nta t\u0103r\u0103g\u0103nat \u015fi duios \u015fi te ducea pe meleagurile Iancului \u015fi ale lui Horea, \u00een vremile de vrednicie ale mo\u0163ilor\u2026<\/p>\n<p>C\u00e2nd moare cineva afar\u0103, vin to\u0163i cei dragi \u015fi-l petrec dup\u0103 toat\u0103 r\u00e2nduiala cre\u015ftineasc\u0103. Pe p\u0103rintele Felea l-am petrecut, cu sufletele, noi \u201efra\u0163ii \u015fi rudeniile lui de idealuri \u015fi suferin\u0163\u0103\u201d. N-a fost b\u0103tr\u00e2n dar a murit pentru c\u0103 nu i s-a dat asisten\u0163\u0103 medical\u0103; a\u015fa se \u201eplanifica\u201d \u00een pu\u015fc\u0103riile comuniste.<\/p>\n<p>Oamenii, respectiv noi, de\u0163inu\u0163ii, am urm\u0103rit mersul bolnavului, p\u00e2n\u0103 a \u00eenchis ochii. Afl\u00e2nd vestea mut\u0103rii sale la Domnul, am stat de veghe dou\u0103 seri, p\u00e2n\u0103 l-au dus la groap\u0103 la Trei plopi, cimitirul de\u0163inu\u0163ilor politici. A doua sear\u0103, au \u015fi dat alarma cei de jos de l\u00e2ng\u0103 morg\u0103, unde era mortul:<\/p>\n<p>\u2013 Acum \u00eel duce la groap\u0103 pe P\u0103rintele Felea!<\/p>\n<p>\u00centr-adev\u0103r, se auzea o c\u0103ru\u0163\u0103, o dro\u015fc\u0103 bra\u015fovean\u0103, tras\u0103 de un cal, cu doi gardieni pe capr\u0103, duc\u00e2nd sicriul. Erau trei por\u0163i p\u00e2n\u0103 la poarta principal\u0103 \u015fi \u00een lini\u015ftea nop\u0163ii se auzea mersul carului.<\/p>\n<p>Noi st\u0103team sub p\u0103tur\u0103, era dup\u0103 ora 10, ora stingerii, nu ne mi\u015fcam. Acum \u00eencepea prohodul. To\u0163i cei 5000 de prizonieri politici din Aiud, asista\u0163i de cei 400 de preo\u0163i ortodoc\u015fi, se rugau dup\u0103 r\u00e2nduial\u0103: <em>\u201eCu sfin\u0163ii odihne\u015fte, Doamne, sufletul adormitului robului t\u0103u, Ilarion preotul, unde nu este durere, nici \u00eentristare, nici suspin, ci via\u0163\u0103 f\u0103r\u0103 de sf\u00e2r\u015fit.\u201d<\/em> Acestea le rosteau to\u0163i, chiar dac\u0103 \u00een celul\u0103 nu era preot: dac\u0103 era preot se f\u0103cea o r\u00e2nduial\u0103 mai dezvoltat\u0103, tot sub p\u0103tur\u0103.<\/p>\n<div id=\"attachment_29559\" style=\"width: 760px\" class=\"wp-caption alignnone\"><img fetchpriority=\"high\" decoding=\"async\" aria-describedby=\"caption-attachment-29559\" class=\"size-full wp-image-29559\" src=\"https:\/\/traditia.md\/wp-content\/uploads\/2024\/09\/tyurma-ayud12.jpg\" alt=\"\u0422\u044e\u0440\u044c\u043c\u0430 \u0410\u044e\u043412\" width=\"750\" height=\"476\" srcset=\"https:\/\/traditia.md\/wp-content\/uploads\/2024\/09\/tyurma-ayud12.jpg 750w, https:\/\/traditia.md\/wp-content\/uploads\/2024\/09\/tyurma-ayud12-300x190.jpg 300w, https:\/\/traditia.md\/wp-content\/uploads\/2024\/09\/tyurma-ayud12-585x371.jpg 585w\" sizes=\"(max-width: 750px) 100vw, 750px\" \/><p id=\"caption-attachment-29559\" class=\"wp-caption-text\">\u00cenchisoarea Aiud<\/p><\/div>\n<p>Cei de jos ne comunicau c\u0103 s-a ajuns la poarta principal\u0103, unde se petrecea scena cea mai sinistr\u0103: venea ofi\u0163erul de serviciu cu o bar\u0103 ascu\u0163it\u0103 de fier \u015fi o \u00eenfigea \u00een inima mortului, s\u0103 se conving\u0103 \u201est\u0103p\u00e2nirea\u201d de moartea omului. Ce scen\u0103 sinistr\u0103 \u015fi lugubr\u0103, demn\u0103 de evul mediu \u015fi ea se petrecea \u00een evul modern, \u00een era comunist\u0103.<\/p>\n<p>Carul funebru se ducea la Trei plopi, la cap i se punea un st\u00e2lp de lemn, pe care se b\u0103tea o tinichea cu num\u0103rul matricol din dosarul de\u0163inutului. Dup\u0103 codurile comuniste, at\u00e2ta mai r\u0103m\u00e2nea din via\u0163a omului. C\u00e2nd se \u00eencheia prohodul cu cuv\u00e2ntul Amin, se mai auzeau morsele la perete \u015fi la calorifer: <em>\u201eDumnezeu s\u0103-l ierte, \u00een veci s\u0103 fie pomenirea lui!\u201d.<\/em><\/p>\n<p style=\"text-align: right;\"><strong><em>Preot Ioan B\u0103rda\u0219<\/em><\/strong><\/p>\n<p style=\"text-align: right;\"><em>Sursa: <a href=\"https:\/\/www.marturisitorii.ro\/2014\/09\/18\/parintele-ilarion-felea-martirul-pentru-hristos-21-martie-1903-18-septembrie-1961\/\">M\u0103rturisitorii.ro<\/a><\/em><\/p>\n","protected":false},"excerpt":{"rendered":"<p>Era prin anii 1960-61, \u00een celularul din Aiud. \u00centr-o zi se anun\u0163\u0103 prin toate formele de mass-media din pu\u015fc\u0103rie, morse la perete&hellip;<\/p>\n","protected":false},"author":3,"featured_media":29557,"comment_status":"open","ping_status":"closed","sticky":false,"template":"","format":"standard","meta":{"_lmt_disableupdate":"","_lmt_disable":"","slim_seo":{"title":"Cum a murit P\u0103rintele Ilarion Felea - traditia.md","description":"Era prin anii 1960-61, \u00een celularul din Aiud. \u00centr-o zi se anun\u0163\u0103 prin toate formele de mass-media din pu\u015fc\u0103rie, morse la perete \u015fi calorifer: A murit P\u0103rintele"},"footnotes":""},"categories":[40,38],"tags":[],"class_list":["post-29561","post","type-post","status-publish","format-standard","has-post-thumbnail","hentry","category-apararea-credintei","category-stiri"],"_links":{"self":[{"href":"https:\/\/traditia.md\/ro\/wp-json\/wp\/v2\/posts\/29561","targetHints":{"allow":["GET"]}}],"collection":[{"href":"https:\/\/traditia.md\/ro\/wp-json\/wp\/v2\/posts"}],"about":[{"href":"https:\/\/traditia.md\/ro\/wp-json\/wp\/v2\/types\/post"}],"author":[{"embeddable":true,"href":"https:\/\/traditia.md\/ro\/wp-json\/wp\/v2\/users\/3"}],"replies":[{"embeddable":true,"href":"https:\/\/traditia.md\/ro\/wp-json\/wp\/v2\/comments?post=29561"}],"version-history":[{"count":0,"href":"https:\/\/traditia.md\/ro\/wp-json\/wp\/v2\/posts\/29561\/revisions"}],"wp:featuredmedia":[{"embeddable":true,"href":"https:\/\/traditia.md\/ro\/wp-json\/wp\/v2\/media\/29557"}],"wp:attachment":[{"href":"https:\/\/traditia.md\/ro\/wp-json\/wp\/v2\/media?parent=29561"}],"wp:term":[{"taxonomy":"category","embeddable":true,"href":"https:\/\/traditia.md\/ro\/wp-json\/wp\/v2\/categories?post=29561"},{"taxonomy":"post_tag","embeddable":true,"href":"https:\/\/traditia.md\/ro\/wp-json\/wp\/v2\/tags?post=29561"}],"curies":[{"name":"wp","href":"https:\/\/api.w.org\/{rel}","templated":true}]}}