{"id":29378,"date":"2024-09-25T10:45:00","date_gmt":"2024-09-25T07:45:00","guid":{"rendered":"https:\/\/traditia.md\/?p=29378"},"modified":"2024-09-25T10:45:00","modified_gmt":"2024-09-25T07:45:00","slug":"de-ce-ne-doare-sufletul-si-ce-trebuie-sa-facem","status":"publish","type":"post","link":"https:\/\/traditia.md\/ro\/de-ce-ne-doare-sufletul-si-ce-trebuie-sa-facem\/","title":{"rendered":"De ce ne doare sufletul \u0219i ce trebuie s\u0103 facem?.."},"content":{"rendered":"<p>\u00cen toamna multa\u0219teptat\u0103, c\u00e2nd printre frunzele copacilor a plecat deja c\u0103ldura de var\u0103, parc\u0103 totul \u00een jur s-a lini\u0219tit \u0219i pa\u0219ii nu se mai gr\u0103besc a\u0219a ca alt\u0103data \u0219i chipul omului nu mai caut\u0103 acea umbra ca s\u0103-\u0219i r\u0103coreasc\u0103 sufletul sub umbrelele copacilor.<\/p>\n<p>P\u0103\u0219esc \u00eencet pe aleile parcului, f\u0103r\u0103 s\u0103 m\u0103 gr\u0103besc \u0219i-mi duc pa\u0219ii \u00eentr-acolo, pe unda lecturii vizuale \u0219i cu privirile m\u0103 \u00eensetez din natur\u0103 \u2013 crea\u021bia Lui Dumnezeu, \u00eencerc\u00e2nd s\u0103 deslu\u0219esc limbajul frunzelor, limbajul leg\u0103n\u0103rii ramurilor, limbajul valurilor de ap\u0103, limbajul t\u0103cerii acestei lumi care forfote\u0219te gr\u0103bit\u0103 \u00eenainte \u0219i \u00eenapoi\u2026 Merg f\u0103r\u0103 s\u0103 observ sau s\u0103 cercetez pe cineva, c\u0103 g\u00e2ndurile vorbesc cu toat\u0103\u00a0 natura din jur \u00een diferite limbi, m\u0103 ad\u00e2ncesc \u00een ipostaza privirii ce se \u00eenal\u021b\u0103 spre cer, vorbind cu Dumnezeu prin rug\u0103ciune\u2026<\/p>\n<p>Din clipele de medita\u021bie, deodat\u0103 am fost surprins\u0103 de un plans jalnic \u0219i tremur\u0103tor care m-a f\u0103cut s\u0103 dau aten\u021bie, s\u0103 aflu ce se \u00eent\u00e2mpl\u0103. Pe o banc\u0103, nu departe pl\u00e2ngea o femeie \u0219i nu am putut s\u0103 nu m\u0103 apropii de ea \u0219i s-o \u00eentreb:<\/p>\n<p><em>\u2013 Ce s-a \u00eent\u00e2mplat? S\u0103 v\u0103 ajut cu ceva? De ce pl\u00e2nge\u021bi at\u0103t de tare?..<\/em><\/p>\n<p><em>\u2013 M\u0103 doare sufletul \u0219i nu mai pot tr\u0103i pe acest p\u0103m\u00e2nt, s\u0103 v\u0103d at\u00e2tea nedrept\u0103\u021bi! Cum poate acel om pe care \u00eel iube\u0219ti at\u00e2t de mult s\u0103 plece cu o alt\u0103 femeie? Cum poate, dac\u0103 \u0219tie c\u0103 \u00eel iubesc foarte mult!? \u0218i doar el mi-a spus c\u0103 nu poate tr\u0103i f\u0103r\u0103 mine pe aceast\u0103 lume!..<\/em><\/p>\n<p><em>\u2013 \u0218i dumneavoastr\u0103 crede\u021bi \u00een cuvintele acelui om care v-a promis \u201emarea cu sarea\u201d? Da, cuvintele au puterea lor, dar poart\u0103 diferite sensuri, diferite\u00a0 tematici! Omul le inventeaz\u0103, dar uneori nu-\u0219i d\u0103 seama cum le spune celuilalt om. Dac\u0103 erau spuse din suflet \u0219i v\u0103 iubea cu adev\u0103rat, nu avea cum s\u0103 plece din calea vie\u021bii dumneavoastr\u0103.<\/em><\/p>\n<p><em>\u2013 Doar mi-a promis!.. Nu mai vreau s\u0103-mi amintesc! Mi-e at\u00e2t de greu! M\u0103 doare sufletul, \u00een\u021belege\u021bi, sufletul m\u0103 doare, doamn\u0103! \u0218i nu \u0219tiu ce s\u0103 fac? M\u0103 apas\u0103 aici, \u00een piept! Mi se usuc\u0103 gura, am obosit, nu mai pot! M\u0103 doare sufletul!..<\/em><\/p>\n<p>Priveam cu mil\u0103 \u0219i mult\u0103 compasiune la acea femeie \u0219i at\u00e2t de mult m-a zguduit tr\u0103irea l\u0103untric\u0103 a sufletului ei, \u00eenc\u00e2t f\u0103r\u0103 s\u0103 vreau am cuprins-o pu\u021bin, zic\u00e2ndu-i:<\/p>\n<p><em>\u2013 Lini\u0219ti\u021bi-v\u0103, totul va fi bine, doamn\u0103! Poate e mai bine s\u0103 spune\u021bi o rug\u0103ciune \u0219i Domnul o s\u0103 v\u0103 ajute mult s\u0103 v\u0103 lini\u0219ti\u021bi! Ierta\u021bi-l pe cel ce v-a p\u0103r\u0103sit, intra\u021bi \u00een casa Domnului \u0219i povesti\u021bi-i toat\u0103 durerea dumneavoastr\u0103 \u0219i o s\u0103 v\u0103 reg\u0103si\u021bi.<\/em><\/p>\n<p>\u0218i am plecat mai departe s\u0103-mi continui pa\u0219ii prin lecturile vizuale, \u00eenset\u00e2ndu-m\u0103 din crea\u021bia lui Dumnezeu\u2026<\/p>\n<p>Peste c\u00e2teva zile m\u0103 \u00eent\u00e2lnesc cu aceea\u0219i femeie \u00een acela\u0219i parc. C\u00e2nd m-a v\u0103zut, alerga spre mine, apoi m-a cuprins de parc\u0103 eram iubitul ei care o p\u0103r\u0103si-se cu c\u00e2tevai zile \u00een urm\u0103:<\/p>\n<p><em>\u2013 Cum s\u0103 v\u0103 mul\u021bumesc, doamn\u0103? M-a\u021bi ajutat at\u00e2t de mult \u00een cele mai grele clipe de via\u021b\u0103! Am fost la biseric\u0103, a\u0219a cum mi-a\u021bi spus s\u0103 fac \u0219i m-am rugat mult \u00een fa\u021ba Sf\u00e2ntului Altar, am aprins \u0219i lum\u00e2n\u0103ri! \u0218i acas\u0103 m-am rugat mult! Dumnezeu mi-a \u0219optit ce s\u0103 fac, dar principalul e c\u0103 m-am lini\u0219tit!<\/em><\/p>\n<p><em>\u2013 M\u0103 bucur pentru dumneavoastr\u0103! Sl\u0103vit s\u0103 fie Domnul! Mul\u021bumi\u021bi-I lui Dumnezeu, nu mie! <\/em><\/p>\n<p><em>\u2013 Dumnezeu exist\u0103 \u0219i am s\u0103 m\u0103 rog pentru sufletul meu tot restul vie\u021bii! Slav\u0103 \u021aie, Doamne!<\/em><\/p>\n<p>Priveam \u00een ochii acelei femei \u0219i vedeam cum ardeau lic\u0103rele credin\u021bei, iar ea \u00eemi tot povestea minunile \u0219i bucuriile care le tr\u0103ise \u00een acele zile.<\/p>\n<p>Sufletul omenesc este \u00een centrul identit\u0103\u021bii personale a unei fiin\u021be omene\u0219ti. Se spune, c\u0103 sunt numai dou\u0103 lucruri care r\u0103m\u00e2n: Cuv\u00e2ntul lui Dumnezeu (Marcu 13:31) \u0219i sufletul omului, \u0219i aceasta pentru c\u0103, asemenea Cuv\u00e2ntului lui Dumnezeu, sufletul este un lucru nepieritor. Lucrul acesta ar trebui s\u0103 ne pun\u0103 pe g\u00e2nduri \u0219i s\u0103 ne uimeasc\u0103. Fiecare persoan\u0103 pe care o \u00eent\u00e2lne\u0219ti este un suflet ve\u0219nic. Fiecare fiin\u021b\u0103 uman\u0103 care a tr\u0103it vreodat\u0103 a avut un suflet \u0219i toate acele suflete \u00eenc\u0103 exist\u0103 \u00eentr-un anume loc. \u00centrebarea este: unde-i acel loc?<\/p>\n<p>Sufletele care resping dragostea lui Dumnezeu sunt condamnate s\u0103 pl\u0103teasc\u0103 pentru p\u0103catele lor, ve\u0219nic, \u00een iad (Romani 6:23). Dar sufletele care \u00ee\u0219i recunosc p\u0103c\u0103to\u0219enia \u0219i accept\u0103 darul iert\u0103rii pline de har a lui Dumnezeu vor tr\u0103i ve\u0219nic l\u00e2ng\u0103 ape de odihn\u0103, \u00eempreun\u0103 cu P\u0103storul lor, f\u0103r\u0103 s\u0103 duc\u0103 vreo lips\u0103.<\/p>\n<p>Sufletul omenesc este distinct de inim\u0103, de duh \u0219i de minte. Sufletul omenesc este creat de Dumnezeu. Sufletul poate fi ferm sau nestatornic, poate fi pierdut sau salvat! Sufletul omenesc are nevoie de isp\u0103\u0219ire \u0219i este partea din noi care este cur\u0103\u021bit\u0103 \u0219i ap\u0103rat\u0103 de adev\u0103r \u0219i de lucrarea Duhului Sf\u00e2nt. Iisus este marele P\u0103stor al sufletelor noastre \u0219i trebuie s\u0103-i mul\u021bumim \u00een fiece zi.<\/p>\n<p style=\"text-align: right;\"><strong><em>Raisa Pl\u0103ie\u0219u pentru Traditia.md<\/em><\/strong><\/p>\n","protected":false},"excerpt":{"rendered":"<p>\u00cen toamna multa\u0219teptat\u0103, c\u00e2nd printre frunzele copacilor a plecat deja c\u0103ldura de var\u0103, parc\u0103 totul \u00een jur s-a lini\u0219tit \u0219i pa\u0219ii nu&hellip;<\/p>\n","protected":false},"author":3,"featured_media":29379,"comment_status":"open","ping_status":"closed","sticky":false,"template":"","format":"standard","meta":{"_lmt_disableupdate":"","_lmt_disable":"","slim_seo":{"title":"De ce ne doare sufletul \u0219i ce trebuie s\u0103 facem?.. - traditia.md","description":"\u00cen toamna multa\u0219teptat\u0103, c\u00e2nd printre frunzele copacilor a plecat deja c\u0103ldura de var\u0103, parc\u0103 totul \u00een jur s-a lini\u0219tit \u0219i pa\u0219ii nu se mai gr\u0103besc a\u0219a ca alt\u0103da"},"footnotes":""},"categories":[44,38],"tags":[],"class_list":["post-29378","post","type-post","status-publish","format-standard","has-post-thumbnail","hentry","category-actualitate","category-stiri"],"_links":{"self":[{"href":"https:\/\/traditia.md\/ro\/wp-json\/wp\/v2\/posts\/29378","targetHints":{"allow":["GET"]}}],"collection":[{"href":"https:\/\/traditia.md\/ro\/wp-json\/wp\/v2\/posts"}],"about":[{"href":"https:\/\/traditia.md\/ro\/wp-json\/wp\/v2\/types\/post"}],"author":[{"embeddable":true,"href":"https:\/\/traditia.md\/ro\/wp-json\/wp\/v2\/users\/3"}],"replies":[{"embeddable":true,"href":"https:\/\/traditia.md\/ro\/wp-json\/wp\/v2\/comments?post=29378"}],"version-history":[{"count":0,"href":"https:\/\/traditia.md\/ro\/wp-json\/wp\/v2\/posts\/29378\/revisions"}],"wp:featuredmedia":[{"embeddable":true,"href":"https:\/\/traditia.md\/ro\/wp-json\/wp\/v2\/media\/29379"}],"wp:attachment":[{"href":"https:\/\/traditia.md\/ro\/wp-json\/wp\/v2\/media?parent=29378"}],"wp:term":[{"taxonomy":"category","embeddable":true,"href":"https:\/\/traditia.md\/ro\/wp-json\/wp\/v2\/categories?post=29378"},{"taxonomy":"post_tag","embeddable":true,"href":"https:\/\/traditia.md\/ro\/wp-json\/wp\/v2\/tags?post=29378"}],"curies":[{"name":"wp","href":"https:\/\/api.w.org\/{rel}","templated":true}]}}