{"id":2937,"date":"2022-03-14T10:12:17","date_gmt":"2022-03-14T07:12:17","guid":{"rendered":"https:\/\/traditia.md\/?p=2937"},"modified":"2022-03-14T10:13:25","modified_gmt":"2022-03-14T07:13:25","slug":"doua-saptamani-alaturi-de-refugiati","status":"publish","type":"post","link":"https:\/\/traditia.md\/ro\/doua-saptamani-alaturi-de-refugiati\/","title":{"rendered":"Dou\u0103 s\u0103pt\u0103m\u00e2ni, al\u0103turi de refugia\u021bi"},"content":{"rendered":"<p><strong><em>Cre\u0219tinii nu pot r\u0103m\u00e2ne indiferen\u021bi fa\u021b\u0103 de nevoile \u0219i suferin\u021bele oamenilor nec\u0103ji\u021bi care fug de r\u0103zboi. \u00cen ajutorarea refugia\u021bilor ucraineni s-au implicat plenar \u0219i membrii comunit\u0103\u021bii bisericii <\/em><\/strong><strong><em>\u201e\u00cent\u00e2mpinarea Domnului\u201d pe l\u00e2ng\u0103 Universitatea de Stat din Moldova. Cu un cuv\u00e2nt de recuno\u0219tin\u021b\u0103 pentru cei milostivi vine parohul sf\u00e2ntului loca\u0219 protoiereul Octavian Mo\u0219in<\/em><\/strong><strong><em>.<\/em><\/strong><\/p>\n<p>\u00abV\u0103 salut\u0103m, dragii no\u0219tri, din incinta bisericii cu hramul \u201e\u00cent\u00e2mpinarea Domnului\u201d a Universit\u0103\u021bii de Stat din Moldova. Suntem lega\u021bi de dou\u0103 s\u0103pt\u0103m\u00e2ni de durerea fra\u021bilor no\u0219tri care se lupt\u0103 \u00een \u021bara vecin\u0103. Se vars\u0103 s\u00e2nge, s-a declan\u0219at un adev\u0103rat r\u0103zboi. Noi \u00eencerc\u0103m s\u0103 sprijinim, \u00een m\u0103sura puterilor noastre, pe ace\u0219tea care devin peste noapte refugia\u021bi. \u0218i care vin \u0219i cer sprijinul \u0219i ajutorul nostru.<\/p>\n<p>Practic, din prima zi de r\u0103zboi am venit c\u0103tre dumneavoastr\u0103 cu un \u00eendemn \u2013 s\u0103-i sprijinim pe ace\u0219tea mai tri\u0219ti ca noi. Niciodat\u0103 n-am sim\u021bit mai mult\u0103 c\u0103ldur\u0103 \u0219i mai mult\u0103 implicare din partea dumneavoastr\u0103 \u2013 a tuturor acelor care a\u021bi dat curs ini\u021biativei ca biserica USM s\u0103 se transforme \u00eentr-un adev\u0103rat centru de colectare a bunurilor. Iar de aici s\u0103 r\u0103sp\u00e2ndim toate aceste bun\u0103t\u0103\u021bi, pe care dumneavoastr\u0103 le-a\u021bi oferit, tuturor care au nevoie.<\/p>\n<p>\u00cen primul r\u00e2nd, vreau s\u0103 mul\u021bumesc celor de la Universitatea se Stat. Pentru c\u0103 d\u00e2n\u0219ii au fost primii \u0219i cei mai receptivi. \u00cencep\u00e2nd cu rectoratul \u0219i termin\u00e2nd cu mai multe facult\u0103\u021bi. Chiar mul\u021bi din personalul auxiliar s-au implicat s\u0103 aduc\u0103 ceva bunuri pentru refugia\u021bi.<\/p>\n<p><iframe title=\"Dou\u0103 s\u0103pt\u0103m\u00e2ni al\u0103turi de refugia\u021bi\" width=\"1170\" height=\"658\" src=\"https:\/\/www.youtube.com\/embed\/nH9RCz8_w-0?feature=oembed\" frameborder=\"0\" allow=\"accelerometer; autoplay; clipboard-write; encrypted-media; gyroscope; picture-in-picture\" allowfullscreen><\/iframe><\/p>\n<p>Apoi, sunt enoria\u0219ii no\u0219tri care au fost foarte receptivi. Unii au venit cu un leu, al\u021bii cu diverse bunuri, \u00eenc\u00e2t biserica s-a \u00eemplut cu aceste bunuri. Totodat\u0103, vreau s\u0103 mul\u021bumesc mai multor parohii, \u00een special parohiei Pepeni, raionul S\u00e2ngerei, precum \u0219i altor institu\u021bii de \u00eenv\u0103\u021b\u0103m\u00e2nt care, de asemenea, ne-au auzit \u0219i au r\u0103spuns apelului nostru de a veni \u0219i a sprijini aceast\u0103 campanie de ajutorare a refugia\u021bilor.<\/p>\n<p>Momentul culminant a fost legat de c\u00e2teva organiza\u021bii din Italia care, de asemenea, au trimis mai multe bunuri. Bun\u0103oar\u0103, firma \u00abProtection4kids\u00bb, dar \u0219i alte c\u00e2teva organiza\u021bii, care \u00eempreun\u0103 cu mai mul\u021bi credincio\u0219i \u2013 cu cei care vin de aici, din republic\u0103 \u2013 ne-au adus dou\u0103 transporturi pline cu mai multe bun\u0103t\u0103\u021bi. \u00cen special, vorbim de produse alimentare, haine \u0219i produse igienice.<\/p>\n<p>Noi de c\u00e2teva zile clasific\u0103m aceste bunuri pe care le-am primit. \u00cencerc\u0103m s\u0103 le punem dup\u0103 categorii. Pentru copii, pentru adul\u021bi, b\u0103rba\u021bi, femei. \u00cembr\u0103c\u0103minte de var\u0103, de iarn\u0103. Toate aceste le depozit\u0103m \u00een podul bisericii.<\/p>\n<p>Biblioteca temporar s-a transformat \u00een garderob\u0103 social\u0103, aici la fel sunt stocate o parte din bunurile pe care le-am primit de la fra\u021bii no\u0219tri din Italia, fapt pentru care le mul\u021bumesc.<\/p>\n<p>Totodat\u0103 vreau s\u0103-i mul\u021bumesc voluntarei noastre, Aurelia, care \u00eempreun\u0103 cu celelalte voluntare fac aceast\u0103 lucrare. Practic, stau din zori p\u00e2n\u0103 \u00een noapte ca s\u0103 le \u00eemparte pe toate \u0219i s\u0103 le clasifice.<\/p>\n<p>S\u0103 \u0219ti\u021bi c\u0103 avem zeci de familii care se adreseaz\u0103 zilnic. \u00cencerc\u0103m s\u0103 mergem \u0219i noi, am pronit-o \u0219i noi spre ei. Mai \u00eent\u00e2i am fost la \u201eMoldexpo\u201d, unde au \u00eenceput s\u0103 vin\u0103 primii refugia\u021bi.<\/p>\n<p>Apoi am fost la peste 200 de familii, am repartizat printre refugia\u021bii caza\u021bi \u00een familiile credincio\u0219ilor no\u0219tri. Unii \u0219i-au pus la dispozi\u021bie casa, al\u021bii un apartament. Al\u021bii o c\u0103su\u021b\u0103 sau o cas\u0103 de vacan\u021b\u0103 \u00een suburbia Chi\u0219in\u0103ului. Al\u021bii \u0219i-au luat oameni \u00eempreun\u0103 cu ei \u0219i a\u0219a tr\u0103iesc p\u00e2n\u0103 ast\u0103zi. Mul\u021bi au crezut c\u0103 r\u0103zboiul se va termena \u00een 2-3 zile \u0219i vor sc\u0103pa. Unii enoria\u0219i nu \u0219i-au calculat for\u021bele, \u00eenc\u00e2t au luat s\u0103 tr\u0103iasc\u0103 la d\u00e2n\u0219ii poate pe prea mul\u021bi. Dup\u0103 aceasta, peste o s\u0103pt\u0103m\u00e2n\u0103, au \u00eenceput s\u0103 apeleze \u2013 c\u0103 nu le ajung produse, c\u0103 au nevoie de haine, c\u0103 au nevoie de bani etc. Parctic zilnic conlucr\u0103m cu aceste familii care apeleaz\u0103 la noi.<\/p>\n<p>Totodat\u0103, avem o frumoas\u0103 conlucrare cu Direc\u021bia asisten\u021b\u0103 social\u0103 la nivel de municipiu. \u0218i de acolo ne vin tot felul de solicit\u0103ri, \u00eencerc\u0103m s\u0103 sprijinim pe to\u021bi care ne bat la u\u0219\u0103.<\/p>\n<p>Punem \u00een pungi de carton \u00een jum\u0103tate \u2013 produse igienice \u0219i produse alimentare \u2013 astfel \u00eenc\u00e2t oamenii s\u0103 le poat\u0103 m\u00e2nca f\u0103r\u0103 a le preg\u0103ti \u00een prealabil. \u0218i, iat\u0103, aceste pungi noi le \u00eenm\u00e2n\u0103m fie celor care sosesc, care intr\u0103 \u00een \u021bar\u0103, fie celor care pleac\u0103 mai departe. Totodat\u0103 le mul\u021bumim tuturor oamenilor de bun\u0103 credin\u021b\u0103 care au ajutat zeci de refugia\u021bi s\u0103 plece mai departe la locurile unde s-au \u00eendreptat, peste hotare.<\/p>\n<p>Iat\u0103, cam asta este lucrarea. Noi vom face zilele acestea \u0219i ni\u0219te totaluri. Nu vrem s\u0103 afi\u0219\u0103m lucrarea pe care o facem, dar vrem ca s\u0103 vede\u021bi ceea ce s-a adunat din mila oamenilor.<\/p>\n<p>Garderoba noastr\u0103 social\u0103 este arhiplin\u0103. Iat\u0103, aici este doar o parte din ceea ce vede\u021bi dumneavoastr\u0103 c\u0103 s-a adunat. Aici noi am pus produsele alimentare \u00eentr-o camer\u0103. Avem \u0219i aceste dulapuri, \u0219i tot sunt pline cu produse alimentare de jos p\u00e2n\u0103 sus.<\/p>\n<p>Iar muzeul ce poart\u0103 numele lui Nicolae Dabija care, de altfel, \u00eempline\u0219te un an de la trecerea la cele ve\u0219nice s-a transformat pentru c\u00e2teva zile \u00eentr-un depozit de plapume, perne \u0219i alte obiecte de igien\u0103.<\/p>\n<p>Vreau s\u0103 mul\u021bumesc tuturor care sunte\u021bi \u00eempreun\u0103 cu noi, care sprijini\u021bi aceast\u0103 lucrare. \u0218i s\u0103 dea Domnul ca Bunul Dumnezeu s\u0103 primeasc\u0103 aceast\u0103 jertf\u0103.<\/p>\n<p>Cu Doamne ajut\u0103!\u00bb<\/p>\n<p>&nbsp;<\/p>\n<p><strong><em>Octavianmosin.md<\/em><\/strong><\/p>\n<p>&nbsp;<\/p>\n","protected":false},"excerpt":{"rendered":"<p>Cre\u0219tinii nu pot r\u0103m\u00e2ne indiferen\u021bi fa\u021b\u0103 de nevoile \u0219i suferin\u021bele oamenilor nec\u0103ji\u021bi care fug de r\u0103zboi. \u00cen ajutorarea refugia\u021bilor ucraineni s-au implicat&hellip;<\/p>\n","protected":false},"author":1,"featured_media":2935,"comment_status":"open","ping_status":"closed","sticky":false,"template":"","format":"standard","meta":{"_lmt_disableupdate":"","_lmt_disable":"","slim_seo":{"title":"Dou\u0103 s\u0103pt\u0103m\u00e2ni, al\u0103turi de refugia\u021bi - traditia.md","description":"Cre\u0219tinii nu pot r\u0103m\u00e2ne indiferen\u021bi fa\u021b\u0103 de nevoile \u0219i suferin\u021bele oamenilor nec\u0103ji\u021bi care fug de r\u0103zboi. \u00cen ajutorarea refugia\u021bilor ucraineni s-au implicat ple"},"footnotes":""},"categories":[44,38],"tags":[],"class_list":["post-2937","post","type-post","status-publish","format-standard","has-post-thumbnail","hentry","category-actualitate","category-stiri"],"_links":{"self":[{"href":"https:\/\/traditia.md\/ro\/wp-json\/wp\/v2\/posts\/2937","targetHints":{"allow":["GET"]}}],"collection":[{"href":"https:\/\/traditia.md\/ro\/wp-json\/wp\/v2\/posts"}],"about":[{"href":"https:\/\/traditia.md\/ro\/wp-json\/wp\/v2\/types\/post"}],"author":[{"embeddable":true,"href":"https:\/\/traditia.md\/ro\/wp-json\/wp\/v2\/users\/1"}],"replies":[{"embeddable":true,"href":"https:\/\/traditia.md\/ro\/wp-json\/wp\/v2\/comments?post=2937"}],"version-history":[{"count":0,"href":"https:\/\/traditia.md\/ro\/wp-json\/wp\/v2\/posts\/2937\/revisions"}],"wp:featuredmedia":[{"embeddable":true,"href":"https:\/\/traditia.md\/ro\/wp-json\/wp\/v2\/media\/2935"}],"wp:attachment":[{"href":"https:\/\/traditia.md\/ro\/wp-json\/wp\/v2\/media?parent=2937"}],"wp:term":[{"taxonomy":"category","embeddable":true,"href":"https:\/\/traditia.md\/ro\/wp-json\/wp\/v2\/categories?post=2937"},{"taxonomy":"post_tag","embeddable":true,"href":"https:\/\/traditia.md\/ro\/wp-json\/wp\/v2\/tags?post=2937"}],"curies":[{"name":"wp","href":"https:\/\/api.w.org\/{rel}","templated":true}]}}