{"id":29297,"date":"2024-09-21T08:10:56","date_gmt":"2024-09-21T05:10:56","guid":{"rendered":"https:\/\/traditia.md\/?p=29297"},"modified":"2024-09-21T08:12:09","modified_gmt":"2024-09-21T05:12:09","slug":"21-septembrie-nasterea-preasfintei-nascatoare-de-dumnezeu","status":"publish","type":"post","link":"https:\/\/traditia.md\/ro\/21-septembrie-nasterea-preasfintei-nascatoare-de-dumnezeu\/","title":{"rendered":"21 septembrie: Na\u0219terea Preasfintei N\u0103sc\u0103toare de Dumnezeu"},"content":{"rendered":"<p>Veni\u0163i toate neamurile, tot neamul omenesc \u015fi toat\u0103 limba, toat\u0103 v\u00e2rsta \u015fi toat\u0103 vrednicia, cu veselie s\u0103 pr\u0103znuim na\u015fterea bucuriei cea a toat\u0103 lumea. C\u0103 dac\u0103 elinii, cu minciuna dr\u0103ceasc\u0103 \u015fi cu basme, care fur\u0103 mintea \u015fi \u00eentunec\u0103 adev\u0103rul \u015fi vat\u0103m\u0103, pe toata via\u0163a, cinsteau na\u015fterea \u00eemp\u0103ra\u0163ilor, jertfe aduc\u00e2nd fiecare dup\u0103 putere, cu at\u00e2t mai v\u00e2rtos noi se cuvine s\u0103 cinstim Na\u015fterea N\u0103sc\u0103toarei de Dumnezeu, prin care s-a \u00eennoit tot neamul omenesc \u015fi am\u0103r\u0103ciunea Evei \u00een bucurie a schimbat-o. C\u0103 Eva a auzit: <em>\u201e\u00centru dureri vei naste copii\u201d<\/em>, cu dumnezeiasca hot\u0103r\u00e2re, iar Maria: <em>\u201eBucur\u0103-te, cea plin\u0103 de har\u201c.<\/em> Eva: <em>\u201eAtras\u0103 vei fi c\u0103tre b\u0103rbatul tau\u201c<\/em>, iar Maria: <em>\u201eDomnul este cu tine\u201c<\/em>. Deci ce vom aduce Maicii Cuv\u00e2ntului, \u00een afar\u0103 de acest cuv\u00e2nt de laud\u0103?<\/p>\n<p>Toat\u0103 f\u0103ptura s\u0103 se osp\u0103teze \u015fi s\u0103 laude preasfin\u0163ita na\u015ftere a sfin\u0163itei Ana, c\u0103 a n\u0103scut lumii comoar\u0103 de bun\u0103t\u0103\u0163i nejefuit\u0103, fiindc\u0103 printr-\u00eensa Ziditorul a pref\u0103cut-o, \u00eenomenindu-Se toata firea \u00eentr-o mai bun\u0103 stare. C\u0103 omul, av\u00e2nd suflet \u015fi trup, este o leg\u0103tur\u0103 a toat\u0103 zidirea cea v\u0103zut\u0103 \u015fi cea nev\u0103zut\u0103, c\u0103 S-a unit Cuv\u00e2ntul lui Dumnezeu Ziditorul cu firea oamenilor \u015fi, prin aceasta, cu toat\u0103 zidirea s-a unit.<\/p>\n<p>Deci s\u0103 pr\u0103znuim \u015fi dezlegarea neputin\u0163elor omene\u015fti, c\u0103 s-a dezlegat mul\u0163imea darurilor dumnezeie\u015fti.<\/p>\n<p style=\"text-align: right;\"><strong><em>Sf\u00e2ntul Cuvios Ioan Damaschin<\/em><\/strong><\/p>\n","protected":false},"excerpt":{"rendered":"<p>Veni\u0163i toate neamurile, tot neamul omenesc \u015fi toat\u0103 limba, toat\u0103 v\u00e2rsta \u015fi toat\u0103 vrednicia, cu veselie s\u0103 pr\u0103znuim na\u015fterea bucuriei cea a&hellip;<\/p>\n","protected":false},"author":3,"featured_media":29295,"comment_status":"open","ping_status":"closed","sticky":false,"template":"","format":"standard","meta":{"_lmt_disableupdate":"","_lmt_disable":"","slim_seo":{"title":"21 septembrie: Na\u0219terea Preasfintei N\u0103sc\u0103toare de Dumnezeu - traditia.md","description":"Veni\u0163i toate neamurile, tot neamul omenesc \u015fi toat\u0103 limba, toat\u0103 v\u00e2rsta \u015fi toat\u0103 vrednicia, cu veselie s\u0103 pr\u0103znuim na\u015fterea bucuriei cea a toat\u0103 lumea. C\u0103 dac\u0103"},"footnotes":""},"categories":[40,38],"tags":[],"class_list":["post-29297","post","type-post","status-publish","format-standard","has-post-thumbnail","hentry","category-apararea-credintei","category-stiri"],"_links":{"self":[{"href":"https:\/\/traditia.md\/ro\/wp-json\/wp\/v2\/posts\/29297","targetHints":{"allow":["GET"]}}],"collection":[{"href":"https:\/\/traditia.md\/ro\/wp-json\/wp\/v2\/posts"}],"about":[{"href":"https:\/\/traditia.md\/ro\/wp-json\/wp\/v2\/types\/post"}],"author":[{"embeddable":true,"href":"https:\/\/traditia.md\/ro\/wp-json\/wp\/v2\/users\/3"}],"replies":[{"embeddable":true,"href":"https:\/\/traditia.md\/ro\/wp-json\/wp\/v2\/comments?post=29297"}],"version-history":[{"count":0,"href":"https:\/\/traditia.md\/ro\/wp-json\/wp\/v2\/posts\/29297\/revisions"}],"wp:featuredmedia":[{"embeddable":true,"href":"https:\/\/traditia.md\/ro\/wp-json\/wp\/v2\/media\/29295"}],"wp:attachment":[{"href":"https:\/\/traditia.md\/ro\/wp-json\/wp\/v2\/media?parent=29297"}],"wp:term":[{"taxonomy":"category","embeddable":true,"href":"https:\/\/traditia.md\/ro\/wp-json\/wp\/v2\/categories?post=29297"},{"taxonomy":"post_tag","embeddable":true,"href":"https:\/\/traditia.md\/ro\/wp-json\/wp\/v2\/tags?post=29297"}],"curies":[{"name":"wp","href":"https:\/\/api.w.org\/{rel}","templated":true}]}}