{"id":28496,"date":"2024-08-19T08:07:49","date_gmt":"2024-08-19T05:07:49","guid":{"rendered":"https:\/\/traditia.md\/?p=28496"},"modified":"2024-08-19T08:10:05","modified_gmt":"2024-08-19T05:10:05","slug":"patriarhul-chiril-despre-schimbarea-la-fata-a-domnului-iisus-hristos","status":"publish","type":"post","link":"https:\/\/traditia.md\/ro\/patriarhul-chiril-despre-schimbarea-la-fata-a-domnului-iisus-hristos\/","title":{"rendered":"Patriarhul Chiril despre Schimbarea la Fa\u021b\u0103 a Domnului Iisus Hristos"},"content":{"rendered":"<p><strong><em>S\u0103rb\u0103toare de azi a Schimb\u0103rii la Fa\u021b\u0103, care ne arat\u0103 chipul minunat al lui Hristos luminat, venit \u00een slav\u0103, trebuie s\u0103 ne ajute fiec\u0103ruia dintre noi care trece prin greut\u0103\u021bi interioare, care simte sl\u0103birea credin\u021bei, deziluzie, epuizare a sentimentului religios s\u0103 con\u0219tientiz\u0103m c\u0103 prin aceste ispite trece orice om, iar pentru a intra \u00een \u00cemp\u0103r\u0103\u021bia neapus\u0103 a slavei lui Dumnezeu este nevoie de t\u0103rie \u00een voca\u021bie \u0219i \u00een n\u0103dejde.<\/em><\/strong><\/p>\n<p>De cuv\u00e2ntul \u201eschimbare\u201d \u00eentotdeauna era asociat\u0103 speran\u021ba spre un viitor mai bun. Acest cuv\u00e2nt se folose\u0219te nu doar \u00een Sf\u00e2nta Scriptur\u0103, nu doar \u00een teologie, nu doar \u00een textele liturgice, dar \u0219i \u00een vorbirea noastr\u0103 de toate zilele. C\u00e2nd vorbim de schimbare, noi \u00een\u021belegem o nou\u0103 stare, deosebitoare de precedenta, noi \u00een\u021belegem o anumit\u0103 schimbare principial\u0103 de o importan\u021b\u0103 enorm\u0103. O schimbare care, f\u0103r\u0103 \u00eendoial\u0103, va duce la mai bine dec\u00e2t a fost. Anume de aceea noi vorbim despre schimbarea personalit\u0103\u021bii, despre schimbarea societ\u0103\u021bii, despre schimbarea statutului, de fiecare dat\u0103 pun\u00e2nd \u00een acest cuv\u00e2nt speran\u021ba noastr\u0103.<\/p>\n<p>Iar s\u0103rb\u0103toarea Schimbarea la Fa\u021b\u0103 a M\u00e2ntuitorului ne readuce la aceast\u0103 minunat\u0103 istorie de pe muntele Tabor. Domnul s-a schimbat acolo \u2013 dintr-un om obi\u0219nuit, cum \u00cel vedea fiecare, El a devenit altul. Fa\u021ba Lui, hainele Lui str\u0103luceau ca z\u0103pada, spune apostolul (vezi: Mt. 17: 1-9). Ce \u00eenseamn\u0103 z\u0103pada pentru acele regiuni sudice? Este ceva unic, uimitor, este un oarecare etalon de cur\u0103\u021bie \u0219i frumuse\u021be, este reflectarea cerului pe p\u0103m\u00e2nt. Doar pe v\u00e2rful muntelui Chevron erau mici por\u021biuni de z\u0103pad\u0103. Probabil c\u0103 atunci, ca \u0219i azi, locuitorii Palestinei, privind la acea \u00een\u0103l\u021bime, admirau acoper\u0103m\u00e2ntul de om\u0103t. De aceea se folose\u0219te aceast\u0103 imagine a z\u0103pezii ca simbol al albe\u021bii, pentru a exprima sentimentele apostolilor, care au v\u0103zut pe M\u00e2ntuitorul schimbat, Ce str\u0103lucea ca z\u0103pada pe v\u00e2rful muntelui.<\/p>\n<p>Pentru ce a fost nevoie de aceast\u0103 schimbare chiar \u00een ajun, cu pu\u021bin timp \u00eenainte de suferin\u021bele M\u00e2ntuitorului? Condacul s\u0103rb\u0103torii de azi ne r\u0103spunde la aceast\u0103 \u00eentrebare: <em>v\u0103z\u00e2nd suferin\u021ba de bun\u0103 voie, lumii s\u0103 propov\u0103duiasc\u0103.<\/em> De ce era nevoie, \u00eenainte de aceste suferin\u021be acceptate de bun\u0103 voie, s\u0103 se arate slava Domnului? Ca s\u0103 nu se \u00eentunece credin\u021ba apostolilor, ca, privind la Hristos \u00eens\u00e2ngerat, \u00eenjosit, r\u0103stignit, manifest\u00e2nd \u00een Sine un simbol al neputin\u021bei \u0219i \u00eenfr\u00e2ngerii, ei, \u021bin\u00e2nd minte Schimbarea la fa\u021b\u0103 de pe Tabor, s\u0103 cread\u0103 c\u0103 r\u0103stignirea este de bun\u0103 voie \u0219i ca r\u0103stignirea s\u0103 nu-i \u00eempiedice s\u0103 propov\u0103duiasc\u0103 \u00eentregii lumi \u00eentru m\u00e2ntuire acest chip al M\u00e2ntuitorului \u00eenjosit. (&#8230;)<\/p>\n<p>S\u0103rb\u0103toare de azi a Schimb\u0103rii la Fa\u021b\u0103, care ne arat\u0103 chipul minunat al lui Hristos luminat, venit \u00een slav\u0103, trebuie s\u0103 ne ajute fiec\u0103ruia dintre noi care trece prin greut\u0103\u021bi interioare, care simte sl\u0103birea credin\u021bei, deziluzie, epuizare a sentimentului religios. Evenimentul Schimb\u0103rii la Fa\u021b\u0103 trebuie s\u0103 ne ajute s\u0103 con\u0219tientiz\u0103m c\u0103 prin aceste ispite trece orice om, iar pentru a intra \u00een \u00cemp\u0103r\u0103\u021bia neapus\u0103 a slavei lui Dumnezeu, dup\u0103 cum spune \u00een citirea apostolic\u0103 de azi \u00eent\u00e2iul \u00eentre apostoli Petru, este nevoie de t\u0103rie \u00een voca\u021bie \u0219i \u00een n\u0103dejde.<\/p>\n<p>S\u0103 ne ajute nou\u0103 tuturor Domnul s\u0103 dep\u0103\u0219im problemele noastre interioare, r\u0103m\u00e2n\u00e2nd puternici \u00een credin\u021ba noastr\u0103 \u0219i capabili s\u0103 fim fideli lui Hristos chiar \u0219i p\u00e2n\u0103 la moarte.<\/p>\n<p><strong><em>Din predica Sanctit\u0103\u021bii Sale Patriarhul Chiril <br \/>\nde s\u0103rb\u0103toarea Schim\u0103rii la Fa\u021b\u0103 a Domnului <br \/>\nla M\u0103n\u0103stirea de c\u0103lug\u0103ri din Solovki, <br \/>\n19 august 2013<\/em><\/strong><\/p>\n<p style=\"text-align: right;\"><em>Sursa: <a href=\"http:\/\/www.patriarchia.ru\/md\/db\/text\/3173469.html\"><strong>Site-ul oficial al Patriarhiei Moscovei<\/strong><\/a><\/em><\/p>\n<p><strong>La aceia\u0219i tem\u0103:<\/strong><\/p>\n<p><a href=\"https:\/\/traditia.md\/ro\/schimbarea-la-fata-a-domnului\/\"><strong><em>Schimbarea la Fa\u021b\u0103 a Domnului<\/em><\/strong><\/a><\/p>\n<p><a href=\"https:\/\/traditia.md\/ro\/schimbatu-te-ai-la-fata-in-munte-hristoase-dumnezeule-aratand-ucenicilor-tai-slava-ta\/\"><strong><em>Schimbatu-Te-ai la fa\u0163\u0103, \u00een munte, Hristoase Dumnezeule, ar\u0103t\u00e2nd ucenicilor T\u0103i slava Ta<\/em><\/strong><\/a><\/p>\n<p><a href=\"https:\/\/traditia.md\/ro\/schimbarea-la-fata-a-mantuitorului-ce-este-mai-important-decat-sfintirea-cosurilor-cu-fructe\/\"><strong><em>Schimbarea la Fa\u021b\u0103 a M\u00e2ntuitorului: ce este mai important dec\u00e2t sfin\u021birea co\u0219urilor cu fructe?<\/em><\/strong><\/a><\/p>\n","protected":false},"excerpt":{"rendered":"<p>S\u0103rb\u0103toare de azi a Schimb\u0103rii la Fa\u021b\u0103, care ne arat\u0103 chipul minunat al lui Hristos luminat, venit \u00een slav\u0103, trebuie s\u0103 ne&hellip;<\/p>\n","protected":false},"author":3,"featured_media":28494,"comment_status":"open","ping_status":"closed","sticky":false,"template":"","format":"standard","meta":{"_lmt_disableupdate":"","_lmt_disable":"","slim_seo":{"title":"Patriarhul Chiril despre Schimbarea la Fa\u021b\u0103 a Domnului Iisus Hristos - traditia.md","description":"S\u0103rb\u0103toare de azi a Schimb\u0103rii la Fa\u021b\u0103, care ne arat\u0103 chipul minunat al lui Hristos luminat, venit \u00een slav\u0103, trebuie s\u0103 ne ajute fiec\u0103ruia dintre noi care trece"},"footnotes":""},"categories":[40,38],"tags":[],"class_list":["post-28496","post","type-post","status-publish","format-standard","has-post-thumbnail","hentry","category-apararea-credintei","category-stiri"],"_links":{"self":[{"href":"https:\/\/traditia.md\/ro\/wp-json\/wp\/v2\/posts\/28496","targetHints":{"allow":["GET"]}}],"collection":[{"href":"https:\/\/traditia.md\/ro\/wp-json\/wp\/v2\/posts"}],"about":[{"href":"https:\/\/traditia.md\/ro\/wp-json\/wp\/v2\/types\/post"}],"author":[{"embeddable":true,"href":"https:\/\/traditia.md\/ro\/wp-json\/wp\/v2\/users\/3"}],"replies":[{"embeddable":true,"href":"https:\/\/traditia.md\/ro\/wp-json\/wp\/v2\/comments?post=28496"}],"version-history":[{"count":0,"href":"https:\/\/traditia.md\/ro\/wp-json\/wp\/v2\/posts\/28496\/revisions"}],"wp:featuredmedia":[{"embeddable":true,"href":"https:\/\/traditia.md\/ro\/wp-json\/wp\/v2\/media\/28494"}],"wp:attachment":[{"href":"https:\/\/traditia.md\/ro\/wp-json\/wp\/v2\/media?parent=28496"}],"wp:term":[{"taxonomy":"category","embeddable":true,"href":"https:\/\/traditia.md\/ro\/wp-json\/wp\/v2\/categories?post=28496"},{"taxonomy":"post_tag","embeddable":true,"href":"https:\/\/traditia.md\/ro\/wp-json\/wp\/v2\/tags?post=28496"}],"curies":[{"name":"wp","href":"https:\/\/api.w.org\/{rel}","templated":true}]}}