{"id":28483,"date":"2024-08-17T10:26:25","date_gmt":"2024-08-17T07:26:25","guid":{"rendered":"https:\/\/traditia.md\/?p=28483"},"modified":"2024-08-17T10:28:20","modified_gmt":"2024-08-17T07:28:20","slug":"preotii-sunt-indemnati-sa-participe-la-careul-primul-sunet-in-ziua-de-2-septembrie","status":"publish","type":"post","link":"https:\/\/traditia.md\/ro\/preotii-sunt-indemnati-sa-participe-la-careul-primul-sunet-in-ziua-de-2-septembrie\/","title":{"rendered":"Preo\u021bii sunt \u00eendemna\u021bi s\u0103 participe la careul \u201ePrimul Sunet\u201d \u00een ziua de 2 septembrie"},"content":{"rendered":"<p><strong><em>\u00cen leg\u0103tur\u0103 cu faptul c\u0103, \u00een anul 2024, data de 1 septembrie cade duminic\u0103, zi de participare la sfintele slujbe, Mitropolia Chi\u0219in\u0103ului \u0219i a \u00eentregii Moldove a venit cu un apel la institu\u021biile de \u00eenv\u0103\u021b\u0103m\u00e2nt s\u0103 organizeze careul de \u201ePrimul Sunet\u201d luni, la 2 septembrie.<\/em><\/strong><\/p>\n<p>Ministerul Educa\u021biei \u0219i Cercet\u0103rii a emis o circular\u0103 prin care institu\u021biile de \u00eenv\u0103\u021b\u0103m\u00e2nt au libertatea de a stabili data \u0219i ora desf\u0103\u0219ur\u0103rii careului de \u201ePrimul Sunet\u201d pentru anul \u0219colar 2024-2025. Aceast\u0103 decizie va fi luat\u0103 \u00een urma consult\u0103rii comunit\u0103\u021bii \u0219colare \u0219i a hot\u0103r\u00e2rii consiliului profesoral, av\u00e2nd \u00een vedere nevoile \u0219i preferin\u021bele specifice fiec\u0103rei institu\u021bii.<\/p>\n<p>Astfel, institu\u021biile de \u00eenv\u0103\u021b\u0103m\u00e2nt pot organiza careul de \u201ePrimul Sunet\u201d fie pe data de 1 septembrie 2024, fie pe data de 2 septembrie 2024, conform deciziei proprii. Potrivit Direc\u021biei mitropolitane, ar fi bine ca activitatea de \u00eenceput al anului \u0219colar s\u0103 fie organizat\u0103 luni \u0219i nu duminica, lu\u00e2nd \u00een considerare faptul c\u0103 Republica Moldova e o \u021bar\u0103 cu popula\u021bie majoritar ortodox\u0103.<\/p>\n<p>Institu\u021biile de \u00eenv\u0103\u021b\u0103m\u00e2nt sunt chemate s\u0103 organizeze careul de \u201ePrimul Sunet\u201d luni, 2 septembrie, \u00eendeplinind astfel porunca scripturistic\u0103 a respect\u0103rii duminicii drept zi de odihn\u0103 \u0219i de participare la sfintele slujbe.<\/p>\n<p>\u00cen acest context, Direc\u021bia mitropolitan\u0103 \u00eendeamn\u0103 preo\u021bii s\u0103 participe la careul organizat pe data de 2 septembrie \u0219i s\u0103 binecuv\u00e2nteze acest eveniment prin citirea rug\u0103ciunii pentru elevi \u0219i corpul profesoral, rug\u0103ciune reg\u0103sit\u0103 \u00een Molitfelnic.<\/p>\n<p style=\"text-align: right;\"><em>Sursa: <a href=\"https:\/\/mitropolia.md\/directia-mitropolitana-indeamna-preotii-sa-participe-la-careul-primul-sunet-la-2-septembrie\/\"><strong>Mitropolia Chi\u0219in\u0103ului \u0219i a \u00eentregii Moldova<\/strong><\/a><\/em><\/p>\n","protected":false},"excerpt":{"rendered":"<p>\u00cen leg\u0103tur\u0103 cu faptul c\u0103, \u00een anul 2024, data de 1 septembrie cade duminic\u0103, zi de participare la sfintele slujbe, Mitropolia Chi\u0219in\u0103ului&hellip;<\/p>\n","protected":false},"author":3,"featured_media":28481,"comment_status":"open","ping_status":"closed","sticky":false,"template":"","format":"standard","meta":{"_lmt_disableupdate":"","_lmt_disable":"","slim_seo":{"title":"Preo\u021bii sunt \u00eendemna\u021bi s\u0103 participe la careul \u201ePrimul Sunet\u201d \u00een ziua de 2 septembrie - traditia.md","description":"\u00cen leg\u0103tur\u0103 cu faptul c\u0103, \u00een anul 2024, data de 1 septembrie cade duminic\u0103, zi de participare la sfintele slujbe, Mitropolia Chi\u0219in\u0103ului \u0219i a \u00eentregii Moldove a"},"footnotes":""},"categories":[39,38],"tags":[],"class_list":["post-28483","post","type-post","status-publish","format-standard","has-post-thumbnail","hentry","category-biserica-si-societatea","category-stiri"],"_links":{"self":[{"href":"https:\/\/traditia.md\/ro\/wp-json\/wp\/v2\/posts\/28483","targetHints":{"allow":["GET"]}}],"collection":[{"href":"https:\/\/traditia.md\/ro\/wp-json\/wp\/v2\/posts"}],"about":[{"href":"https:\/\/traditia.md\/ro\/wp-json\/wp\/v2\/types\/post"}],"author":[{"embeddable":true,"href":"https:\/\/traditia.md\/ro\/wp-json\/wp\/v2\/users\/3"}],"replies":[{"embeddable":true,"href":"https:\/\/traditia.md\/ro\/wp-json\/wp\/v2\/comments?post=28483"}],"version-history":[{"count":0,"href":"https:\/\/traditia.md\/ro\/wp-json\/wp\/v2\/posts\/28483\/revisions"}],"wp:featuredmedia":[{"embeddable":true,"href":"https:\/\/traditia.md\/ro\/wp-json\/wp\/v2\/media\/28481"}],"wp:attachment":[{"href":"https:\/\/traditia.md\/ro\/wp-json\/wp\/v2\/media?parent=28483"}],"wp:term":[{"taxonomy":"category","embeddable":true,"href":"https:\/\/traditia.md\/ro\/wp-json\/wp\/v2\/categories?post=28483"},{"taxonomy":"post_tag","embeddable":true,"href":"https:\/\/traditia.md\/ro\/wp-json\/wp\/v2\/tags?post=28483"}],"curies":[{"name":"wp","href":"https:\/\/api.w.org\/{rel}","templated":true}]}}