{"id":27942,"date":"2024-07-21T09:47:00","date_gmt":"2024-07-21T07:47:00","guid":{"rendered":"https:\/\/traditia.md\/?p=27942"},"modified":"2024-07-21T09:48:54","modified_gmt":"2024-07-21T07:48:54","slug":"dupa-credinta-voastra-fie-voua-2","status":"publish","type":"post","link":"https:\/\/traditia.md\/ro\/dupa-credinta-voastra-fie-voua-2\/","title":{"rendered":"Dup\u0103 credin\u0163a voastr\u0103, fie vou\u0103!"},"content":{"rendered":"<p><strong><em>Ora\u0219ul Capernaum, \u00een care M\u00e2ntuitorul a predicat \u0219i a s\u0103v\u00e2r\u0219it mai multe minuni descrise \u00een Sf\u00e2nta Evanghelie \u0219i unde au fost chema\u021bi primii apostoli pescari, se afla pe malul nord-vestic al lacului Ghenizaret (Marea Galileii). Devenit sat dup\u0103 n\u0103v\u0103lirile arabe, a fost p\u0103r\u0103sit definitiv \u00een secolul XIII, ast\u0103zi p\u0103str\u00e2ndu-se doar ruine. \u00cen sec. XX teritoriul s\u0103u a fost \u00eemp\u0103r\u021bit \u00een dou\u0103, o parte revenindu-i Bisericii romano-catolice, alta \u2013 Bisericii Ortodoxe (Patriarhia Ierusalimului). Per ansamblu locul a devenit un parc na\u021bional \u00een statul Israel. <\/em><\/strong><\/p>\n<p>Ast\u0103zi \u00een cultura mondial\u0103 cuv\u00e2ntul \u201ecapernaum\u201d a c\u0103p\u0103tat un sens peiorativ. Nu putem s\u0103 nu aducem aminte cuvintele M\u00e2ntuitorului: <em>\u201e\u015ei tu, Capernaume: N-ai fost \u00een\u0103l\u0163at p\u00e2n\u0103 la cer? P\u00e2n\u0103 la iad te vei cobor\u00ee.\u201d<\/em> (Matei 11:23). Imaginea sa evanghelic\u0103 este cea care mai d\u0103inuie, c\u0103ci t\u0103inuie\u0219te urmele minunate ale M\u00e2ntuitorului Iisus Hristos.<\/p>\n<p>Dou\u0103 mii \u0219i ceva de ani \u00een urm\u0103, pe c\u00e2nd Iisus a intrat odat\u0103 \u00een Capernaum, s-a apropiat de El un suta\u0219 (centurion), adic\u0103 un ofi\u021ber comandant \u00een armat\u0103 roman\u0103. De\u0219i p\u0103g\u00e2n, a aflat \u0219i a crezut \u00een nemaipomenita lucrare a lui Iisus. \u0218i L-a rugat pe Domnul, anun\u021b\u00e2ndu-I c\u0103 o slug\u0103 t\u00e2n\u0103r\u0103 de-a sa zace \u00een propria lui cas\u0103, sl\u0103b\u0103nog fiind, \u0219i se chinuie cumplit (Matei 8:6).<\/p>\n<p>Este interesant c\u0103 suta\u0219ul \u00cel roag\u0103 (dup\u0103 cum este scris \u00een Evanghelie), dar totu\u0219i cu o oarecare sfial\u0103, limit\u00e2ndu-se la doar a anun\u021ba necazul avut, ne\u00eendr\u0103znind de a-L ruga direct. Iar Iisus, v\u0103z\u00e2nd aceast\u0103 ie\u0219ire deosebit\u0103 a unui \u0219ef p\u0103g\u00e2n care f\u0103cea parte din trupele romane de ocupa\u021bie \u0219i care d\u0103dea dovad\u0103 de o credin\u021b\u0103 \u00een misiunea deosebit\u0103 a lui Hristos \u2013 \u00eei spune c\u0103 va veni \u0219i-l va vindeca. \u00cen acest fel suta\u0219ul este provocat s\u0103 r\u0103spund\u0103, ar\u0103t\u00e2ndu-ne nou\u0103 \u0219i iudeilor prezen\u021bi, pe l\u00e2ng\u0103 smerenie, \u0219i o v\u0103dit\u0103 credin\u021b\u0103 puternic\u0103: <em>\u201eDoamne, nu sunt vrednic s\u0103 intri sub acoperi\u015ful meu, ci numai zi cu cuv\u00e2ntul \u015fi se va vindeca sluga mea. C\u0103 \u015fi eu sunt om sub st\u0103p\u00e2nirea altora \u015fi am sub mine osta\u015fi \u015fi-i spun acestuia: Du-te, \u015fi se duce; \u015fi celuilalt: Vino, \u015fi vine; \u015fi slugii mele: F\u0103 aceasta, \u015fi face.\u201d<\/em> (Matei 8:8-9)<\/p>\n<p>De aceast\u0103 dat\u0103 Iisus se mir\u0103 mult de asemenea cuvinte \u0219i le spune celor ce veneau dup\u0103 El c\u0103 la nimeni din Israel nu a g\u0103sit at\u00e2ta credin\u021b\u0103 ca la acest suta\u0219. Mai departe anun\u021b\u0103 o profe\u021bie cu totul deosebit\u0103, care s-a adeverit \u00eentru totul. \u0218i anume c\u0103 mul\u021bi <em>\u201evor veni de la r\u0103s\u0103rit \u0219i apus \u0219i vor sta la mas\u0103 cu Avraam, Isaac \u0219i Iacov \u00een \u00cemp\u0103r\u0103\u021bia cerurilor\u201d<\/em>. Adic\u0103 ceea ce era preg\u0103tit strict poporului ales, de a sta la masa \u00cemp\u0103r\u0103\u021biei Dumnezeului lui Avraam, Isaac \u0219i Iacov, va fi accesibil \u0219i altor popoare, p\u0103g\u00e2ne \u0219i periferice, care vor da dovad\u0103 de mai mult\u0103 credin\u021b\u0103, smerenie \u0219i sfin\u021benie dec\u00e2t poporul lui Avraam, Isaac \u0219i Iacov, care sunt evreii \u2013 numi\u021bi <em>\u201efiii \u00cemp\u0103r\u0103\u021biei\u201d<\/em>. Ru\u0219ina\u021bi fiind pentru trufia \u0219i f\u0103\u021b\u0103rnicia lor \u2013 \u00a0<em>\u201evor fi arunca\u021bi \u00een \u00eentunericul cel mai din afar\u0103; acolo va fi pl\u00e2ngerea \u015fi scr\u00e2\u015fnirea din\u0163ilor.<\/em>\u201d<\/p>\n<p>Ei care din na\u0219tere apar\u021bin poporului ales vor ajunge respin\u0219i \u0219i lep\u0103da\u021bi de Dumnezeu pentru necredin\u021ba \u0219i cruzimea lor (Matei 10:33), \u0219i arunca\u021bi \u00een starea de \u00eendep\u0103rtare infernal\u0103 fa\u021b\u0103 de Dumnezeu \u2013 sursa vie\u021bii \u0219i luminii. Astfel cei dint\u00e2i devin cei de pe urm\u0103, iar cei de pe urm\u0103 devin cei dint\u00e2i. De\u0219i cu to\u021bii suntem \u00een \u00eentuneric (1 Corinteni 13:12), exist\u0103 a\u0219adar o ierarhie a \u00eentunericului (respectiv a luminozit\u0103\u021bii), \u00eemp\u0103r\u021bit \u00een primul r\u00e2nd \u00een cel interior \u0219i \u00een cel exterior (\u201edin afar\u0103\u201d), care indic\u0103 gradul de \u00eendep\u0103rtare fa\u021b\u0103 de \u201eSoarele drept\u0103\u021bii\u201d, care este Hristos, plasat arhitectural \u00een v\u00e2rful bol\u021bii biserice\u0219ti \u2013 Piatra din capul unghiului. Cap\u0103tul \u00eendep\u0103rt\u0103rii este descris drept loc unde e pl\u00e2nsul \u0219i scr\u00e2\u0219nirea din\u021bilor \u2013 imagine ce descrie o stare a disper\u0103rii profunde, f\u0103r\u0103 de ie\u0219ire (un fel de <em>horror sacrilegii<\/em>).<\/p>\n<p>Poporul ales va fi \u00eenlocuit de poporul cre\u0219tin, care formeaz\u0103 Biserica lui Hristos, Adev\u0103ratul Israel, \u0219i care va c\u0103p\u0103ta caracteristic\u0103 suprana\u021bional\u0103 \u0219i va fi bazat\u0103 pe unirea cu Duhul lui Hristos (Romani 8:9), \u00een care nu mai este elin, nici iudeu (Galateni 3:28). De\u0219i pericolul arunc\u0103rii \u00een \u00eentunericul cel mai dinafar\u0103 este p\u0103strat \u0219i pentru membrii acestui popor nou ales, dac\u0103 ei se vor <em>iudeiza<\/em>, vor tr\u0103i superficial \u0219i indiferent \u0219i nu vor mai tinde c\u0103tre sfin\u021benie, iubire \u0219i adev\u0103r, conform \u00eenv\u0103\u021b\u0103turii evanghelice (1 Petru 2:9). <em>\u201eC\u0103ci dac\u0103 Dumnezeu n-a cru\u0163at ramurile fire\u015fti, nici pe tine [ramur\u0103 de m\u0103slin s\u0103lbatic, n. m.] nu te va cru\u0163a.\u201d<\/em> (Romani 11:21)<\/p>\n<p>Totu\u0219i misiunea poporului iudeu nu s-a \u00eencheiat, el oricum r\u0103m\u00e2ne un popor ales, de\u0219i de aceast\u0103 dat\u0103 ales pentru na\u0219terea celui a\u0219teptat de d\u00e2n\u0219ii, \u0219i care va veni \u00een numele s\u0103u. <em>\u201eEu am venit \u00een numele Tat\u0103lui Meu \u015fi voi nu M\u0103 primi\u0163i; dac\u0103 va veni altul \u00een numele s\u0103u, pe acela \u00eel ve\u0163i primi.\u201d<\/em> (Ioan 5:43) Lucru prezis \u00een mai multe locuri (se are \u00een vedere venirea lui antihrist), \u0219i f\u0103r\u0103 de care nu putem ajunge la Parusia.<\/p>\n<p>Astfel poporul evreu continu\u0103 s\u0103 joace un rol tainic \u00een iconomia lui Dumnezeu. <em>\u201e&#8230;C\u0103ci dac\u0103 \u00eenl\u0103turarea lor [a iudeilor, n m.] a adus \u00eemp\u0103carea lumii, ce va fi primirea lor la loc, dac\u0103 nu o \u00eenviere din mor\u0163i?..\u201d <\/em>(Romani 11:15)<\/p>\n<p>C\u00e2nd o s\u0103 vrem s\u0103-L rug\u0103m ceva pe Dumnezeu, s\u0103 ne aducem aminte de acest suta\u0219, de inima sa miluitoare, de smerenia sa ad\u00e2nc\u0103, credin\u021ba \u0219i n\u0103dejdea puternic\u0103 \u00een M\u00e2ntuitorul Hristos. Acest pasaj este actual \u00een special pentru to\u021bi directorii, ofi\u021berii, \u0219efii \u0219i conduc\u0103torii care au \u00een subordine lucr\u0103tori \u0219i slujitori. Mai ales ast\u0103zi, c\u00e2nd omul a ajuns at\u00e2t de devalorizat (spunea undeva Andr\u00e9 Malraux: de cum au ap\u0103rut ma\u0219inile, omul s-a ieftinit \u0219i cu c\u00e2t progreseaz\u0103 tehnica, cu at\u00e2t scade pre\u021bul omului).<\/p>\n<p><em>\u201e\u015ei a zis Iisus suta\u015fului: Du-te, fie \u0163ie dup\u0103 cum ai crezut. \u015ei s-a \u00eens\u0103n\u0103to\u015fit sluga lui \u00een ceasul acela.\u201d<\/em>(Matei 8:13)<\/p>\n<p style=\"text-align: right;\"><strong><em>Iereu Anatolie Juraveli<\/em><\/strong><\/p>\n","protected":false},"excerpt":{"rendered":"<p>Ora\u0219ul Capernaum, \u00een care M\u00e2ntuitorul a predicat \u0219i a s\u0103v\u00e2r\u0219it mai multe minuni descrise \u00een Sf\u00e2nta Evanghelie \u0219i unde au fost chema\u021bi&hellip;<\/p>\n","protected":false},"author":3,"featured_media":27940,"comment_status":"open","ping_status":"closed","sticky":false,"template":"","format":"standard","meta":{"_lmt_disableupdate":"","_lmt_disable":"","slim_seo":{"title":"Dup\u0103 credin\u0163a voastr\u0103, fie vou\u0103! - traditia.md","description":"Ora\u0219ul Capernaum, \u00een care M\u00e2ntuitorul a predicat \u0219i a s\u0103v\u00e2r\u0219it mai multe minuni descrise \u00een Sf\u00e2nta Evanghelie \u0219i unde au fost chema\u021bi primii apostoli pescari, s"},"footnotes":""},"categories":[1722,40,45,38],"tags":[],"class_list":["post-27942","post","type-post","status-publish","format-standard","has-post-thumbnail","hentry","category-anatolie-juraveli","category-apararea-credintei","category-bloguri","category-stiri"],"_links":{"self":[{"href":"https:\/\/traditia.md\/ro\/wp-json\/wp\/v2\/posts\/27942","targetHints":{"allow":["GET"]}}],"collection":[{"href":"https:\/\/traditia.md\/ro\/wp-json\/wp\/v2\/posts"}],"about":[{"href":"https:\/\/traditia.md\/ro\/wp-json\/wp\/v2\/types\/post"}],"author":[{"embeddable":true,"href":"https:\/\/traditia.md\/ro\/wp-json\/wp\/v2\/users\/3"}],"replies":[{"embeddable":true,"href":"https:\/\/traditia.md\/ro\/wp-json\/wp\/v2\/comments?post=27942"}],"version-history":[{"count":0,"href":"https:\/\/traditia.md\/ro\/wp-json\/wp\/v2\/posts\/27942\/revisions"}],"wp:featuredmedia":[{"embeddable":true,"href":"https:\/\/traditia.md\/ro\/wp-json\/wp\/v2\/media\/27940"}],"wp:attachment":[{"href":"https:\/\/traditia.md\/ro\/wp-json\/wp\/v2\/media?parent=27942"}],"wp:term":[{"taxonomy":"category","embeddable":true,"href":"https:\/\/traditia.md\/ro\/wp-json\/wp\/v2\/categories?post=27942"},{"taxonomy":"post_tag","embeddable":true,"href":"https:\/\/traditia.md\/ro\/wp-json\/wp\/v2\/tags?post=27942"}],"curies":[{"name":"wp","href":"https:\/\/api.w.org\/{rel}","templated":true}]}}