{"id":27527,"date":"2024-07-04T09:11:40","date_gmt":"2024-07-04T07:11:40","guid":{"rendered":"https:\/\/traditia.md\/?p=27527"},"modified":"2024-07-04T09:12:52","modified_gmt":"2024-07-04T07:12:52","slug":"evanghelia-zilei-despre-atitudinea-crestina-fata-de-furtunele-vietii","status":"publish","type":"post","link":"https:\/\/traditia.md\/ro\/evanghelia-zilei-despre-atitudinea-crestina-fata-de-furtunele-vietii\/","title":{"rendered":"Evanghelia zilei despre atitudinea cre\u0219tin\u0103 fa\u021b\u0103 de furtunele vie\u021bii"},"content":{"rendered":"<p><em>Intr\u00e2nd El \u00een corabie, ucenicii Lui L-au urmat. \u015ei, iat\u0103, furtun\u0103 mare s-a ridicat pe mare, \u00eenc\u00e2t corabia se acoperea de valuri; iar El dormea.<br \/>\n\u015ei venind ucenicii la El, L-au de\u015fteptat zic\u00e2nd: Doamne, m\u00e2ntuie\u015fte-ne, c\u0103 pierim. Iisus le-a zis: De ce v\u0103 este fric\u0103, pu\u0163in credincio\u015filor? S-a sculat atunci, a certat v\u00e2nturile \u015fi marea \u015fi s-a f\u0103cut lini\u015fte deplin\u0103.<br \/>\nIar oamenii s-au mirat, zic\u00e2nd: Cine este Acesta c\u0103 \u015fi v\u00e2nturile \u015fi marea ascult\u0103 de El?<\/em> (Mt. 8:23-27)<\/p>\n<p><strong>T\u00e2lcuirea Sf\u00e2ntului Ierarh Teofan Z\u0103vor\u00e2tul<\/strong><\/p>\n<p>Se \u00eendreptau spre \u0163\u0103rmul cel\u0103lalt al m\u0103rii. Domnul dormea. S-a pornit o furtun\u0103 \u015fi to\u0163i au fost cuprin\u015fi de groaz\u0103, iar despre faptul c\u0103 Domnul era cu ei \u015fi, ca atare, nu aveau a se teme de nimic, au uitat.<\/p>\n<p>A\u015fa se \u00eent\u00e2mpl\u0103 \u015fi \u00een via\u0163\u0103, at\u00e2t \u00een cea din afar\u0103, c\u00e2t \u015fi \u00een cea l\u0103untric\u0103. Se porne\u015fte o furtun\u0103 de str\u00e2mtor\u0103ri sau de patimi, iar noi ne tulbur\u0103m p\u00e2n\u0103 ce c\u0103dem suflete\u015fte, socotind c\u0103 a\u015fa e firesc; dar Domnul ne trimite lec\u0163ia: \u201epu\u0163in credincio\u015filor!\u201d \u015ei pe bun\u0103 dreptate! Nu po\u0163i s\u0103 nu iei seama la cele ce se petrec cu tine; dar po\u0163i \u00eentotdeauna s\u0103-\u0163i p\u0103strezi lini\u015ftea cugetului.<\/p>\n<p>Mai \u00eenainte de toate, vezi ce vrea de la tine Dumnezeu \u015fi pleac\u0103-te cu smerenie sub m\u00e2na Lui cea tare. Nu te tulbura, nu te \u00eengrijora. Apoi, \u0163ine treaz\u0103 credin\u0163a c\u0103 Domnul este cu tine \u015fi cazi la picioarele Lui \u00een rug\u0103ciune! S\u0103 nu \u0163ipi, \u00eens\u0103: \u201ePier!\u201d, ci strig\u0103, \u00eencredin\u0163\u00e2ndu-te voii Lui: \u201eDoamne! Dac\u0103 vrei, Tu po\u0163i orice. Totu\u015fi, fac\u0103-se voia Ta, nu voia mea\u201d.<\/p>\n<p>S\u0103 fii \u00eencredin\u0163at c\u0103 astfel vei trece de furtuna ce se ridic\u0103.<\/p>\n","protected":false},"excerpt":{"rendered":"<p>Intr\u00e2nd El \u00een corabie, ucenicii Lui L-au urmat. \u015ei, iat\u0103, furtun\u0103 mare s-a ridicat pe mare, \u00eenc\u00e2t corabia se acoperea de valuri;&hellip;<\/p>\n","protected":false},"author":3,"featured_media":27525,"comment_status":"open","ping_status":"closed","sticky":false,"template":"","format":"standard","meta":{"_lmt_disableupdate":"","_lmt_disable":"","slim_seo":{"title":"Evanghelia zilei despre atitudinea cre\u0219tin\u0103 fa\u021b\u0103 de furtunele vie\u021bii - traditia.md","description":"Intr\u00e2nd El \u00een corabie, ucenicii Lui L-au urmat. \u015ei, iat\u0103, furtun\u0103 mare s-a ridicat pe mare, \u00eenc\u00e2t corabia se acoperea de valuri; iar El dormea. \u015ei venind ucenic"},"footnotes":""},"categories":[40,38],"tags":[],"class_list":["post-27527","post","type-post","status-publish","format-standard","has-post-thumbnail","hentry","category-apararea-credintei","category-stiri"],"_links":{"self":[{"href":"https:\/\/traditia.md\/ro\/wp-json\/wp\/v2\/posts\/27527","targetHints":{"allow":["GET"]}}],"collection":[{"href":"https:\/\/traditia.md\/ro\/wp-json\/wp\/v2\/posts"}],"about":[{"href":"https:\/\/traditia.md\/ro\/wp-json\/wp\/v2\/types\/post"}],"author":[{"embeddable":true,"href":"https:\/\/traditia.md\/ro\/wp-json\/wp\/v2\/users\/3"}],"replies":[{"embeddable":true,"href":"https:\/\/traditia.md\/ro\/wp-json\/wp\/v2\/comments?post=27527"}],"version-history":[{"count":0,"href":"https:\/\/traditia.md\/ro\/wp-json\/wp\/v2\/posts\/27527\/revisions"}],"wp:featuredmedia":[{"embeddable":true,"href":"https:\/\/traditia.md\/ro\/wp-json\/wp\/v2\/media\/27525"}],"wp:attachment":[{"href":"https:\/\/traditia.md\/ro\/wp-json\/wp\/v2\/media?parent=27527"}],"wp:term":[{"taxonomy":"category","embeddable":true,"href":"https:\/\/traditia.md\/ro\/wp-json\/wp\/v2\/categories?post=27527"},{"taxonomy":"post_tag","embeddable":true,"href":"https:\/\/traditia.md\/ro\/wp-json\/wp\/v2\/tags?post=27527"}],"curies":[{"name":"wp","href":"https:\/\/api.w.org\/{rel}","templated":true}]}}