{"id":27214,"date":"2024-06-20T09:22:58","date_gmt":"2024-06-20T07:22:58","guid":{"rendered":"https:\/\/traditia.md\/?p=27214"},"modified":"2024-06-20T09:23:54","modified_gmt":"2024-06-20T07:23:54","slug":"corul-de-copii-al-catedralei-nasterea-domnului-din-chisinau-in-vizita-la-intaistatatorul","status":"publish","type":"post","link":"https:\/\/traditia.md\/ro\/corul-de-copii-al-catedralei-nasterea-domnului-din-chisinau-in-vizita-la-intaistatatorul\/","title":{"rendered":"Corul de copii al Catedralei \u201eNa\u015fterea Domnului\u201d din Chi\u0219in\u0103u \u00een vizit\u0103 la \u00cent\u00e2ist\u0103t\u0103torul"},"content":{"rendered":"<p><strong><em>La 19 iunie 2024, \u00cenaltpreasfin\u0163itul mitropolit Vladimir a primit la re\u015fedin\u0163a mitropolitan\u0103 colectivul corului de copii al Catedralei mitropolitane \u201eNa\u015fterea Domnului\u201d din municipiul Chi\u015fin\u0103u.<\/em><\/strong><\/p>\n<p>Dup\u0103 interpretarea mai multor c\u00e2nt\u0103ri biserice\u015fti, doamna preoteas\u0103 Feodora Burlac, conduc\u0103toarea corului, a cerut binecuv\u00e2ntarea mitropolitului pentru participarea corului de copii la Festivalul Interna\u021bional de Muzic\u0103 Coral\u0103 din Grecia, care anul acesta va avea loc la finalul lunii iunie \u00een ora\u0219ul Egumeni\u021ba.<\/p>\n<p>\u00cent\u00e2ist\u0103t\u0103torul Bisericii Ortodoxe din Moldova a binecuv\u00e2ntat copiii \u0219i i-a \u00eencurajat pe membrii acestuia s\u0103 persevereze \u00een munca lor de m\u0103rturisirie a Ortodoxiei prin c\u00e2ntare bisericeasc\u0103.<\/p>\n<p>Adres\u00e2ndu-se doamnei preotese Feodora Burlac, mitropolitul Vladimir i-a mul\u0163umit pentru dedica\u0163ia sa \u00een domeniul artei corale, exprim\u00e2ndu-\u0219i speran\u0163a c\u0103 \u015fi \u00een viitor membrii colectivului pe care \u00eel conduce vor da dovad\u0103 de profesionalism \u015fi de \u00eenalt\u0103 cultur\u0103 a muzicii eclesiale.<\/p>\n<p>La r\u00e2ndul s\u0103u, doamana preoteas\u0103 Burlac i-a mul\u0163umit \u00cenaltpreasfin\u021biei Sale pentru sprijinul acordat \u015fi grija permanent\u0103 pe care o poart\u0103 arhiereul pentru t\u00e2n\u0103ra genera\u0163ie a c\u00e2nt\u0103re\u0163ilor biserice\u015fti.<\/p>\n<p>La final, copiii au primit din partea arhip\u0103storului c\u0103r\u0163ulii de rug\u0103ciuni \u015fi calendare biserice\u0219ti.<\/p>\n<p style=\"text-align: right;\"><em>Sursa: <a href=\"https:\/\/mitropolia.md\/corul-de-copii-al-catedralei-nasterea-domnului-din-chisinau-in-vizita-la-resedinta-mitropolitana\/\"><strong>Mitropolia Chi\u0219in\u0103ului \u0219i a \u00eentregii Moldove<\/strong><\/a><\/em><\/p>\n","protected":false},"excerpt":{"rendered":"<p>La 19 iunie 2024, \u00cenaltpreasfin\u0163itul mitropolit Vladimir a primit la re\u015fedin\u0163a mitropolitan\u0103 colectivul corului de copii al Catedralei mitropolitane \u201eNa\u015fterea Domnului\u201d din&hellip;<\/p>\n","protected":false},"author":3,"featured_media":27212,"comment_status":"open","ping_status":"closed","sticky":false,"template":"","format":"standard","meta":{"_lmt_disableupdate":"","_lmt_disable":"","slim_seo":{"title":"Corul de copii al Catedralei \u201eNa\u015fterea Domnului\u201d din Chi\u0219in\u0103u \u00een vizit\u0103 la \u00cent\u00e2ist\u0103t\u0103torul - traditia.md","description":"La 19 iunie 2024, \u00cenaltpreasfin\u0163itul mitropolit Vladimir a primit la re\u015fedin\u0163a mitropolitan\u0103 colectivul corului de copii al Catedralei mitropolitane \u201eNa\u015fterea D"},"footnotes":""},"categories":[39,38],"tags":[],"class_list":["post-27214","post","type-post","status-publish","format-standard","has-post-thumbnail","hentry","category-biserica-si-societatea","category-stiri"],"_links":{"self":[{"href":"https:\/\/traditia.md\/ro\/wp-json\/wp\/v2\/posts\/27214","targetHints":{"allow":["GET"]}}],"collection":[{"href":"https:\/\/traditia.md\/ro\/wp-json\/wp\/v2\/posts"}],"about":[{"href":"https:\/\/traditia.md\/ro\/wp-json\/wp\/v2\/types\/post"}],"author":[{"embeddable":true,"href":"https:\/\/traditia.md\/ro\/wp-json\/wp\/v2\/users\/3"}],"replies":[{"embeddable":true,"href":"https:\/\/traditia.md\/ro\/wp-json\/wp\/v2\/comments?post=27214"}],"version-history":[{"count":0,"href":"https:\/\/traditia.md\/ro\/wp-json\/wp\/v2\/posts\/27214\/revisions"}],"wp:featuredmedia":[{"embeddable":true,"href":"https:\/\/traditia.md\/ro\/wp-json\/wp\/v2\/media\/27212"}],"wp:attachment":[{"href":"https:\/\/traditia.md\/ro\/wp-json\/wp\/v2\/media?parent=27214"}],"wp:term":[{"taxonomy":"category","embeddable":true,"href":"https:\/\/traditia.md\/ro\/wp-json\/wp\/v2\/categories?post=27214"},{"taxonomy":"post_tag","embeddable":true,"href":"https:\/\/traditia.md\/ro\/wp-json\/wp\/v2\/tags?post=27214"}],"curies":[{"name":"wp","href":"https:\/\/api.w.org\/{rel}","templated":true}]}}