{"id":26420,"date":"2024-05-17T09:38:25","date_gmt":"2024-05-17T07:38:25","guid":{"rendered":"https:\/\/traditia.md\/?p=26420"},"modified":"2024-05-17T09:41:45","modified_gmt":"2024-05-17T07:41:45","slug":"la-kiev-a-fost-demolata-capela-manastirii-desyatinnaya-a-bisericii-ortodoxe-din-ucraina","status":"publish","type":"post","link":"https:\/\/traditia.md\/ro\/la-kiev-a-fost-demolata-capela-manastirii-desyatinnaya-a-bisericii-ortodoxe-din-ucraina\/","title":{"rendered":"La Kiev a fost demolat\u0103 capela M\u0103n\u0103stirii Desyatinnaya a Bisericii Ortodoxe din Ucraina"},"content":{"rendered":"<p><strong><em>Capela cu hramul \u00een cinstea Sfin\u021bilor cneji Vladimir \u0219i Olga a M\u0103n\u0103stirii Desyatinnaya a Bisericii Ortodoxe din Ucraina a fost demolat\u0103 la Kiev. Joi, \u00een jurul miezului nop\u021bii, canalul de Telegram al m\u0103n\u0103stirii a relatat c\u0103 sf\u00e2ntul l\u0103ca\u0219 a fost izolat de c\u0103tre poli\u021bi\u0219ti \u0219i militari. S-a remarcat c\u0103 pe loc lucra tehnica de construc\u021bii.<\/em><\/strong><\/p>\n<p>\u201eL\u0103ca\u0219ul care a fost sfin\u021bit de Preafericitul mitropolit Vladimir \u0219i Preafericitul mitropolit Onufrii nu mai exist\u0103\u201d, se men\u021bioneaz\u0103 \u00een comunicat<\/p>\n<p>Surse de la m\u0103n\u0103stire au precizat c\u0103 icoana f\u0103c\u0103toare de minuni a Maicii Domnului \u201eVladimiskaya-Desyatinnaya\u201d nu a avut de suferit.<\/p>\n<p>\u201e\u00cen sf\u00e2ntul l\u0103ca\u0219 se afla o copie a acestei icoane. Mai erau o mul\u021bime de icoane din bronz \u00eencorporate \u00een pere\u021bi, picturi murale \u2013 nu \u0219tim ce s-a \u00eent\u00e2mplat cu ele, dar judec\u00e2nd dup\u0103 imaginile din video \u2013 toate au fost duse cu camioanele\u201d, se spune \u00een comunicat.<\/p>\n<p><iframe title=\"\u0412 \u041a\u0438\u0435\u0432\u0435 \u0441\u043d\u0435\u0441\u043b\u0438 \u0447\u0430\u0441\u043e\u0432\u043d\u044e \u0414\u0435\u0441\u044f\u0442\u0438\u043d\u043d\u043e\u0433\u043e \u043c\u043e\u043d\u0430\u0441\u0442\u044b\u0440\u044f\" width=\"1170\" height=\"658\" src=\"https:\/\/www.youtube.com\/embed\/ztSqhHSMIv0?feature=oembed\" frameborder=\"0\" allow=\"accelerometer; autoplay; clipboard-write; encrypted-media; gyroscope; picture-in-picture; web-share\" referrerpolicy=\"strict-origin-when-cross-origin\" allowfullscreen><\/iframe><\/p>\n<p>\u00cen luna decembrie a anului trecut Sinodul Bisericii Ortodoxe din Ucraina a aprobat textul slujbei \u00een cinstea icoanei \u201eVladimiskaya-Desyatinnaya\u201d.<\/p>\n<p>Acum acest loc arat\u0103 a\u0219a:<\/p>\n<p><img fetchpriority=\"high\" decoding=\"async\" class=\"alignnone size-full wp-image-26416\" src=\"https:\/\/traditia.md\/wp-content\/uploads\/2024\/05\/1a45.jpg\" alt=\"1\u043045\" width=\"750\" height=\"424\" srcset=\"https:\/\/traditia.md\/wp-content\/uploads\/2024\/05\/1a45.jpg 750w, https:\/\/traditia.md\/wp-content\/uploads\/2024\/05\/1a45-300x170.jpg 300w, https:\/\/traditia.md\/wp-content\/uploads\/2024\/05\/1a45-585x331.jpg 585w\" sizes=\"(max-width: 750px) 100vw, 750px\" \/><\/p>\n<p>La 14 septembrie 2023, o instan\u021b\u0103 din Ucraina a dispus demolarea capelei \u201eSfin\u021bii cneji Vladimir \u0219i Olga\u201d a M\u0103n\u0103stirii Desyatinnaya din Kiev, eliber\u00e2nd de sf\u00e2ntul l\u0103ca\u0219 terenul ce apar\u021bine Muzeului Na\u021bional de Istorie al Ucrainei. Pre\u0219edintele departamentului sinodal de informare \u0219i luminare al Bisericii Ortodoxe din Ucraina, mitropolitul de Nejin \u0219i Priluki Climent (Vecerea), a calificat aceast\u0103 decizie drept \u201eo provocare deschis\u0103 la adresa cre\u0219tinilor ortodoc\u0219i ucraineni\u201d. Ulterior, demolarea, care a fost anun\u021bat\u0103 pentru 7 mai, a fost \u201edin motive tehnice\u201d am\u00e2nat\u0103 pe un termen nelimitat.<\/p>\n<p>Biserica Desyatinnaya, av\u00e2nd \u0219i hramul \u00een cinstea Adormirii Preasfintei N\u0103sc\u0103toare de Dumnezeu, a fost primul l\u0103ca\u0219 ortodox de piatr\u0103 din Rusia ridicat de marele cneaz Vladimir Sveatoslavovici \u00een anii 989-996. \u00cen secolul al XIII-lea sf\u00e2ntul l\u0103ca\u0219 a fost distrus de hoardele hanului Batyi, p\u0103str\u00e2ndu-se doar fundamentul. Pe locul lui s-a aflat capela \u201eSfin\u021bii cneji Vladimir \u0219i Olga\u201d a M\u0103n\u0103stirii de c\u0103lug\u0103ri Desyatinnaya<\/p>\n<p><em>\u00cen fotografie la publicare: Fosta biseric\u0103 \u201eSfin\u021bii cneji Vladimir \u0219i Olga\u201d a M\u0103n\u0103stirii Desyatinnaya din Kiev.<\/em><\/p>\n<p style=\"text-align: right;\"><em>Sursa<\/em><em>: <\/em><a href=\"https:\/\/ria.ru\/20240517\/chasovnya-1946561154.html\"><strong><em>\u0420\u0418\u0410<\/em><\/strong> <strong><em>\u041d\u043e\u0432\u043e\u0441\u0442\u0438<\/em><\/strong><\/a><\/p>\n","protected":false},"excerpt":{"rendered":"<p>Capela cu hramul \u00een cinstea Sfin\u021bilor cneji Vladimir \u0219i Olga a M\u0103n\u0103stirii Desyatinnaya a Bisericii Ortodoxe din Ucraina a fost demolat\u0103 la&hellip;<\/p>\n","protected":false},"author":3,"featured_media":26418,"comment_status":"open","ping_status":"closed","sticky":false,"template":"","format":"standard","meta":{"_lmt_disableupdate":"","_lmt_disable":"","slim_seo":{"title":"La Kiev a fost demolat\u0103 capela M\u0103n\u0103stirii Desyatinnaya a Bisericii Ortodoxe din Ucraina - traditia.md","description":"Capela cu hramul \u00een cinstea Sfin\u021bilor cneji Vladimir \u0219i Olga a M\u0103n\u0103stirii Desyatinnaya a Bisericii Ortodoxe din Ucraina a fost demolat\u0103 la Kiev. Joi, \u00een jurul m"},"footnotes":""},"categories":[39,38],"tags":[],"class_list":["post-26420","post","type-post","status-publish","format-standard","has-post-thumbnail","hentry","category-biserica-si-societatea","category-stiri"],"_links":{"self":[{"href":"https:\/\/traditia.md\/ro\/wp-json\/wp\/v2\/posts\/26420","targetHints":{"allow":["GET"]}}],"collection":[{"href":"https:\/\/traditia.md\/ro\/wp-json\/wp\/v2\/posts"}],"about":[{"href":"https:\/\/traditia.md\/ro\/wp-json\/wp\/v2\/types\/post"}],"author":[{"embeddable":true,"href":"https:\/\/traditia.md\/ro\/wp-json\/wp\/v2\/users\/3"}],"replies":[{"embeddable":true,"href":"https:\/\/traditia.md\/ro\/wp-json\/wp\/v2\/comments?post=26420"}],"version-history":[{"count":0,"href":"https:\/\/traditia.md\/ro\/wp-json\/wp\/v2\/posts\/26420\/revisions"}],"wp:featuredmedia":[{"embeddable":true,"href":"https:\/\/traditia.md\/ro\/wp-json\/wp\/v2\/media\/26418"}],"wp:attachment":[{"href":"https:\/\/traditia.md\/ro\/wp-json\/wp\/v2\/media?parent=26420"}],"wp:term":[{"taxonomy":"category","embeddable":true,"href":"https:\/\/traditia.md\/ro\/wp-json\/wp\/v2\/categories?post=26420"},{"taxonomy":"post_tag","embeddable":true,"href":"https:\/\/traditia.md\/ro\/wp-json\/wp\/v2\/tags?post=26420"}],"curies":[{"name":"wp","href":"https:\/\/api.w.org\/{rel}","templated":true}]}}