{"id":26087,"date":"2024-05-04T09:39:56","date_gmt":"2024-05-04T07:39:56","guid":{"rendered":"https:\/\/traditia.md\/?p=26087"},"modified":"2024-05-04T09:39:56","modified_gmt":"2024-05-04T07:39:56","slug":"pastorala-la-invierea-domnului-a-inaltpreasfintitului-vladimir-mitropolitul-chisinaului-si-al-intregii-moldove","status":"publish","type":"post","link":"https:\/\/traditia.md\/ro\/pastorala-la-invierea-domnului-a-inaltpreasfintitului-vladimir-mitropolitul-chisinaului-si-al-intregii-moldove\/","title":{"rendered":"Pastoral\u0103 la \u00cenvierea Domnului, a \u00cenaltpreasfin\u021bitului Vladimir, Mitropolitul Chi\u0219in\u0103ului \u0219i al \u00eentregii Moldove"},"content":{"rendered":"<p style=\"text-align: right;\"><em>\u201eCerurile dup\u0103 cuviin\u021b\u0103 s\u0103 se veseleasc\u0103<br \/>\n\u015fi p\u0103m\u00e2ntul s\u0103 se bucure. \u015ei s\u0103 pr\u0103znuiasc\u0103<br \/>\ntoat\u0103 lumea cea v\u0103zut\u0103 \u015fi cea nev\u0103zut\u0103;<br \/>\nc\u0103 a \u00eenviat Hristos, Bucuria cea ve\u0219nic\u0103.\u201d<\/em><br \/>\n(Din Canonul \u00cenvierii)<\/p>\n<p style=\"text-align: center;\"><strong>Preasfin\u021bi\u021bi arhip\u0103stori,<br \/>\nPreacuvio\u015fi \u015fi Preacucernici p\u0103rin\u021bi,<br \/>\nCuvio\u0219i monahi \u015fi monahii,<br \/>\nIubi\u021bi \u00eentru Domnul fra\u021bi \u015fi surori,<\/strong><\/p>\n<p style=\"text-align: center;\"><span style=\"color: #ff0000; font-size: 14pt;\"><strong>Hristos a \u00cenviat!<\/strong><\/span><\/p>\n<p>Aceast\u0103 aleas\u0103 \u015fi sf\u00e2nt\u0103 zi, praznic al praznicelor, une\u0219te ast\u0103zi cerul cu p\u0103m\u00e2ntul, oferindu-ne tuturor prilej de bucurie \u015fi veselie duhovniceasc\u0103 <em>\u201ec\u0103ci, iat\u0103, ne-a venit s\u0103rb\u0103toarea cea dorit\u0103 \u015fi m\u00e2ntuitoare, ziua \u00cenvierii Domnului nostru Iisus Hristos, temeiul p\u0103cii, pricina \u00eemp\u0103c\u0103rii, \u00eencetarea r\u0103zboaielor \u015fi c\u0103lcarea mor\u021bii\u201d<\/em> (Sf. Ioan Gur\u0103 de Aur).<\/p>\n<p>Potrivit este s\u0103 ne amintim cuvintele Sf. Ap. Pavel: <em>\u201eUnde \u00ee\u021bi este, moarte, biruin\u021ba ta? Unde \u00ee\u021bi este, moarte, boldul t\u0103u?\u201d<\/em> (1 Corinteni 15, 55). Ast\u0103zi Domnul Vie\u021bii a risipit moartea \u015fi a luminat \u00eentunericul, \u00eencuraj\u00e2nd \u015fi \u00eemb\u0103rb\u0103t\u00e2nd pe cei care au devenit fii \u015fi fiice ale \u00cenvierii, eliber\u00e2ndu-i de fric\u0103 \u015fi de \u00eentristare.<\/p>\n<p>\u00cen diminea\u021ba \u00cenvierii, Femeile Mironosi\u021be au primit acest curaj, iar mai apoi, merg\u00e2nd pe cale, \u015fi marea bucurie, transmis\u0103 de \u00censu\u0219i Cel \u00eenviat din mor\u021bi.<\/p>\n<p>Hristos-M\u00e2ntuitorul ne cheam\u0103 s\u0103 devenim <em>\u201ef\u0103ptur\u0103 nou\u0103\u201d<\/em> (2 Corinteni 5, 17), \u00eendemn\u00e2ndu-ne s\u0103 ne \u00eemp\u0103rt\u0103\u0219im din darurile \u00cenvierii Sale.<\/p>\n<p>De aceea, fra\u021bilor, \u00een miez de noapte pascal\u0103, fiind plini de curaj \u015fi \u00eemb\u0103rb\u0103ta\u021bi duhovnice\u0219te, s\u0103 ne adun\u0103m \u00een preajma Sf\u00e2ntului Altar, simbol al Morm\u00e2ntului Celui r\u0103stignit \u015fi \u00eenviat, pentru <em>\u201ea bea b\u0103utur\u0103 nou\u0103, nu din piatr\u0103 seac\u0103, f\u0103cut\u0103 cu minuni, ci din izvorul nestric\u0103ciunii\u201d<\/em> (din Canonul \u00cenvierii).<\/p>\n<p>Particip\u00e2nd la Sf\u00e2nta Liturghie euharistic\u0103, descoperim continuu sensul fundamental al Crucii \u015fi al \u00cenvierii, deoarece <em>\u201eprin Cruce a venit bucurie la toat\u0103 lumea\u201d<\/em>, iar aceast\u0103 stare de bucurie poate fi perpetuat\u0103 \u00een fiin\u021ba noastr\u0103, dac\u0103 suntem nelipsi\u021bi de la Cina Domnului. Aici ne umplem de pace \u015fi lumin\u0103, de dragoste \u015fi \u00eemp\u0103care, pentru c\u0103 Hristos Care a adus pacea \u00een mijlocul ucenicilor S\u0103i, umple \u015fi inimile noastre cu har \u015fi cu sfin\u021benie.<\/p>\n<p>A \u00eenviat Hristos \u015fi toate s-au umplut de lumin\u0103. A \u00eenviat Domnul \u015fi \u00eengerii cu oamenii s\u0103 veselesc \u00een Biserica lui Dumnezeu.<\/p>\n<p>Ca fii ai \u00cenvierii, suntem fiii Bisericii, care este <em>\u201etrupul lui Hristos\u201d<\/em> (Efeseni 1, 23). Noi, cei care m\u0103rturisim \u00cenvierea din mor\u021bi a Domnului, facem parte din acest trup (1 Corinteni 12, 27) al c\u0103rui <em>\u201ecap, adic\u0103 al Bisericii, este Hristos\u201d<\/em> (Coloseni 1, 18).<\/p>\n<p>\u00cen Biserica <em>\u201ecea sf\u00e2nt\u0103 \u015fi f\u0103r\u0103 prihan\u0103 \u2026 f\u0103r\u0103 pat\u0103 sau intin\u0103ciune\u201d<\/em> (Efeseni 5, 27) s\u0103l\u0103\u0219luie\u0219te Iisus Cel \u00eenviat, lucr\u00e2nd m\u00e2ntuirea noastr\u0103. Doar aici, \u00een Biserica <em>\u201eMielului Celui \u00eenjunghiat\u201d<\/em> (Apocalipsa 5, 12), \u00een cadrul Dumnezeie\u0219tii Liturghii, Hristos \u00ee\u0219i \u00eempline\u0219te dorul de <em>\u201ea m\u00e2nca Pa\u0219tele \u00eempreun\u0103 cu noi\u201d<\/em> (Luca 22, 15).<\/p>\n<p><strong><em>Drept-sl\u0103vitori cre\u0219tini,<\/em><\/strong><\/p>\n<p>\u00cen aceste zile ale \u00cenvierii M\u00e2ntuitorului, inimile \u015fi sufletele noastre s\u0103 r\u0103m\u00e2n\u0103 cople\u0219ite de \u00eendemnul Mirelui Ceresc: <em>\u201er\u0103m\u00e2ne\u021bi \u00een dragostea Mea\u201d<\/em> (Ioan 15, 9), iar \u00eendemnul nostru p\u0103rintesc pentru to\u021bi fiii \u015fi fiicele Sfintei Biserici Ortodoxe din Moldova, cei de acas\u0103 \u015fi cei pleca\u021bi departe de \u021bar\u0103, este urm\u0103torul<em>: \u201eBucura\u021bi-v\u0103 pururea \u00een Domnul, fra\u021bii mei, \u015fi iar\u0103\u0219i zic: Bucura\u021bi-v\u0103!\u201d<\/em> (Filipeni 4, 4).<\/p>\n<p>S\u0103rb\u0103tori pascale binecuv\u00e2ntate, petrecute cu familia \u015fi cu semenii, \u00een pace \u015fi iertare, \u00een lini\u0219te \u015fi iubire sf\u00e2nt\u0103!<\/p>\n<p>Adev\u0103rat a \u00eenviat Hristos!<\/p>\n<p>Cu arhiere\u0219ti binecuv\u00e2nt\u0103ri,<\/p>\n<p style=\"text-align: right;\"><strong><em>\u2020\u00a0 VLADIMIR, MITROPOLITUL CHI\u0218IN\u0102ULUI \u0218I AL \u00ceNTREGII MOLDOVE<\/em><\/strong><\/p>\n<p style=\"text-align: left;\"><em>\u00cenvierea Domnului,<br \/>\n<\/em><em>Anul m\u00e2ntuirii 2024,<br \/>\n<\/em><em>or. <\/em><em>Chi\u0219in\u0103u<\/em><\/p>\n","protected":false},"excerpt":{"rendered":"<p>\u201eCerurile dup\u0103 cuviin\u021b\u0103 s\u0103 se veseleasc\u0103 \u015fi p\u0103m\u00e2ntul s\u0103 se bucure. \u015ei s\u0103 pr\u0103znuiasc\u0103 toat\u0103 lumea cea v\u0103zut\u0103 \u015fi cea nev\u0103zut\u0103; c\u0103&hellip;<\/p>\n","protected":false},"author":3,"featured_media":26088,"comment_status":"open","ping_status":"closed","sticky":false,"template":"","format":"standard","meta":{"_lmt_disableupdate":"","_lmt_disable":"","slim_seo":{"title":"Pastoral\u0103 la \u00cenvierea Domnului, a \u00cenaltpreasfin\u021bitului Vladimir, Mitropolitul Chi\u0219in\u0103ului \u0219i al \u00eentregii Moldove - traditia.md","description":"\u201eCerurile dup\u0103 cuviin\u021b\u0103 s\u0103 se veseleasc\u0103 \u015fi p\u0103m\u00e2ntul s\u0103 se bucure. \u015ei s\u0103 pr\u0103znuiasc\u0103 toat\u0103 lumea cea v\u0103zut\u0103 \u015fi cea nev\u0103zut\u0103; c\u0103 a \u00eenviat Hristos, Bucuria cea ve"},"footnotes":""},"categories":[39,38],"tags":[],"class_list":["post-26087","post","type-post","status-publish","format-standard","has-post-thumbnail","hentry","category-biserica-si-societatea","category-stiri"],"_links":{"self":[{"href":"https:\/\/traditia.md\/ro\/wp-json\/wp\/v2\/posts\/26087","targetHints":{"allow":["GET"]}}],"collection":[{"href":"https:\/\/traditia.md\/ro\/wp-json\/wp\/v2\/posts"}],"about":[{"href":"https:\/\/traditia.md\/ro\/wp-json\/wp\/v2\/types\/post"}],"author":[{"embeddable":true,"href":"https:\/\/traditia.md\/ro\/wp-json\/wp\/v2\/users\/3"}],"replies":[{"embeddable":true,"href":"https:\/\/traditia.md\/ro\/wp-json\/wp\/v2\/comments?post=26087"}],"version-history":[{"count":0,"href":"https:\/\/traditia.md\/ro\/wp-json\/wp\/v2\/posts\/26087\/revisions"}],"wp:featuredmedia":[{"embeddable":true,"href":"https:\/\/traditia.md\/ro\/wp-json\/wp\/v2\/media\/26088"}],"wp:attachment":[{"href":"https:\/\/traditia.md\/ro\/wp-json\/wp\/v2\/media?parent=26087"}],"wp:term":[{"taxonomy":"category","embeddable":true,"href":"https:\/\/traditia.md\/ro\/wp-json\/wp\/v2\/categories?post=26087"},{"taxonomy":"post_tag","embeddable":true,"href":"https:\/\/traditia.md\/ro\/wp-json\/wp\/v2\/tags?post=26087"}],"curies":[{"name":"wp","href":"https:\/\/api.w.org\/{rel}","templated":true}]}}