{"id":25971,"date":"2024-05-01T07:43:44","date_gmt":"2024-05-01T05:43:44","guid":{"rendered":"https:\/\/traditia.md\/?p=25971"},"modified":"2024-05-01T07:44:33","modified_gmt":"2024-05-01T05:44:33","slug":"mitropolitul-vladimir-a-sfintit-prinoasele-pascale-la-combinatul-de-panificatie-franzeluta","status":"publish","type":"post","link":"https:\/\/traditia.md\/ro\/mitropolitul-vladimir-a-sfintit-prinoasele-pascale-la-combinatul-de-panificatie-franzeluta\/","title":{"rendered":"Mitropolitul Vladimir a sfin\u021bit prinoasele pascale la Combinatul de Panifica\u0163ie \u201eFranzelu\u0163a\u201d"},"content":{"rendered":"<p><strong><em>\u00cen S\u0103pt\u0103m\u00e2na Patimilor, conform tradi\u021biei, \u00een preajma praznicului \u00cenvierii Domnului, mar\u021bi, la 30 aprilie, \u00cent\u00e2ist\u0103t\u0103torul Bisericii Ortodoxe din Moldova \u00cenaltpreasfin\u021bitul mitropolit Vladimir a binecuv\u00e2ntat prinoasele pascale la Combinatul de Panifica\u0163ie \u201cFranzelu\u0163a\u201d din municipiul Chi\u015fin\u0103u.<\/em><\/strong><\/p>\n<p>Evenimentul a avut loc \u00een prezen\u0163a conducerii de v\u00e2rf a \u00eentreprinderii \u015fi a numero\u015filor angaja\u021bi.<\/p>\n<p>Dup\u0103 s\u0103v\u00e2r\u0219irea slujbei de sfin\u021bire, \u00een luarea sa de cuv\u00e2nt, mitropolitul Vladimir le-a amintit celor prezen\u021bi despre felul \u00een care gospodinele preg\u0103teau pe vremuri cozonacii pentru s\u0103rb\u0103toare, iar \u00een ziua \u00cenvierii veneau la Biseric\u0103 cu pasca. \u201eContinu\u00e2nd tradi\u021bia multianual\u0103, am s\u0103v\u00e2r\u0219it ast\u0103zi rug\u0103ciunea comun\u0103 \u0219i sfin\u021birea produselor tradi\u0163ionale pentru masa de Pa\u015fti \u0219i ne rug\u0103m ca Bunul Dumnezeu s\u0103 \u00eenmul\u021beasc\u0103 \u00een inimile noastre credin\u021ba, dragostea \u0219i pacea. Dumnezeu s\u0103 v\u0103 binecuv\u00e2nteze cu binecuv\u00e2nt\u0103rile sale cere\u0219ti pentru m\u0103rea\u021ba s\u0103rb\u0103toare a \u00cenvierii\u201d.<\/p>\n<p>Totodat\u0103, \u00cenaltpreasfin\u021bia Sa a urat tuturor angaja\u0163ilor ca \u015fi \u00een continuare s\u0103 bucure concet\u0103\u0163enii no\u015ftri cu produse de cea mai \u00eenalt\u0103 calitate, iar de Pa\u015fti s\u0103 aduc\u0103 pe mesele credincio\u015filor pasca \u015fi cozonacul nelipsi\u021bi.<\/p>\n<p style=\"text-align: right;\"><em>Sursa: <a href=\"https:\/\/mitropolia.md\/ips-mitropolit-vladimir-a-savarsit-slujba-de-sfintire-a-prinoaselor-pascale-la-combinatul-de-panificatie-franzeluta-2\/\"><strong>Mitropolia Chi\u0219in\u0103ului \u0219i a \u00eentregii Moldove<\/strong><\/a><\/em><\/p>\n","protected":false},"excerpt":{"rendered":"<p>\u00cen S\u0103pt\u0103m\u00e2na Patimilor, conform tradi\u021biei, \u00een preajma praznicului \u00cenvierii Domnului, mar\u021bi, la 30 aprilie, \u00cent\u00e2ist\u0103t\u0103torul Bisericii Ortodoxe din Moldova \u00cenaltpreasfin\u021bitul mitropolit Vladimir&hellip;<\/p>\n","protected":false},"author":3,"featured_media":25969,"comment_status":"open","ping_status":"closed","sticky":false,"template":"","format":"standard","meta":{"_lmt_disableupdate":"","_lmt_disable":"","slim_seo":{"title":"Mitropolitul Vladimir a sfin\u021bit prinoasele pascale la Combinatul de Panifica\u0163ie \u201eFranzelu\u0163a\u201d - traditia.md","description":"\u00cen S\u0103pt\u0103m\u00e2na Patimilor, conform tradi\u021biei, \u00een preajma praznicului \u00cenvierii Domnului, mar\u021bi, la 30 aprilie, \u00cent\u00e2ist\u0103t\u0103torul Bisericii Ortodoxe din Moldova \u00cenaltp"},"footnotes":""},"categories":[39,38],"tags":[],"class_list":["post-25971","post","type-post","status-publish","format-standard","has-post-thumbnail","hentry","category-biserica-si-societatea","category-stiri"],"_links":{"self":[{"href":"https:\/\/traditia.md\/ro\/wp-json\/wp\/v2\/posts\/25971","targetHints":{"allow":["GET"]}}],"collection":[{"href":"https:\/\/traditia.md\/ro\/wp-json\/wp\/v2\/posts"}],"about":[{"href":"https:\/\/traditia.md\/ro\/wp-json\/wp\/v2\/types\/post"}],"author":[{"embeddable":true,"href":"https:\/\/traditia.md\/ro\/wp-json\/wp\/v2\/users\/3"}],"replies":[{"embeddable":true,"href":"https:\/\/traditia.md\/ro\/wp-json\/wp\/v2\/comments?post=25971"}],"version-history":[{"count":0,"href":"https:\/\/traditia.md\/ro\/wp-json\/wp\/v2\/posts\/25971\/revisions"}],"wp:featuredmedia":[{"embeddable":true,"href":"https:\/\/traditia.md\/ro\/wp-json\/wp\/v2\/media\/25969"}],"wp:attachment":[{"href":"https:\/\/traditia.md\/ro\/wp-json\/wp\/v2\/media?parent=25971"}],"wp:term":[{"taxonomy":"category","embeddable":true,"href":"https:\/\/traditia.md\/ro\/wp-json\/wp\/v2\/categories?post=25971"},{"taxonomy":"post_tag","embeddable":true,"href":"https:\/\/traditia.md\/ro\/wp-json\/wp\/v2\/tags?post=25971"}],"curies":[{"name":"wp","href":"https:\/\/api.w.org\/{rel}","templated":true}]}}